{"id":616214,"date":"2025-12-22T17:19:13","date_gmt":"2025-12-22T17:19:13","guid":{"rendered":"https:\/\/www.europesays.com\/fr\/616214\/"},"modified":"2025-12-22T17:19:13","modified_gmt":"2025-12-22T17:19:13","slug":"horaire-des-messes-haute-garonne-fenouillet-3","status":"publish","type":"post","link":"https:\/\/www.europesays.com\/fr\/616214\/","title":{"rendered":"Horaire des messes &#8211; Haute Garonne &#8211; Fenouillet"},"content":{"rendered":"<p>L\u2019ensemble paroissial de Brugui\u00e8res-Fenouillet vous communique les c\u00e9l\u00e9brations \u00e0 venir :&#13;<br \/>\n&#13;<br \/>\nJeudi 25 d\u00e9cembre : \u00c9glise Gratentour \u00e0 08h30 &#8211; Messe de No\u00ebl.&#13;<br \/>\n&#13;<br \/>\nJeudi 25 d\u00e9cembre : \u00c9glise Lespinasse \u00e0 10h00 &#8211; Messe de No\u00ebl.&#13;<br \/>\n&#13;<br \/>\nJeudi 25 d\u00e9cembre : \u00c9glise Saint-Sauveur \u00e0 11h00 &#8211; Messe de No\u00ebl.&#13;<br \/>\n&#13;<br \/>\nVendredi 26 d\u00e9cembre : Brugui\u00e8res \u00e0 16h00 &#8211; Messe \u00e0 l\u2019EHPAD Saint Vincent de Paul.&#13;<br \/>\n&#13;<br \/>\nSamedi 27 d\u00e9cembre : \u00c9glise Fenouillet \u00e0 18h00 &#8211; Messe.&#13;<br \/>\n&#13;<br \/>\nDimanche 28 d\u00e9cembre : \u00c9glise Saint-Jory \u00e0 09h00 &#8211; Messe.&#13;<br \/>\n&#13;<br \/>\nDimanche 28 d\u00e9cembre : \u00c9glise Brugui\u00e8res \u00e0 10h30 &#8211; Messe.&#13;<br \/>\n&#13;<br \/>\nJeudi 1er janvier : \u00c9glise Fenouillet \u00e0 10h30 &#8211; Messe.&#13;<br \/>\n&#13;<br \/>\nJeudi 1er janvier : \u00c9glise Brugui\u00e8res \u00e0 10h30 &#8211; Messe.<\/p>\n<p>                Cet article est r\u00e9serv\u00e9 aux abonn\u00e9s.<\/p>\n<p class=\"signature\" itemscope=\"\" itemprop=\"Author\" itemtype=\"http:\/\/schema.org\/Person\">\n                VLoz\n            <\/p>\n","protected":false},"excerpt":{"rendered":"L\u2019ensemble paroissial de Brugui\u00e8res-Fenouillet vous communique les c\u00e9l\u00e9brations \u00e0 venir :&#13; &#13; Jeudi 25 d\u00e9cembre : \u00c9glise Gratentour&hellip;\n","protected":false},"author":2,"featured_media":395922,"comment_status":"","ping_status":"","sticky":false,"template":"","format":"standard","meta":{"footnotes":""},"categories":[2816],"tags":[1111,11,1777,674,1011,27,12,2680,301,25,2312],"class_list":{"0":"post-616214","1":"post","2":"type-post","3":"status-publish","4":"format-standard","5":"has-post-thumbnail","7":"category-toulouse","8":"tag-actu","9":"tag-actualites","10":"tag-eu","11":"tag-europe","12":"tag-fr","13":"tag-france","14":"tag-news","15":"tag-occitanie","16":"tag-premium","17":"tag-republique-francaise","18":"tag-toulouse"},"share_on_mastodon":{"url":"https:\/\/pubeurope.com\/@fr\/115764367506470177","error":""},"_links":{"self":[{"href":"https:\/\/www.europesays.com\/fr\/wp-json\/wp\/v2\/posts\/616214","targetHints":{"allow":["GET"]}}],"collection":[{"href":"https:\/\/www.europesays.com\/fr\/wp-json\/wp\/v2\/posts"}],"about":[{"href":"https:\/\/www.europesays.com\/fr\/wp-json\/wp\/v2\/types\/post"}],"author":[{"embeddable":true,"href":"https:\/\/www.europesays.com\/fr\/wp-json\/wp\/v2\/users\/2"}],"replies":[{"embeddable":true,"href":"https:\/\/www.europesays.com\/fr\/wp-json\/wp\/v2\/comments?post=616214"}],"version-history":[{"count":0,"href":"https:\/\/www.europesays.com\/fr\/wp-json\/wp\/v2\/posts\/616214\/revisions"}],"wp:featuredmedia":[{"embeddable":true,"href":"https:\/\/www.europesays.com\/fr\/wp-json\/wp\/v2\/media\/395922"}],"wp:attachment":[{"href":"https:\/\/www.europesays.com\/fr\/wp-json\/wp\/v2\/media?parent=616214"}],"wp:term":[{"taxonomy":"category","embeddable":true,"href":"https:\/\/www.europesays.com\/fr\/wp-json\/wp\/v2\/categories?post=616214"},{"taxonomy":"post_tag","embeddable":true,"href":"https:\/\/www.europesays.com\/fr\/wp-json\/wp\/v2\/tags?post=616214"}],"curies":[{"name":"wp","href":"https:\/\/api.w.org\/{rel}","templated":true}]}}