{"id":616215,"date":"2025-12-22T17:20:15","date_gmt":"2025-12-22T17:20:15","guid":{"rendered":"https:\/\/www.europesays.com\/fr\/616215\/"},"modified":"2025-12-22T17:20:15","modified_gmt":"2025-12-22T17:20:15","slug":"quel-jour-a-ete-le-pic","status":"publish","type":"post","link":"https:\/\/www.europesays.com\/fr\/616215\/","title":{"rendered":"quel jour a \u00e9t\u00e9 le pic\u00a0?"},"content":{"rendered":"<p>                    Par<br \/>\n        <strong><br \/>\n            <a href=\"https:\/\/actu.fr\/auteur\/lea-afonso\" title=\"Consulter tous les articles de L\u00e9a Afonso\" target=\"_blank\" rel=\"noopener\">L\u00e9a Afonso<\/a><br \/>\n                    <\/strong><\/p>\n<p>        Publi\u00e9 le<\/p>\n<p>            22 d\u00e9c. 2025 \u00e0 18h04        <\/p>\n<p>\u00c0 <a href=\"https:\/\/actu.fr\/toulouse\/\" target=\"_blank\" rel=\"noopener\">Toulouse<\/a>, le<a href=\"https:\/\/actu.fr\/tag\/tisseo\" target=\"_blank\" rel=\"noopener\"> r\u00e9seau de transport en commun<\/a> est un incontournable du quotidien. Des heures de pointe matinales jusqu\u2019\u00e0 la fermeture du service, des milliers de voyageurs empruntent chaque jour les bus, tramways et surtout le <a href=\"https:\/\/actu.fr\/tag\/metro-de-toulouse\" target=\"_blank\" rel=\"noopener\">m\u00e9tro<\/a>. Et pour cause\u2009: ce dernier vient de battre un <strong>nouveau record de fr\u00e9quentation en 2024. <\/strong>Lors du comit\u00e9 syndical de Tiss\u00e9o, r\u00e9uni en d\u00e9cembre\u00a02025, le rapport annuel a d\u00e9voil\u00e9 les chiffres de l\u2019ann\u00e9e pr\u00e9c\u00e9dente. Verdict\u2009: le m\u00e9tro toulousain n\u2019a jamais \u00e9t\u00e9 aussi fr\u00e9quent\u00e9.<\/p>\n<p>Un nouveau record historique<\/p>\n<p class=\" wall-content\">En 2024, le m\u00e9tro toulousain a enregistr\u00e9 <strong>118,3\u00a0millions de validations<\/strong>, toutes lignes confondues. Un chiffre en <strong>hausse de 4,8\u2009% par rapport \u00e0 2023, soit 5,4\u00a0millions de validations<\/strong> <strong>suppl\u00e9mentaires<\/strong> en un an.<\/p>\n<p class=\" wall-content\">Cette fr\u00e9quentation marque un<strong> retour au niveau d\u2019avant la crise sanitaire<\/strong>. Pour rappel, en 2019, les deux lignes de m\u00e9tro totalisaient 118,2 millions de validations. Selon Tiss\u00e9o, le m\u00e9tro repr\u00e9sente \u00e0 lui seul plus de 57\u2009% de la fr\u00e9quentation globale du r\u00e9seau de transports en commun de la m\u00e9tropole.<\/p>\n<p>Plus de 60\u00a0millions de voyageurs sur la ligne A<\/p>\n<p class=\" wall-content\">Sans surprise, la<strong> ligne A<\/strong> reste la plus fr\u00e9quent\u00e9e du r\u00e9seau. En 2024, elle a comptabilis\u00e9 <strong>60,5\u00a0millions de validations<\/strong>, soit 29\u2009% de la fr\u00e9quentation totale de Tiss\u00e9o.<\/p>\n<p class=\" wall-content\">Cela repr\u00e9sente 3,4\u00a0millions de validations de plus qu\u2019en 2023, une progression de 6\u2009% en un an. Le pic de fr\u00e9quentation a \u00e9t\u00e9 observ\u00e9 le vendredi 21\u00a0juin, <strong>jour de la F\u00eate de la musique<\/strong>, avec 247\u2009294 validations enregistr\u00e9es sur la ligne. En moyenne, 207\u2009500 voyageurs empruntent chaque jour la ligne A, soit 12\u2009000 de plus qu\u2019en 2023.<\/p>\n<p>Vid\u00e9os : en ce moment sur Actu<\/p>\n<p class=\" wall-content\">C\u00f4t\u00e9 profil des usagers, les<strong> jeunes repr\u00e9sentent 37\u2009% des validations<\/strong>, devant les voyageurs munis de billets plein tarif (21\u2009%).<\/p>\n<p>La ligne B progresse elle aussi<\/p>\n<p class=\" wall-content\">De son c\u00f4t\u00e9, la <strong>ligne B<\/strong> n\u2019est pas en reste. En 2024, elle totalise<strong> 57,8\u00a0millions de validations<\/strong>, soit environ <strong>2\u00a0millions de plus qu\u2019en 2023,<\/strong> correspondant \u00e0 une hausse de 3,5\u2009%. La ligne B assure \u00e0 elle seule 28\u2009% de la fr\u00e9quentation globale du r\u00e9seau Tiss\u00e9o, tous modes de transport confondus.<\/p>\n<p>Votre r\u00e9gion, votre actu !<\/p>\n<p>Recevez chaque jour les infos qui comptent pour vous.<\/p>\n<p>\t<a href=\"https:\/\/actu.fr\/newsletter\" class=\"ac-btn ac-btn--corner ac-btn--medium ac-btn--blue800\" target=\"_blank\" rel=\"noopener\">S&rsquo;incrire<\/a><\/p>\n<p class=\" wall-content\">L\u00e0 encore, le record quotidien a \u00e9t\u00e9 atteint lors de la <strong>F\u00eate de la musique<\/strong>, avec 238\u2009145 validations sur la journ\u00e9e. En moyenne, 204\u2009500 voyageurs utilisent chaque jour la ligne B, soit 7\u2009100 de plus qu\u2019en 2023.<\/p>\n<p class=\" wall-content\">Les jeunes constituent \u00e9galement la majorit\u00e9 des usagers de cette ligne, repr\u00e9sentant 43\u2009% de la fr\u00e9quentation totale.<\/p>\n<p class=\" wall-content\">Personnalisez votre actualit\u00e9 en ajoutant vos villes et m\u00e9dias en favori avec <a href=\"https:\/\/moncompte.actu.fr\" title=\"D\u00e9couvez Mon Actu\" rel=\"nofollow noopener\" data-trk=\"{&quot;cta&quot;:{&quot;action&quot;:&quot;https:\\\/\\\/moncompte.actu.fr&quot;,&quot;category&quot;:&quot;mon compte&quot;,&quot;from&quot;:&quot;article footer&quot;,&quot;name&quot;:&quot;Mon actu&quot;,&quot;type&quot;:&quot;cta&quot;}}\" target=\"_blank\">Mon Actu<\/a>.<\/p>\n","protected":false},"excerpt":{"rendered":"Par L\u00e9a Afonso Publi\u00e9 le 22 d\u00e9c. 2025 \u00e0 18h04 \u00c0 Toulouse, le r\u00e9seau de transport en commun&hellip;\n","protected":false},"author":2,"featured_media":616216,"comment_status":"","ping_status":"","sticky":false,"template":"","format":"standard","meta":{"footnotes":""},"categories":[2816],"tags":[1111,11,1777,674,1011,27,10596,12,2680,25,104,5400,2312],"class_list":{"0":"post-616215","1":"post","2":"type-post","3":"status-publish","4":"format-standard","5":"has-post-thumbnail","7":"category-toulouse","8":"tag-actu","9":"tag-actualites","10":"tag-eu","11":"tag-europe","12":"tag-fr","13":"tag-france","14":"tag-metro-de-toulouse","15":"tag-news","16":"tag-occitanie","17":"tag-republique-francaise","18":"tag-societe","19":"tag-tisseo","20":"tag-toulouse"},"share_on_mastodon":{"url":"https:\/\/pubeurope.com\/@fr\/115764371479490918","error":""},"_links":{"self":[{"href":"https:\/\/www.europesays.com\/fr\/wp-json\/wp\/v2\/posts\/616215","targetHints":{"allow":["GET"]}}],"collection":[{"href":"https:\/\/www.europesays.com\/fr\/wp-json\/wp\/v2\/posts"}],"about":[{"href":"https:\/\/www.europesays.com\/fr\/wp-json\/wp\/v2\/types\/post"}],"author":[{"embeddable":true,"href":"https:\/\/www.europesays.com\/fr\/wp-json\/wp\/v2\/users\/2"}],"replies":[{"embeddable":true,"href":"https:\/\/www.europesays.com\/fr\/wp-json\/wp\/v2\/comments?post=616215"}],"version-history":[{"count":0,"href":"https:\/\/www.europesays.com\/fr\/wp-json\/wp\/v2\/posts\/616215\/revisions"}],"wp:featuredmedia":[{"embeddable":true,"href":"https:\/\/www.europesays.com\/fr\/wp-json\/wp\/v2\/media\/616216"}],"wp:attachment":[{"href":"https:\/\/www.europesays.com\/fr\/wp-json\/wp\/v2\/media?parent=616215"}],"wp:term":[{"taxonomy":"category","embeddable":true,"href":"https:\/\/www.europesays.com\/fr\/wp-json\/wp\/v2\/categories?post=616215"},{"taxonomy":"post_tag","embeddable":true,"href":"https:\/\/www.europesays.com\/fr\/wp-json\/wp\/v2\/tags?post=616215"}],"curies":[{"name":"wp","href":"https:\/\/api.w.org\/{rel}","templated":true}]}}