{"id":616219,"date":"2025-12-22T17:22:15","date_gmt":"2025-12-22T17:22:15","guid":{"rendered":"https:\/\/www.europesays.com\/fr\/616219\/"},"modified":"2025-12-22T17:22:15","modified_gmt":"2025-12-22T17:22:15","slug":"un-flux-continu-dans-les-jours-qui-viennent-a-lille-samu-et-sos-medecins-croulent-sous-les-cas-de-grippe","status":"publish","type":"post","link":"https:\/\/www.europesays.com\/fr\/616219\/","title":{"rendered":"\u00ab\u00a0Un flux continu dans les jours qui viennent\u00a0\u00bb : \u00e0 Lille, Samu et SOS M\u00e9decins croulent sous les cas de grippe"},"content":{"rendered":"<ul class=\"jsx-862013697 ArticleChapo__List\">\n<li class=\"jsx-862013697 ArticleChapo__List_Item flex\">A quelques jours des f\u00eates de fin d&rsquo;ann\u00e9e, l&rsquo;\u00e9pid\u00e9mie de grippe progresse dans tout l&rsquo;Hexagone, ou presque.<\/li>\n<li class=\"jsx-862013697 ArticleChapo__List_Item flex\">Cons\u00e9quence : des files d&rsquo;attente qui ne cessent d&rsquo;augmenter devant SOS M\u00e9decins, mais aussi devant les cabinets de g\u00e9n\u00e9ralistes, les pharmacies, ou encore les Samu.<\/li>\n<li class=\"jsx-862013697 ArticleChapo__List_Item flex\">Une \u00e9quipe de TF1 a pu le constater dans la r\u00e9gion lilloise.<\/li>\n<\/ul>\n<p><a href=\"https:\/\/www.tf1info.fr\/emissions\/tf1\/le-13h-10927\/\" rel=\"noopener\" class=\"jsx-484472199 Link jsx-1428418400 jsx-640816507\" target=\"_blank\"><\/p>\n<p style=\"font-weight:400\" class=\"jsx-1837267516\">Suivez la couverture compl\u00e8te<\/p>\n<p style=\"font-weight:800\" class=\"jsx-1837267516\">Le 13H<\/p>\n<p><\/a><\/p>\n<p data-module=\"article-paragraph\" class=\"jsx-157965717 Paragraph\">Devant le cabinet m\u00e9dical de SOS M\u00e9decins \u00e0 Lille (Nord), ce lundi matin, la file d&rsquo;attente ne cessait de s&rsquo;allonger, d\u00e9bordant m\u00eame sur le trottoir. \u00ab\u00a0Beaucoup de patients ont la grippe. On voit le pic vraiment arriver, et je pense que dans les jours qui viennent, et m\u00eame les semaines qui viennent, \u00e7a va \u00eatre un flux continu de syndromes grippaux\u00a0\u00bb, commente dans le reportage en t\u00eate de cet article le Dr Antonion Cuenca, m\u00e9decin g\u00e9n\u00e9raliste, \u00e9voquant \u00ab\u00a0des sympt\u00f4mes de fi\u00e8vre, maux de t\u00eate, courbatures principalement.\u00a0\u00bb\u00a0<\/p>\n<p data-module=\"article-paragraph\" class=\"jsx-157965717 Paragraph Paragraph__End\">Et cette ann\u00e9e, la grippe touche un peu plus les enfants. Les ultimes jours d&rsquo;\u00e9cole la semaine derni\u00e8re ont permis un \u00e9change important du virus. \u00ab\u00a0Les parents \u00e9taient inquiets, parce qu&rsquo;elle a touss\u00e9 toute la nuit en fait, et puis ils voient les f\u00eates de No\u00ebl qui arrivent, donc ils se disent peut-\u00eatre que c&rsquo;est mieux d&rsquo;envoyer la grand-m\u00e8re aujourd&rsquo;hui chez SOS M\u00e9decins que d&rsquo;attendre mercredi soir\u00a0\u00bb, explique une grand-m\u00e8re venue faire ausculter sa petite-fille.<\/p>\n<p>\u00ab\u00a0Trois quarts d&rsquo;heure en ligne pour avoir un m\u00e9decin\u00a0\u00bb<\/p>\n<p data-module=\"article-paragraph\" class=\"jsx-157965717 Paragraph\">Dans les pharmacies en centre-ville, on peut se faire d\u00e9pister. \u00ab\u00a0Je commen\u00e7ais \u00e0 avoir de la fi\u00e8vre, courbature, je toussais \u00e9norm\u00e9ment, du coup c&rsquo;est pour \u00e7a que je suis venue \u00e0 la pharmacie pour pouvoir faire un test, parce que je travaille aupr\u00e8s d&rsquo;une femme enceinte\u00a0\u00bb, d\u00e9taille une jeune-femme venue faire un test.<\/p>\n<p data-module=\"article-paragraph\" class=\"jsx-157965717 Paragraph Paragraph__End\">Il est aussi possible pour rappel d&rsquo;acheter en officine un autotest pour 3 euros, \u00e0 faire \u00e0 la maison. Les pharmaciens vaccinent \u00e9galement, mais les stocks diminuent \u00e0 vue d&rsquo;oeil. \u00ab\u00a0Il ne nous reste pas beaucoup, allez une quinzaine, par rapport \u00e0 d&rsquo;habitude, Et il a fallu recommander une fois, deux fois, et c&rsquo;est tout ce qu&rsquo;il nous reste jusqu&rsquo;\u00e0 la fin du mois\u00a0\u00bb, observe Mohamed Telma, pharmacien \u00e0 Lille.<\/p>\n<p><a href=\"https:\/\/www.tf1info.fr\/sante\/interview-grippe-bronchiolite-covid-quelles-precautions-conseils-pour-eviter-que-les-maladies-respiratoires-s-invitent-a-noel-2413106.html\" rel=\"noopener\" class=\"jsx-3308031228 Link flex\" target=\"_blank\"><img decoding=\"async\" src=\"https:\/\/www.europesays.com\/fr\/wp-content\/uploads\/2025\/12\/noel-masque-unsplash-c7ee73-0@1x.jpeg\" alt=\"Unsplash  Volodymyr Hryshchenko\" loading=\"lazy\" importance=\"low\" fetchpriority=\"low\" class=\"\" aria-hidden=\"true\"\/><\/p>\n<p class=\"jsx-3657663356 ReadMoreArticle__Title\">Lire aussi<\/p>\n<p class=\"jsx-3657663356\">Grippe, bronchiolite\u2026 quelles pr\u00e9cautions pour \u00e9chapper aux virus respiratoires \u00e0 No\u00ebl ? <\/p>\n<p><\/a><\/p>\n<p data-module=\"article-paragraph\" class=\"jsx-157965717 Paragraph\">Au centre de r\u00e9gulation du SAMU, le t\u00e9l\u00e9phone ne cesse de sonner. \u00ab\u00a0On a un d\u00e9lai d&rsquo;attente extr\u00eamement important, un nombre d&rsquo;appels extr\u00eamement importants qui attendent par moments trois quarts d&rsquo;heure en ligne pour avoir un m\u00e9decin, pour avoir des conseils\u00a0\u00bb, confirme Charle Charani, m\u00e9decin r\u00e9gulateur au sein de Samu 59.<\/p>\n<p data-module=\"article-paragraph\" class=\"jsx-157965717 Paragraph Paragraph__End\">Pour ne pas attraper la grippe pendant les f\u00eates, quelques recommandations sont de mise. \u00ab\u00a0Il faut mettre des masques dans les transports en commun pour \u00e9viter de l&rsquo;avoir et de la ramener \u00e0 No\u00ebl \u00e0 la maison. Deuxi\u00e8me chose, c&rsquo;est de se vacciner pour faire une forme att\u00e9nu\u00e9e si jamais, malgr\u00e9 tout, on devait l&rsquo;avoir\u00a0\u00bb, rappelle Rock Joly, chef du Samu du Nord et p\u00f4le d&rsquo;urgence. Sans oublier le fameux gel hydroalcoolique, toujours tr\u00e8s utile les soirs de r\u00e9veillon en famille.<\/p>\n<p>La r\u00e9daction de TF1info | Reportage S\u00e9bastien HEMBERT, Zack AJILI et Gauthier DELOBETTE<\/p>\n","protected":false},"excerpt":{"rendered":"A quelques jours des f\u00eates de fin d&rsquo;ann\u00e9e, l&rsquo;\u00e9pid\u00e9mie de grippe progresse dans tout l&rsquo;Hexagone, ou presque. Cons\u00e9quence&hellip;\n","protected":false},"author":2,"featured_media":616220,"comment_status":"","ping_status":"","sticky":false,"template":"","format":"standard","meta":{"footnotes":""},"categories":[2815],"tags":[1111,11,1921,1777,674,1011,27,29786,811,1922,5008,1307,9887,224,12,25,5699,4008,133,6230],"class_list":{"0":"post-616219","1":"post","2":"type-post","3":"status-publish","4":"format-standard","5":"has-post-thumbnail","7":"category-lille","8":"tag-actu","9":"tag-actualites","10":"tag-article-video","11":"tag-eu","12":"tag-europe","13":"tag-fr","14":"tag-france","15":"tag-grippe","16":"tag-hauts-de-france","17":"tag-info","18":"tag-le-13h","19":"tag-lille","20":"tag-maladies-et-traitements","21":"tag-medecine","22":"tag-news","23":"tag-republique-francaise","24":"tag-sante-publique","25":"tag-vaccins","26":"tag-video","27":"tag-video-sante-et-bien-etre"},"share_on_mastodon":{"url":"https:\/\/pubeurope.com\/@fr\/115764380666145627","error":""},"_links":{"self":[{"href":"https:\/\/www.europesays.com\/fr\/wp-json\/wp\/v2\/posts\/616219","targetHints":{"allow":["GET"]}}],"collection":[{"href":"https:\/\/www.europesays.com\/fr\/wp-json\/wp\/v2\/posts"}],"about":[{"href":"https:\/\/www.europesays.com\/fr\/wp-json\/wp\/v2\/types\/post"}],"author":[{"embeddable":true,"href":"https:\/\/www.europesays.com\/fr\/wp-json\/wp\/v2\/users\/2"}],"replies":[{"embeddable":true,"href":"https:\/\/www.europesays.com\/fr\/wp-json\/wp\/v2\/comments?post=616219"}],"version-history":[{"count":0,"href":"https:\/\/www.europesays.com\/fr\/wp-json\/wp\/v2\/posts\/616219\/revisions"}],"wp:featuredmedia":[{"embeddable":true,"href":"https:\/\/www.europesays.com\/fr\/wp-json\/wp\/v2\/media\/616220"}],"wp:attachment":[{"href":"https:\/\/www.europesays.com\/fr\/wp-json\/wp\/v2\/media?parent=616219"}],"wp:term":[{"taxonomy":"category","embeddable":true,"href":"https:\/\/www.europesays.com\/fr\/wp-json\/wp\/v2\/categories?post=616219"},{"taxonomy":"post_tag","embeddable":true,"href":"https:\/\/www.europesays.com\/fr\/wp-json\/wp\/v2\/tags?post=616219"}],"curies":[{"name":"wp","href":"https:\/\/api.w.org\/{rel}","templated":true}]}}