{"id":616225,"date":"2025-12-22T17:25:16","date_gmt":"2025-12-22T17:25:16","guid":{"rendered":"https:\/\/www.europesays.com\/fr\/616225\/"},"modified":"2025-12-22T17:25:16","modified_gmt":"2025-12-22T17:25:16","slug":"les-habitants-de-ces-communes-doivent-se-confiner","status":"publish","type":"post","link":"https:\/\/www.europesays.com\/fr\/616225\/","title":{"rendered":"les habitants de ces communes doivent se confiner"},"content":{"rendered":"<p>                    Par<br \/>\n        <strong><br \/>\n            <a href=\"https:\/\/actu.fr\/auteur\/nicolas-zaugra\" title=\"Consulter tous les articles de Nicolas Zaugra\" target=\"_blank\" rel=\"noopener\">Nicolas Zaugra<\/a><br \/>\n                    <\/strong><\/p>\n<p>        Publi\u00e9 le<\/p>\n<p>            22 d\u00e9c. 2025 \u00e0 17h14<br \/>\n        ; mis \u00e0 jour le 22 d\u00e9c. 2025 \u00e0 17h53    <\/p>\n<p><strong>MISE A JOUR lundi 22 d\u00e9cembre 2025 \u00e0 17h52 :<\/strong> \u00ab\u00a0les autorit\u00e9s l\u00e8vent les mesures de confinement pour les 4 communes concern\u00e9es et rouvrent la circulation sur l\u2019autoroute A7 ainsi que les sur les voies ferroviaires et fluviales\u00a0\u00bb, annonce la pr\u00e9fecture du Rh\u00f4ne dans une communication officielle.<\/p>\n<p class=\" wall-content\">Une <a href=\"https:\/\/actu.fr\/auvergne-rhone-alpes\/saint-fons_69199\/direct-grave-explosion-dans-une-usine-chimique-seveso-pres-de-lyon-plusieurs-victimes_63610713.html\" target=\"_blank\" rel=\"noopener\">explosion et un incendie toujours en cours<\/a> \u00e0 16h30 : quatre bless\u00e9s dont trois graves sont \u00e0 d\u00e9plorer \u00e0 Saint-Fons dans l\u2019usine chimique Elkem Silicones \u00e0 Saint-Fons, dans la \u00ab\u00a0vall\u00e9e de la chimie\u00a0\u00bb au sud de <a href=\"https:\/\/actu.fr\/auvergne-rhone-alpes\/lyon_69123\" target=\"_blank\" rel=\"noopener\">Lyon<\/a>. Le drame a eu lieu en d\u00e9but d\u2019apr\u00e8s-midi dans ce <strong>site sensible class\u00e9 Seveso \u00ab\u00a0seuil haut\u00a0\u00bb<\/strong>.<\/p>\n<p class=\" wall-content\">Les autorit\u00e9s ont d\u00e9clench\u00e9 plusieurs <a href=\"https:\/\/actu.fr\/societe\/dispositif-fr-alert-c-est-quoi-cette-notification-stridente-sur-nos-smartphones_57730988.html\" target=\"_blank\" rel=\"noopener\">FR-Alert<\/a> envoy\u00e9s sur les t\u00e9l\u00e9phones des habitants du secteur. Des sir\u00e8nes d\u2019alerte ont \u00e9galement \u00e9t\u00e9 entendues \u00e0 plusieurs reprises. \u00ab\u00a0Si vous \u00eates dans la zone confinez-vous, n\u2019entrez pas dans la zone, respectez les consignes des autorit\u00e9s et restez en lieu s\u00fbr jusqu\u2019\u00e0 ce que les autorit\u00e9s d\u00e9clarent la fin de l\u2019alerte\u00a0\u00bb, peut-on lire sur le message.<\/p>\n<p>    <img   decoding=\"async\" loading=\"lazy\" src=\"https:\/\/www.europesays.com\/fr\/wp-content\/uploads\/2025\/12\/fr-alert-explosion-usine-738x640.jpeg\" alt=\"Le message FR-Alert envoy\u00e9 aux habitants du secteur.\" width=\"738\" height=\"640\"\/><br \/>\n    Le message FR-Alert envoy\u00e9 aux habitants du secteur. (\u00a9MedavProd\/ actu Lyon)Plusieurs communes concern\u00e9es<\/p>\n<p class=\" wall-content\">La demande de confinement concerne les habitants de quatre communes, soit environ 100 000 habitants.\u00a0<\/p>\n<ul class=\" wall-content\">\n<li><strong>Saint-Fons<\/strong><\/li>\n<li><strong>V\u00e9nissieux<\/strong><\/li>\n<li><strong>Feyzin<\/strong><\/li>\n<li><strong>Pierre B\u00e9nite<\/strong><\/li>\n<\/ul>\n<p class=\" wall-content\">\n<p class=\" wall-content\">Le p\u00e9rim\u00e8tre de circulation interdit concerne 1 kilom\u00e8tre autour du site industriel, l\u2019A7 est ferm\u00e9e dans les deux sens, les trafics ferroviaire et fluvial sont arr\u00eat\u00e9s.<\/p>\n<p class=\" wall-content\">Personnalisez votre actualit\u00e9 en ajoutant vos villes et m\u00e9dias en favori avec <a href=\"https:\/\/moncompte.actu.fr\" title=\"D\u00e9couvez Mon Actu\" rel=\"nofollow noopener\" data-trk=\"{&quot;cta&quot;:{&quot;action&quot;:&quot;https:\\\/\\\/moncompte.actu.fr&quot;,&quot;category&quot;:&quot;mon compte&quot;,&quot;from&quot;:&quot;article footer&quot;,&quot;name&quot;:&quot;Mon actu&quot;,&quot;type&quot;:&quot;cta&quot;}}\" target=\"_blank\">Mon Actu<\/a>.<\/p>\n","protected":false},"excerpt":{"rendered":"Par Nicolas Zaugra Publi\u00e9 le 22 d\u00e9c. 2025 \u00e0 17h14 ; mis \u00e0 jour le 22 d\u00e9c. 2025&hellip;\n","protected":false},"author":2,"featured_media":616226,"comment_status":"","ping_status":"","sticky":false,"template":"","format":"standard","meta":{"footnotes":""},"categories":[1889],"tags":[1111,11,2430,1777,674,1011,27,1310,2428,12,1311,25,104],"class_list":{"0":"post-616225","1":"post","2":"type-post","3":"status-publish","4":"format-standard","5":"has-post-thumbnail","7":"category-lyon","8":"tag-actu","9":"tag-actualites","10":"tag-auvergne-rhone-alpes","11":"tag-eu","12":"tag-europe","13":"tag-fr","14":"tag-france","15":"tag-incendie","16":"tag-lyon","17":"tag-news","18":"tag-pompiers","19":"tag-republique-francaise","20":"tag-societe"},"share_on_mastodon":{"url":"https:\/\/pubeurope.com\/@fr\/115764392257524256","error":""},"_links":{"self":[{"href":"https:\/\/www.europesays.com\/fr\/wp-json\/wp\/v2\/posts\/616225","targetHints":{"allow":["GET"]}}],"collection":[{"href":"https:\/\/www.europesays.com\/fr\/wp-json\/wp\/v2\/posts"}],"about":[{"href":"https:\/\/www.europesays.com\/fr\/wp-json\/wp\/v2\/types\/post"}],"author":[{"embeddable":true,"href":"https:\/\/www.europesays.com\/fr\/wp-json\/wp\/v2\/users\/2"}],"replies":[{"embeddable":true,"href":"https:\/\/www.europesays.com\/fr\/wp-json\/wp\/v2\/comments?post=616225"}],"version-history":[{"count":0,"href":"https:\/\/www.europesays.com\/fr\/wp-json\/wp\/v2\/posts\/616225\/revisions"}],"wp:featuredmedia":[{"embeddable":true,"href":"https:\/\/www.europesays.com\/fr\/wp-json\/wp\/v2\/media\/616226"}],"wp:attachment":[{"href":"https:\/\/www.europesays.com\/fr\/wp-json\/wp\/v2\/media?parent=616225"}],"wp:term":[{"taxonomy":"category","embeddable":true,"href":"https:\/\/www.europesays.com\/fr\/wp-json\/wp\/v2\/categories?post=616225"},{"taxonomy":"post_tag","embeddable":true,"href":"https:\/\/www.europesays.com\/fr\/wp-json\/wp\/v2\/tags?post=616225"}],"curies":[{"name":"wp","href":"https:\/\/api.w.org\/{rel}","templated":true}]}}