{"id":616242,"date":"2025-12-22T17:36:15","date_gmt":"2025-12-22T17:36:15","guid":{"rendered":"https:\/\/www.europesays.com\/fr\/616242\/"},"modified":"2025-12-22T17:36:15","modified_gmt":"2025-12-22T17:36:15","slug":"crise-usa-venezuela-le-petrole-au-coeur-du-bras-de-fer-entre-trump-et-maduro","status":"publish","type":"post","link":"https:\/\/www.europesays.com\/fr\/616242\/","title":{"rendered":"Crise USA-Venezuela : le p\u00e9trole, au c\u0153ur du bras de fer entre Trump et Maduro"},"content":{"rendered":"<p>La multiplication des interventions des \u00c9tats-Unis contre des navires charg\u00e9s de p\u00e9trole v\u00e9n\u00e9zu\u00e9lien menace d\u2019asphyxier l\u2019\u00e9conomie v\u00e9n\u00e9zu\u00e9lienne, tout en alimentant la ritournelle du pouvoir : Donald Trump cherche \u00e0 renverser Nicolas Maduro pour contr\u00f4ler les richesses du pays.<\/p>\n<p>Les Etats-Unis ont d\u00e9ploy\u00e9 une gigantesque flotte militaire dans les Cara\u00efbes pour une op\u00e9ration antidrogue mais qui comprend aujourd\u2019hui des saisies manu-militari de p\u00e9trole.<\/p>\n<p>\u00a0<\/p>\n","protected":false},"excerpt":{"rendered":"La multiplication des interventions des \u00c9tats-Unis contre des navires charg\u00e9s de p\u00e9trole v\u00e9n\u00e9zu\u00e9lien menace d\u2019asphyxier l\u2019\u00e9conomie v\u00e9n\u00e9zu\u00e9lienne, tout&hellip;\n","protected":false},"author":2,"featured_media":616243,"comment_status":"","ping_status":"","sticky":false,"template":"","format":"standard","meta":{"footnotes":""},"categories":[1589],"tags":[47,11,251,73,1866,72709,142,1114,1305,72707,2223,74,12,973,316,72708,517,1864,1865,1863,308,2955],"class_list":{"0":"post-616242","1":"post","2":"type-post","3":"status-publish","4":"format-standard","5":"has-post-thumbnail","7":"category-etats-unis","8":"tag-actualite","9":"tag-actualites","10":"tag-culture","11":"tag-etats-unis","12":"tag-etats-unis-damerique","13":"tag-finance-economie","14":"tag-high-tech","15":"tag-infos","16":"tag-lifestyle","17":"tag-linformation-ma","18":"tag-maroc","19":"tag-monde","20":"tag-news","21":"tag-people","22":"tag-politique","23":"tag-site-infos","24":"tag-sport","25":"tag-united-states","26":"tag-united-states-of-america","27":"tag-us","28":"tag-usa","29":"tag-videos"},"share_on_mastodon":{"url":"https:\/\/pubeurope.com\/@fr\/115764434447744106","error":""},"_links":{"self":[{"href":"https:\/\/www.europesays.com\/fr\/wp-json\/wp\/v2\/posts\/616242","targetHints":{"allow":["GET"]}}],"collection":[{"href":"https:\/\/www.europesays.com\/fr\/wp-json\/wp\/v2\/posts"}],"about":[{"href":"https:\/\/www.europesays.com\/fr\/wp-json\/wp\/v2\/types\/post"}],"author":[{"embeddable":true,"href":"https:\/\/www.europesays.com\/fr\/wp-json\/wp\/v2\/users\/2"}],"replies":[{"embeddable":true,"href":"https:\/\/www.europesays.com\/fr\/wp-json\/wp\/v2\/comments?post=616242"}],"version-history":[{"count":0,"href":"https:\/\/www.europesays.com\/fr\/wp-json\/wp\/v2\/posts\/616242\/revisions"}],"wp:featuredmedia":[{"embeddable":true,"href":"https:\/\/www.europesays.com\/fr\/wp-json\/wp\/v2\/media\/616243"}],"wp:attachment":[{"href":"https:\/\/www.europesays.com\/fr\/wp-json\/wp\/v2\/media?parent=616242"}],"wp:term":[{"taxonomy":"category","embeddable":true,"href":"https:\/\/www.europesays.com\/fr\/wp-json\/wp\/v2\/categories?post=616242"},{"taxonomy":"post_tag","embeddable":true,"href":"https:\/\/www.europesays.com\/fr\/wp-json\/wp\/v2\/tags?post=616242"}],"curies":[{"name":"wp","href":"https:\/\/api.w.org\/{rel}","templated":true}]}}