{"id":616257,"date":"2025-12-22T17:46:17","date_gmt":"2025-12-22T17:46:17","guid":{"rendered":"https:\/\/www.europesays.com\/fr\/616257\/"},"modified":"2025-12-22T17:46:17","modified_gmt":"2025-12-22T17:46:17","slug":"verge-reconnait-avoir-ete-en-dedans-sur-le-debut-de-saison-et-veut-se-rattraper","status":"publish","type":"post","link":"https:\/\/www.europesays.com\/fr\/616257\/","title":{"rendered":"Verg\u00e9 reconna\u00eet avoir \u00e9t\u00e9 en dedans sur le d\u00e9but de saison et veut se rattraper"},"content":{"rendered":"<p>Il fait partie des petites d\u00e9ceptions du d\u00e9but de saison du Stade Toulousain. En constante progression l\u2019ann\u00e9e pass\u00e9e jusqu\u2019\u00e0 \u00eatre appel\u00e9 \u00e0 Marcoussis lors du Six Nations, Cl\u00e9ment Verg\u00e9 avait d\u00e9j\u00e0 connu une fin de saison frustrante avant de red\u00e9marrer l\u2019exercice sur des bases d\u00e9licates.<\/p>\n<p>\u00ab\u00a0On a \u00e9t\u00e9 piqu\u00e9s\u00a0\u00bb<\/p>\n<p>Moins en vue, l\u2019Ari\u00e9geois avait recul\u00e9 dans la hi\u00e9rarchie des deuxi\u00e8me-ligne, d\u00e9pass\u00e9 par Efrain Elias. Titularis\u00e9 <a href=\"https:\/\/www.quinzemondial.com\/top-14\/stade-toulousain-tres-en-forme-face-au-lou-un-jeune-talent-devrait-prolonger-821399\" target=\"_blank\" rel=\"noopener\">face au LOU,<\/a> il a brill\u00e9. Constamment disponible, l\u2019ancien de Saint-Girons s\u2019est m\u00eame permis d\u2019inscrire un essai. Laiss\u00e9 sur le terrain pendant 80 minutes, il a brill\u00e9 et se sent mieux, comme il l\u2019a confi\u00e9 \u00e0 <a href=\"https:\/\/www.rugbyrama.fr\/2025\/12\/21\/top-14-on-avait-ete-piques-clement-verge-satisfait-de-la-reaction-de-toulouse-sur-la-pelouse-de-lyon-13123708.php\" target=\"_blank\" rel=\"noopener\">Rugbyrama<\/a> en conf\u00e9rence de presse.<\/p>\n<blockquote>\n<p>\u00ab\u00a0J\u2019ai eu un d\u00e9but de saison compliqu\u00e9e, \u00e7a va mieux depuis quelques semaines. \u00c0 la fin des 80 minutes, \u00e7a tire un peu, mais je suis toujours content de faire 80 minutes.\u00a0\u00bb<\/p>\n<\/blockquote>\n<p>Surtout, Cl\u00e9ment Verg\u00e9 a appr\u00e9ci\u00e9 la r\u00e9action de son \u00e9quipe, une semaine apr\u00e8s la claque conc\u00e9d\u00e9e \u00e0 Glasgow en Champions Cup.<\/p>\n<blockquote>\n<p>\u00ab\u00a0On a \u00e9t\u00e9 piqu\u00e9s, \u00e7a n\u2019est pas un mensonge de dire \u00e7a. En d\u00e9but de match, on n\u2019a pas r\u00e9ussi \u00e0 faire ce qu\u2019on voulait, parce qu\u2019on souhaitait quand m\u00eame les faire bouger, alors qu\u2019ils \u00e9taient en place d\u00e9fensivement. Vers la trenti\u00e8me, enfin, on a fait une longue s\u00e9quence qui am\u00e8ne un essai. C\u2019est \u00e7a qu\u2019on voulait faire, les prendre dans l\u2019axe. On y est arriv\u00e9, donc c\u2019est cool. Ce que j\u2019appr\u00e9cie aussi, c\u2019est que quand on a pris deux essais d\u2019affil\u00e9e, on ne s\u2019est pas affol\u00e9s. On a su corriger le tir et \u00e7a, c\u2019est chouette. Apr\u00e8s, si on avait pu \u00e9viter les deux essais, on aurait pr\u00e9f\u00e9r\u00e9 aussi, mais bon\u2026 C\u2019est bien d\u2019y \u00eatre parvenu.\u00a0\u00bb<\/p>\n<\/blockquote>\n<p>Partagez cette info avec vos amis et vos proches en cliquant ici<br \/>Pour r\u00e9sumer<\/p>\n<p>Apr\u00e8s la victoire sur la pelouse du LOU, lors de laquelle il aura livr\u00e9 une grosse prestation, Cl\u00e9ment Verg\u00e9 a savour\u00e9 sa mont\u00e9e en puissance. Le deuxi\u00e8me-ligne se sent mieux apr\u00e8s avoir manqu\u00e9 son d\u00e9but de saison, de son propre aveu.<\/p>\n<p> <img decoding=\"async\" width=\"76\" height=\"76\" loading=\"lazy\" src=\"https:\/\/www.europesays.com\/fr\/wp-content\/uploads\/2025\/04\/avatar-quinze.png\" alt=\"Arnaud D\u00e9chelotte\"\/><\/p>\n","protected":false},"excerpt":{"rendered":"Il fait partie des petites d\u00e9ceptions du d\u00e9but de saison du Stade Toulousain. En constante progression l\u2019ann\u00e9e pass\u00e9e&hellip;\n","protected":false},"author":2,"featured_media":616258,"comment_status":"","ping_status":"","sticky":false,"template":"","format":"standard","meta":{"footnotes":""},"categories":[1416],"tags":[1011,27,479,1468,60,476,478],"class_list":{"0":"post-616257","1":"post","2":"type-post","3":"status-publish","4":"format-standard","5":"has-post-thumbnail","7":"category-rugby","8":"tag-fr","9":"tag-france","10":"tag-rugby","11":"tag-rugby-football","12":"tag-sports","13":"tag-stade-toulousain","14":"tag-top-14"},"share_on_mastodon":{"url":"https:\/\/pubeurope.com\/@fr\/115764474487806455","error":""},"_links":{"self":[{"href":"https:\/\/www.europesays.com\/fr\/wp-json\/wp\/v2\/posts\/616257","targetHints":{"allow":["GET"]}}],"collection":[{"href":"https:\/\/www.europesays.com\/fr\/wp-json\/wp\/v2\/posts"}],"about":[{"href":"https:\/\/www.europesays.com\/fr\/wp-json\/wp\/v2\/types\/post"}],"author":[{"embeddable":true,"href":"https:\/\/www.europesays.com\/fr\/wp-json\/wp\/v2\/users\/2"}],"replies":[{"embeddable":true,"href":"https:\/\/www.europesays.com\/fr\/wp-json\/wp\/v2\/comments?post=616257"}],"version-history":[{"count":0,"href":"https:\/\/www.europesays.com\/fr\/wp-json\/wp\/v2\/posts\/616257\/revisions"}],"wp:featuredmedia":[{"embeddable":true,"href":"https:\/\/www.europesays.com\/fr\/wp-json\/wp\/v2\/media\/616258"}],"wp:attachment":[{"href":"https:\/\/www.europesays.com\/fr\/wp-json\/wp\/v2\/media?parent=616257"}],"wp:term":[{"taxonomy":"category","embeddable":true,"href":"https:\/\/www.europesays.com\/fr\/wp-json\/wp\/v2\/categories?post=616257"},{"taxonomy":"post_tag","embeddable":true,"href":"https:\/\/www.europesays.com\/fr\/wp-json\/wp\/v2\/tags?post=616257"}],"curies":[{"name":"wp","href":"https:\/\/api.w.org\/{rel}","templated":true}]}}