{"id":616266,"date":"2025-12-22T17:54:16","date_gmt":"2025-12-22T17:54:16","guid":{"rendered":"https:\/\/www.europesays.com\/fr\/616266\/"},"modified":"2025-12-22T17:54:16","modified_gmt":"2025-12-22T17:54:16","slug":"un-nouveau-graf-du-celebre-street-artiste-bansky-apparait-a-londres","status":"publish","type":"post","link":"https:\/\/www.europesays.com\/fr\/616266\/","title":{"rendered":"Un nouveau graf du c\u00e9l\u00e8bre street artiste Bansky appara\u00eet \u00e0 Londres"},"content":{"rendered":"<p>Banksy s\u2019est fait conna\u00eetre par une s\u00e9rie de graffitis apparaissant sur des b\u00e2timents. L\u2019artiste originaire de Bristol, qui entretient le myst\u00e8re sur son identit\u00e9, aime provoquer et donner \u00e0 r\u00e9fl\u00e9chir. En 2005, il avait r\u00e9alis\u00e9 le graffiti \u00ab\u00a0Le lanceur de fleurs\u00a0\u00bb sur un mur de J\u00e9rusalem, repr\u00e9sentant un manifestant masqu\u00e9 sur le point de lancer un bouquet de fleurs. L\u2019artiste utilise \u00e9galement sa bombe de graffeur pour manifester son opposition au Brexit son soutien aux migrants, ou encore pour alerter sur l\u2019urgence climatique.<\/p>\n","protected":false},"excerpt":{"rendered":"Banksy s\u2019est fait conna\u00eetre par une s\u00e9rie de graffitis apparaissant sur des b\u00e2timents. L\u2019artiste originaire de Bristol, qui&hellip;\n","protected":false},"author":2,"featured_media":616267,"comment_status":"","ping_status":"","sticky":false,"template":"","format":"standard","meta":{"footnotes":""},"categories":[1358],"tags":[1348,1384,1385,1386,58,59,1011,27],"class_list":{"0":"post-616266","1":"post","2":"type-post","3":"status-publish","4":"format-standard","5":"has-post-thumbnail","7":"category-arts-et-design","8":"tag-arts","9":"tag-arts-and-design","10":"tag-arts-et-design","11":"tag-design","12":"tag-divertissement","13":"tag-entertainment","14":"tag-fr","15":"tag-france"},"share_on_mastodon":{"url":"https:\/\/pubeurope.com\/@fr\/115764505084047528","error":""},"_links":{"self":[{"href":"https:\/\/www.europesays.com\/fr\/wp-json\/wp\/v2\/posts\/616266","targetHints":{"allow":["GET"]}}],"collection":[{"href":"https:\/\/www.europesays.com\/fr\/wp-json\/wp\/v2\/posts"}],"about":[{"href":"https:\/\/www.europesays.com\/fr\/wp-json\/wp\/v2\/types\/post"}],"author":[{"embeddable":true,"href":"https:\/\/www.europesays.com\/fr\/wp-json\/wp\/v2\/users\/2"}],"replies":[{"embeddable":true,"href":"https:\/\/www.europesays.com\/fr\/wp-json\/wp\/v2\/comments?post=616266"}],"version-history":[{"count":0,"href":"https:\/\/www.europesays.com\/fr\/wp-json\/wp\/v2\/posts\/616266\/revisions"}],"wp:featuredmedia":[{"embeddable":true,"href":"https:\/\/www.europesays.com\/fr\/wp-json\/wp\/v2\/media\/616267"}],"wp:attachment":[{"href":"https:\/\/www.europesays.com\/fr\/wp-json\/wp\/v2\/media?parent=616266"}],"wp:term":[{"taxonomy":"category","embeddable":true,"href":"https:\/\/www.europesays.com\/fr\/wp-json\/wp\/v2\/categories?post=616266"},{"taxonomy":"post_tag","embeddable":true,"href":"https:\/\/www.europesays.com\/fr\/wp-json\/wp\/v2\/tags?post=616266"}],"curies":[{"name":"wp","href":"https:\/\/api.w.org\/{rel}","templated":true}]}}