{"id":616270,"date":"2025-12-22T17:57:13","date_gmt":"2025-12-22T17:57:13","guid":{"rendered":"https:\/\/www.europesays.com\/fr\/616270\/"},"modified":"2025-12-22T17:57:13","modified_gmt":"2025-12-22T17:57:13","slug":"il-chantait-josephine-et-driving-home-for-christmas-chris-rea-est-mort","status":"publish","type":"post","link":"https:\/\/www.europesays.com\/fr\/616270\/","title":{"rendered":"Il chantait \u00ab\u00a0Josephine\u00a0\u00bb et \u00ab\u00a0Driving Home For Christmas\u00a0\u00bb : Chris Rea est mort"},"content":{"rendered":"<p>                    Par<br \/>\n        <strong><br \/>\n            <a href=\"https:\/\/actu.fr\/auteur\/redaction-actu\" title=\"Consulter tous les articles de R\u00e9daction Actu\" target=\"_blank\" rel=\"noopener\">R\u00e9daction Actu<\/a><br \/>\n                    <\/strong><\/p>\n<p>        Publi\u00e9 le<\/p>\n<p>            22 d\u00e9c. 2025 \u00e0 16h50<br \/>\n        ; mis \u00e0 jour le 22 d\u00e9c. 2025 \u00e0 17h19    <\/p>\n<p>Le chanteur britannique Chris Rea, connu notamment pour ses titres \u00ab\u00a0The Road to Hell\u00a0\u00bb, \u00ab\u00a0Josephine\u00a0\u00bb et \u00ab\u00a0Driving Home For Christmas\u00a0\u00bb, est d\u00e9c\u00e9d\u00e9 \u00e0 74 ans, a annonc\u00e9 lundi 22 d\u00e9cembre 2025 sa famille \u00e0 des m\u00e9dias britanniques.<\/p>\n<p class=\" wall-content\">\n<p class=\" wall-content\">\u00ab\u00a0C\u2019est avec une immense tristesse que nous annon\u00e7ons le d\u00e9c\u00e8s de notre cher Chris\u00a0\u00bb, ont indiqu\u00e9 ses proches dans un communiqu\u00e9, ajoutant qu\u2019il \u00ab\u00a0s\u2019est \u00e9teint paisiblement aujourd\u2019hui (lundi) \u00e0 l\u2019h\u00f4pital des suites d\u2019une courte maladie\u00a0\u00bb.<\/p>\n<p class=\" wall-content\">Sur le compte Instagram officiel du chanteur, un message similaire a \u00e9t\u00e9 post\u00e9 en dessous d\u2019une photo de lui, jouant de la guitare.<\/p>\n<p>40 ans de carri\u00e8re<\/p>\n<p class=\" wall-content\">N\u00e9 en 1951 \u00e0 Middlesbrough dans le nord de l\u2019Angleterre, dans une famille aux origines italienne et irlandaise, Chris Rea d\u00e9bute sa carri\u00e8re dans les ann\u00e9es 1970.<\/p>\n<p class=\" wall-content\">Son premier album \u00ab\u00a0Whatever Happened to Benny Santini?\u00a0\u00bb le r\u00e9v\u00e8le au <a href=\"https:\/\/actu.fr\/tag\/royaume-uni\" target=\"_blank\" rel=\"noopener\">Royaume-Uni<\/a> et aux Etats-Unis, o\u00f9 le titre \u00ab\u00a0Fool (If You Think It\u2019s Over)\u00a0\u00bb lui vaut une nomination aux Grammies.<\/p>\n<p class=\" wall-content\">M\u00ealant blues et rock aux m\u00e9lodies cisel\u00e9es, Chris Rea a sign\u00e9 de sa voix embrum\u00e9e plusieurs tubes comme \u00ab\u00a0The Road to Hell\u00a0\u00bb et \u00ab\u00a0Josephine\u00a0\u00bb ou encore la chanson sortie en 1986 et <a href=\"https:\/\/actu.fr\/loisirs-culture\/tino-rossi-mariah-carey-black-m-ecoutez-notre-playlist-speciale-noel_38309360.html\" target=\"_blank\" rel=\"noopener\">devenue un classique de No\u00ebl<\/a> au Royaume-Uni \u00ab\u00a0Driving Home for Christmas\u00a0\u00bb.<\/p>\n<p class=\" wall-content\">Star de la vari\u00e9t\u00e9-rock anglaise, il a enregistr\u00e9 plus de vingt albums originaux en quarante ans de carri\u00e8re, dont deux \u2013 \u00ab\u00a0The Road to Hell\u00a0\u00bb (1989) et \u00ab\u00a0Auberge\u00a0\u00bb (1991) \u2013 ont \u00e9t\u00e9 num\u00e9ro 1 au Royaume-Uni.<\/p>\n<p>Votre r\u00e9gion, votre actu !<\/p>\n<p>Recevez chaque jour les infos qui comptent pour vous.<\/p>\n<p>\t<a href=\"https:\/\/actu.fr\/newsletter\" class=\"ac-btn ac-btn--corner ac-btn--medium ac-btn--blue800\" target=\"_blank\" rel=\"noopener\">S&rsquo;incrire<\/a><\/p>\n<p class=\" wall-content\">Atteint d\u2019un cancer, il avait subi en 2001 une ablation du pancr\u00e9as, puis avait \u00e9t\u00e9 victime d\u2019un AVC en 2016.<\/p>\n<p>Il n\u2019aimait pas le show-biz<\/p>\n<p class=\" wall-content\">Discret m\u00e9diatiquement, cet amateur de course automobile avait encore sorti cette ann\u00e9e une compilation de No\u00ebl \u00ab\u00a0The Christmas Album\u00a0\u00bb.<\/p>\n<p class=\" wall-content\">\u00ab\u00a0La musique de Chris a compos\u00e9 la bande-son de nombreuses vies, et son h\u00e9ritage perdurera \u00e0 travers les chansons qu\u2019il laisse derri\u00e8re lui\u00a0\u00bb, a salu\u00e9 son \u00e9quipe dans un message post\u00e9 sur les r\u00e9seaux sociaux du chanteur. Il \u00e9voquait r\u00e9guli\u00e8rement sa relation difficile avec la c\u00e9l\u00e9brit\u00e9.<\/p>\n<blockquote class=\"ac-article-quote wall-content\">\n<p>Le show-biz ne m\u2019int\u00e9resse pas, d&rsquo;ailleurs, si cela ne tenait qu&rsquo;a moi, je pr\u00e9f\u00e9rerais rester dans l&rsquo;ombre pour jouer de la guitare et composer pour d&rsquo;autres plut\u00f4t que de me retrouver sous les lumi\u00e8res.<\/p>\n<p>    <strong>Chris Rea<\/strong><br \/>\n        en 1990    <\/p><\/blockquote>\n<p class=\" wall-content\">Chris Rea \u00e9tait mari\u00e9 depuis des ann\u00e9es avec sa femme Joan, qu\u2019il avait rencontr\u00e9e \u00e0 16 ans. Le couple avait deux enfants.<\/p>\n<p class=\" wall-content\">Source : AFP.<\/p>\n<p class=\" wall-content\">Personnalisez votre actualit\u00e9 en ajoutant vos villes et m\u00e9dias en favori avec <a href=\"https:\/\/moncompte.actu.fr\" title=\"D\u00e9couvez Mon Actu\" rel=\"nofollow noopener\" data-trk=\"{&quot;cta&quot;:{&quot;action&quot;:&quot;https:\\\/\\\/moncompte.actu.fr&quot;,&quot;category&quot;:&quot;mon compte&quot;,&quot;from&quot;:&quot;article footer&quot;,&quot;name&quot;:&quot;Mon actu&quot;,&quot;type&quot;:&quot;cta&quot;}}\" target=\"_blank\">Mon Actu<\/a>.<\/p>\n","protected":false},"excerpt":{"rendered":"Par R\u00e9daction Actu Publi\u00e9 le 22 d\u00e9c. 2025 \u00e0 16h50 ; mis \u00e0 jour le 22 d\u00e9c. 2025&hellip;\n","protected":false},"author":2,"featured_media":616271,"comment_status":"","ping_status":"","sticky":false,"template":"","format":"standard","meta":{"footnotes":""},"categories":[1355],"tags":[58,59,1011,27,1652,1361,873,1391,473],"class_list":{"0":"post-616270","1":"post","2":"type-post","3":"status-publish","4":"format-standard","5":"has-post-thumbnail","7":"category-musique","8":"tag-divertissement","9":"tag-entertainment","10":"tag-fr","11":"tag-france","12":"tag-loisirs-culture","13":"tag-music","14":"tag-musique","15":"tag-necrologie","16":"tag-royaume-uni"},"share_on_mastodon":{"url":"https:\/\/pubeurope.com\/@fr\/115764516942118306","error":""},"_links":{"self":[{"href":"https:\/\/www.europesays.com\/fr\/wp-json\/wp\/v2\/posts\/616270","targetHints":{"allow":["GET"]}}],"collection":[{"href":"https:\/\/www.europesays.com\/fr\/wp-json\/wp\/v2\/posts"}],"about":[{"href":"https:\/\/www.europesays.com\/fr\/wp-json\/wp\/v2\/types\/post"}],"author":[{"embeddable":true,"href":"https:\/\/www.europesays.com\/fr\/wp-json\/wp\/v2\/users\/2"}],"replies":[{"embeddable":true,"href":"https:\/\/www.europesays.com\/fr\/wp-json\/wp\/v2\/comments?post=616270"}],"version-history":[{"count":0,"href":"https:\/\/www.europesays.com\/fr\/wp-json\/wp\/v2\/posts\/616270\/revisions"}],"wp:featuredmedia":[{"embeddable":true,"href":"https:\/\/www.europesays.com\/fr\/wp-json\/wp\/v2\/media\/616271"}],"wp:attachment":[{"href":"https:\/\/www.europesays.com\/fr\/wp-json\/wp\/v2\/media?parent=616270"}],"wp:term":[{"taxonomy":"category","embeddable":true,"href":"https:\/\/www.europesays.com\/fr\/wp-json\/wp\/v2\/categories?post=616270"},{"taxonomy":"post_tag","embeddable":true,"href":"https:\/\/www.europesays.com\/fr\/wp-json\/wp\/v2\/tags?post=616270"}],"curies":[{"name":"wp","href":"https:\/\/api.w.org\/{rel}","templated":true}]}}