{"id":616292,"date":"2025-12-22T18:10:17","date_gmt":"2025-12-22T18:10:17","guid":{"rendered":"https:\/\/www.europesays.com\/fr\/616292\/"},"modified":"2025-12-22T18:10:17","modified_gmt":"2025-12-22T18:10:17","slug":"saint-etienne-la-plainte-pour-diffamation-du-directeur-darcomik-une-nouvelle-fois-annulee","status":"publish","type":"post","link":"https:\/\/www.europesays.com\/fr\/616292\/","title":{"rendered":"Saint-Etienne. La plainte pour diffamation du directeur d\u2019Arcomik une nouvelle fois annul\u00e9e"},"content":{"rendered":"<p>Pour leurs propos tenus en conseil municipal le 24\u00a0janvier 2022 et retransmis en direct sur le site de la ville de Saint-Etienne, l\u2019ancien maire de Saint-Etienne, Ga\u00ebl Perdriau, et son adjoint \u00e0 la culture, Marc Chassaub\u00e9n\u00e9, avaient \u00e9t\u00e9 mis en examen pour \u00ab\u00a0diffamation publique envers un particulier\u00a0\u00bb, suite \u00e0 la plainte de Farid Bouabdellah, directeur artistique du festival Arcomik. Cette affaire, qui n\u2019a rien \u00e0 voir avec celle du chantage \u00e0 la sextape qui a \u00e9branl\u00e9 la ville depuis ao\u00fbt\u00a02022, a \u00e9t\u00e9 jug\u00e9e une premi\u00e8re fois \u00e0 Paris, devant le tribunal correctionnel, le 4\u00a0f\u00e9vrier 2025.<\/p>\n<p>Rappelons que Farid Bouabdellah avait d\u00e9pos\u00e9 plainte apr\u00e8s que Marc Chassaub\u00e9n\u00e9 eut \u00e9voqu\u00e9 des \u00ab\u00a0d\u00e9rives\u00a0\u00bb imputables \u00e0 son \u00ab\u00a0directeur prestataire\u00a0\u00bb, \u00e9voquant un fonctionnement \u00ab\u00a0opaque\u00a0\u00bb et des \u00ab\u00a0copinages malsains\u00a0\u00bb.<\/p>\n<p>  La cour d\u2019appel a confirm\u00e9 la nullit\u00e9 en deuxi\u00e8me instance<\/p>\n<p>Estimant que la plainte \u00e9tait confuse \u00ab\u00a0entre les propos oralement tenus ou leur mise \u00e0 disposition ult\u00e9rieurement apr\u00e8s validation sur le site internet de la ville, ou des deux\u00a0\u00bb, le tribunal parisien avait annul\u00e9 la plainte du directeur artistique qui a fait appel de cette d\u00e9cision. Jug\u00e9e \u00e0 nouveau mais cette fois en appel \u00e0 Paris, le 19\u00a0novembre dernier, la cour d\u2019appel a confirm\u00e9 la nullit\u00e9 en deuxi\u00e8me instance.<\/p>\n<p>Une d\u00e9cision de justice que Marc Chassaub\u00e9n\u00e9 s\u2019est empress\u00e9 de commenter, estimant que la justice lui a donn\u00e9 raison \u00ab\u00a0dans le litige qui m\u2019opposait au directeur du festival Arcomik\u00a0\u00bb. Pour le d\u00e9sormais premier adjoint \u00e0 la ville de Saint-Etienne, et le probable candidat \u00e0 la mairie de Saint-Etienne aux municipales de mars\u00a02026, \u00ab\u00a0ce jugement met un terme \u00e0 une situation qui m\u2019a emp\u00each\u00e9 de poser publiquement des questions sur l\u2019utilisation de fonds publics\u00a0\u00bb.<\/p>\n<p>  \u00ab\u00a0Reprendre sereinement ce d\u00e9bat\u00a0\u00bb, selon Marc Chassaub\u00e9n\u00e9<\/p>\n<p>Rappelons encore, que le festival Arcomik, qui rayonne sur tout le territoire de Saint-Etienne M\u00e9tropole, s\u2019est vu priver de subvention depuis 2022 par la ville de Saint-Etienne ainsi que par la m\u00e9tropole. Et que la m\u00eame ann\u00e9e, la Ville avait l\u2019intention de cr\u00e9er un autre festival d\u2019humour, port\u00e9 par l\u2019association GSM, \u00e0 la m\u00eame p\u00e9riode que le festival Arcomik.<\/p>\n<p>Aujourd\u2019hui, pour Marc Chassaub\u00e9n\u00e9, l\u2019annulation de la plainte en diffamation lui permet d\u00e9sormais de reprendre sereinement ce d\u00e9bat \u00ab\u00a0sur la transparence, l\u2019utilisation de l\u2019argent public et sur l\u2019\u00e9quit\u00e9 et les r\u00e8gles dans l\u2019attribution des subventions culturelles\u00a0\u00bb.<\/p>\n<p>  \u00ab\u00a0Le proc\u00e8s sur fond de la diffamation n\u2019a eu lieu\u00a0\u00bb, pour Farid Bouabdellah<\/p>\n<p>S\u2019il esp\u00e8re donc obtenir des r\u00e9ponses de la part du directeur artistique du festival Arcomik, ce dernier tient justement \u00e0 rappeler \u00ab\u00a0quand aucun cas, le proc\u00e8s sur fond de la diffamation n\u2019a eu lieu. Il a \u00e9t\u00e9 annul\u00e9 sur la forme de la proc\u00e9dure en premi\u00e8re instance. Et la nullit\u00e9 a \u00e9t\u00e9 confirm\u00e9e en deuxi\u00e8me instance, \u00e0 la nuance pr\u00e8s que les propos me visaient, mais que la justice ne savait pas sur quel support la juger\u00a0\u00bb.<\/p>\n<p class=\"note\">\u00c0 lire aussi\u00a0: Plainte en diffamation\u00a0: <a href=\"https:\/\/www.leprogres.fr\/faits-divers-justice\/2024\/08\/27\/plainte-en-diffamation-perdriau-et-chassaubene-renvoyes-devant-le-tribunal\" target=\"_blank\" rel=\"noopener\">Perdriau et Chassaub\u00e9n\u00e9 renvoy\u00e9s devant le tribunal<\/a><\/p>\n<p class=\"note\">\u00c0 lire aussi\u00a0: <a href=\"https:\/\/www.leprogres.fr\/societe\/2022\/01\/24\/au-conseil-municipal-le-festival-arcomik-met-le-feu-aux-poudres\" target=\"_blank\" rel=\"noopener\">Au conseil municipal, le Festival Arcomik met le feu aux poudres<\/a><\/p>\n","protected":false},"excerpt":{"rendered":"Pour leurs propos tenus en conseil municipal le 24\u00a0janvier 2022 et retransmis en direct sur le site de&hellip;\n","protected":false},"author":2,"featured_media":616293,"comment_status":"","ping_status":"","sticky":false,"template":"","format":"standard","meta":{"footnotes":""},"categories":[9653],"tags":[1111,11,2430,1984,7539,1777,674,274,1011,27,12,316,25,4001,7538],"class_list":{"0":"post-616292","1":"post","2":"type-post","3":"status-publish","4":"format-standard","5":"has-post-thumbnail","7":"category-saint-etienne","8":"tag-actu","9":"tag-actualites","10":"tag-auvergne-rhone-alpes","11":"tag-conseil-municipal","12":"tag-edition-loire-sud","13":"tag-eu","14":"tag-europe","15":"tag-faits-divers-justice","16":"tag-fr","17":"tag-france","18":"tag-news","19":"tag-politique","20":"tag-republique-francaise","21":"tag-saint-etienne","22":"tag-saint-etienne-ville"},"share_on_mastodon":{"url":"https:\/\/pubeurope.com\/@fr\/115764568469784249","error":""},"_links":{"self":[{"href":"https:\/\/www.europesays.com\/fr\/wp-json\/wp\/v2\/posts\/616292","targetHints":{"allow":["GET"]}}],"collection":[{"href":"https:\/\/www.europesays.com\/fr\/wp-json\/wp\/v2\/posts"}],"about":[{"href":"https:\/\/www.europesays.com\/fr\/wp-json\/wp\/v2\/types\/post"}],"author":[{"embeddable":true,"href":"https:\/\/www.europesays.com\/fr\/wp-json\/wp\/v2\/users\/2"}],"replies":[{"embeddable":true,"href":"https:\/\/www.europesays.com\/fr\/wp-json\/wp\/v2\/comments?post=616292"}],"version-history":[{"count":0,"href":"https:\/\/www.europesays.com\/fr\/wp-json\/wp\/v2\/posts\/616292\/revisions"}],"wp:featuredmedia":[{"embeddable":true,"href":"https:\/\/www.europesays.com\/fr\/wp-json\/wp\/v2\/media\/616293"}],"wp:attachment":[{"href":"https:\/\/www.europesays.com\/fr\/wp-json\/wp\/v2\/media?parent=616292"}],"wp:term":[{"taxonomy":"category","embeddable":true,"href":"https:\/\/www.europesays.com\/fr\/wp-json\/wp\/v2\/categories?post=616292"},{"taxonomy":"post_tag","embeddable":true,"href":"https:\/\/www.europesays.com\/fr\/wp-json\/wp\/v2\/tags?post=616292"}],"curies":[{"name":"wp","href":"https:\/\/api.w.org\/{rel}","templated":true}]}}