{"id":616301,"date":"2025-12-22T18:17:18","date_gmt":"2025-12-22T18:17:18","guid":{"rendered":"https:\/\/www.europesays.com\/fr\/616301\/"},"modified":"2025-12-22T18:17:18","modified_gmt":"2025-12-22T18:17:18","slug":"le-trottinettiste-montpellierain-victime-dun-accident-apres-avoir-grille-un-feu-rouge-a-succombe-a-ses-blessures","status":"publish","type":"post","link":"https:\/\/www.europesays.com\/fr\/616301\/","title":{"rendered":"Le trottinettiste montpelli\u00e9rain, victime d\u2019un accident apr\u00e8s avoir grill\u00e9 un feu rouge, a succomb\u00e9 \u00e0 ses blessures"},"content":{"rendered":"<p>\n                                                                Triste nouvelle. Le trottinettiste gri\u00e8vement bless\u00e9 apr\u00e8s une collision avec une voiture, le 29\u00a0novembre dernier \u00e0 Montpellier, s\u2019est \u00e9teint sur son lit d\u2019h\u00f4pital. Il n\u2019avait que 44 ans.\n                            <\/p>\n<p>Gri\u00e8vement bless\u00e9 par une voiture dans un accident de la circulation survenu le samedi 29\u00a0novembre dernier \u00e0 Montpellier, un trottinettiste \u00e2g\u00e9 de 44 ans est malheureusement d\u00e9c\u00e9d\u00e9 des suites de ses blessures, ce dimanche 21\u00a0d\u00e9cembre.<\/p>\n<p>L\u2019accident s\u2019\u00e9tait produit aux alentours de 15\u00a0h\u00a030 \u00e0 <a href=\"https:\/\/www.midilibre.fr\/2025\/12\/02\/trottinettiste-grievement-blesse-dans-un-choc-avec-une-voiture-a-montpellier-un-feu-rouge-grille-a-lorigine-de-laccident-13084645.php\" target=\"_self\" rel=\"noopener\">l\u2019intersection de l\u2019avenue Albert-Einstein et de la rue L\u00e9onard-de-Vinci<\/a>, dans le quartier de la Lironde.<\/p>\n<p>Gri\u00e8vement bless\u00e9 \u00e0 la t\u00eate<\/p>\n<p>Selon les \u00e9l\u00e9ments recueillis par la police nationale saisie de l\u2019enqu\u00eate, le pilote du deux-roues, qui ne roulait pas \u00e0 vitesse excessive, n\u2019aurait pas respect\u00e9 un feu rouge.<\/p>\n<p>Gri\u00e8vement bless\u00e9 \u00e0 la t\u00eate, le quadrag\u00e9naire avait \u00e9t\u00e9 pris en charge par les sapeurs-pompiers de l\u2019H\u00e9rault et transport\u00e9 au centre hospitalier Lapeyronie, o\u00f9 il avait \u00e9t\u00e9 admis en r\u00e9animation avec un pronostic vital engag\u00e9.<\/p>\n<p>Malgr\u00e9 les soins prodigu\u00e9s, il a succomb\u00e9 \u00e0 ses blessures pr\u00e8s de trois semaines plus tard. La conductrice, \u00e2g\u00e9e de 22 ans, qui a \u00e9t\u00e9 mise hors de cause, avait \u00e9t\u00e9 test\u00e9e n\u00e9gative \u00e0 l\u2019alcool et aux stup\u00e9fiants.<\/p>\n","protected":false},"excerpt":{"rendered":"Triste nouvelle. Le trottinettiste gri\u00e8vement bless\u00e9 apr\u00e8s une collision avec une voiture, le 29\u00a0novembre dernier \u00e0 Montpellier, s\u2019est&hellip;\n","protected":false},"author":2,"featured_media":616302,"comment_status":"","ping_status":"","sticky":false,"template":"","format":"standard","meta":{"footnotes":""},"categories":[9599],"tags":[1111,11,1777,674,118,1011,27,7089,2208,12,2680,25],"class_list":{"0":"post-616301","1":"post","2":"type-post","3":"status-publish","4":"format-standard","5":"has-post-thumbnail","7":"category-montpellier","8":"tag-actu","9":"tag-actualites","10":"tag-eu","11":"tag-europe","12":"tag-faits-divers","13":"tag-fr","14":"tag-france","15":"tag-herault","16":"tag-montpellier","17":"tag-news","18":"tag-occitanie","19":"tag-republique-francaise"},"share_on_mastodon":{"url":"https:\/\/pubeurope.com\/@fr\/115764595655662375","error":""},"_links":{"self":[{"href":"https:\/\/www.europesays.com\/fr\/wp-json\/wp\/v2\/posts\/616301","targetHints":{"allow":["GET"]}}],"collection":[{"href":"https:\/\/www.europesays.com\/fr\/wp-json\/wp\/v2\/posts"}],"about":[{"href":"https:\/\/www.europesays.com\/fr\/wp-json\/wp\/v2\/types\/post"}],"author":[{"embeddable":true,"href":"https:\/\/www.europesays.com\/fr\/wp-json\/wp\/v2\/users\/2"}],"replies":[{"embeddable":true,"href":"https:\/\/www.europesays.com\/fr\/wp-json\/wp\/v2\/comments?post=616301"}],"version-history":[{"count":0,"href":"https:\/\/www.europesays.com\/fr\/wp-json\/wp\/v2\/posts\/616301\/revisions"}],"wp:featuredmedia":[{"embeddable":true,"href":"https:\/\/www.europesays.com\/fr\/wp-json\/wp\/v2\/media\/616302"}],"wp:attachment":[{"href":"https:\/\/www.europesays.com\/fr\/wp-json\/wp\/v2\/media?parent=616301"}],"wp:term":[{"taxonomy":"category","embeddable":true,"href":"https:\/\/www.europesays.com\/fr\/wp-json\/wp\/v2\/categories?post=616301"},{"taxonomy":"post_tag","embeddable":true,"href":"https:\/\/www.europesays.com\/fr\/wp-json\/wp\/v2\/tags?post=616301"}],"curies":[{"name":"wp","href":"https:\/\/api.w.org\/{rel}","templated":true}]}}