{"id":616309,"date":"2025-12-22T18:22:17","date_gmt":"2025-12-22T18:22:17","guid":{"rendered":"https:\/\/www.europesays.com\/fr\/616309\/"},"modified":"2025-12-22T18:22:17","modified_gmt":"2025-12-22T18:22:17","slug":"a-la-veille-de-noel-cest-le-rush-dans-les-points-relais","status":"publish","type":"post","link":"https:\/\/www.europesays.com\/fr\/616309\/","title":{"rendered":"\u00e0 la veille de No\u00ebl, c\u2019est le rush dans les points relais"},"content":{"rendered":"<p>Dans les rues de Grenoble, les vitrines d\u00e9cor\u00e9es aux couleurs de No\u00ebl c\u00f4toient des arri\u00e8re-boutiques d\u00e9bordant de cartons. En cette p\u00e9riode de f\u00eates de fin d\u2019ann\u00e9e, les points relais colis, o\u00f9 arrivent les cadeaux command\u00e9s en lignes, sont devenus des lieux strat\u00e9giques, mais aussi des espaces sous forte tension.<\/p>\n<p>\u00c0 quelques centaines de m\u00e8tres de la place Saint-Bruno, le local de l\u2019association Afma&#8230;<\/p>\n","protected":false},"excerpt":{"rendered":"Dans les rues de Grenoble, les vitrines d\u00e9cor\u00e9es aux couleurs de No\u00ebl c\u00f4toient des arri\u00e8re-boutiques d\u00e9bordant de cartons.&hellip;\n","protected":false},"author":2,"featured_media":616310,"comment_status":"","ping_status":"","sticky":false,"template":"","format":"standard","meta":{"footnotes":""},"categories":[9566],"tags":[1111,11,2430,4406,130,33,112,1777,674,107,1011,27,2731,2732,108,12,25,106,104],"class_list":{"0":"post-616309","1":"post","2":"type-post","3":"status-publish","4":"format-standard","5":"has-post-thumbnail","7":"category-grenoble","8":"tag-actu","9":"tag-actualites","10":"tag-auvergne-rhone-alpes","11":"tag-commerce-et-services","12":"tag-consommation","13":"tag-economie","14":"tag-edition-grenoble-agglomeration","15":"tag-eu","16":"tag-europe","17":"tag-fil-info","18":"tag-fr","19":"tag-france","20":"tag-grenoble","21":"tag-grenoble-bassin","22":"tag-isere","23":"tag-news","24":"tag-republique-francaise","25":"tag-selection-de-la-redaction-38","26":"tag-societe"},"share_on_mastodon":{"url":"","error":""},"_links":{"self":[{"href":"https:\/\/www.europesays.com\/fr\/wp-json\/wp\/v2\/posts\/616309","targetHints":{"allow":["GET"]}}],"collection":[{"href":"https:\/\/www.europesays.com\/fr\/wp-json\/wp\/v2\/posts"}],"about":[{"href":"https:\/\/www.europesays.com\/fr\/wp-json\/wp\/v2\/types\/post"}],"author":[{"embeddable":true,"href":"https:\/\/www.europesays.com\/fr\/wp-json\/wp\/v2\/users\/2"}],"replies":[{"embeddable":true,"href":"https:\/\/www.europesays.com\/fr\/wp-json\/wp\/v2\/comments?post=616309"}],"version-history":[{"count":0,"href":"https:\/\/www.europesays.com\/fr\/wp-json\/wp\/v2\/posts\/616309\/revisions"}],"wp:featuredmedia":[{"embeddable":true,"href":"https:\/\/www.europesays.com\/fr\/wp-json\/wp\/v2\/media\/616310"}],"wp:attachment":[{"href":"https:\/\/www.europesays.com\/fr\/wp-json\/wp\/v2\/media?parent=616309"}],"wp:term":[{"taxonomy":"category","embeddable":true,"href":"https:\/\/www.europesays.com\/fr\/wp-json\/wp\/v2\/categories?post=616309"},{"taxonomy":"post_tag","embeddable":true,"href":"https:\/\/www.europesays.com\/fr\/wp-json\/wp\/v2\/tags?post=616309"}],"curies":[{"name":"wp","href":"https:\/\/api.w.org\/{rel}","templated":true}]}}