{"id":616311,"date":"2025-12-22T18:23:25","date_gmt":"2025-12-22T18:23:25","guid":{"rendered":"https:\/\/www.europesays.com\/fr\/616311\/"},"modified":"2025-12-22T18:23:25","modified_gmt":"2025-12-22T18:23:25","slug":"grenoble-nash-fait-sa-crise-dado","status":"publish","type":"post","link":"https:\/\/www.europesays.com\/fr\/616311\/","title":{"rendered":"Grenoble. Nash fait sa crise d\u2019ado"},"content":{"rendered":"<p>Qui a dit qu\u2019on ne pouvait pas avoir une crise d\u2019ado pass\u00e9 30\u00a0ans\u00a0? Avec beaucoup de sinc\u00e9rit\u00e9 et une \u00e9nergie communicative, Nash \u00e9voque son parcours, qui l\u2019a amen\u00e9e \u00e0 \u00eatre sur sc\u00e8ne aujourd\u2019hui. De ses r\u00eaves \u00e0 ses gal\u00e8res professionnelles et amoureuses, en passant par des anecdotes croustillantes, on aurait presque du mal \u00e0 croire que tout lui est r\u00e9ellement arriv\u00e9, et pourtant\u2026 Si vous avez envie de recharger les batteries en bonne humeur, venez d\u00e9couvrir ce rayon de soleil\u00a0!<\/p>\n<p class=\"note\">Jeudi 23\u00a0avril \u00e0 20\u00a0h \u00e0 L\u2019Ilyade, \u00e0 Seyssinet-Pariset. 29\u00a0\u20ac.<\/p>\n","protected":false},"excerpt":{"rendered":"Qui a dit qu\u2019on ne pouvait pas avoir une crise d\u2019ado pass\u00e9 30\u00a0ans\u00a0? Avec beaucoup de sinc\u00e9rit\u00e9 et&hellip;\n","protected":false},"author":2,"featured_media":616312,"comment_status":"","ping_status":"","sticky":false,"template":"","format":"standard","meta":{"footnotes":""},"categories":[9566],"tags":[1111,11,2430,1687,112,1777,674,1011,27,2731,2732,108,12,25,3140],"class_list":{"0":"post-616311","1":"post","2":"type-post","3":"status-publish","4":"format-standard","5":"has-post-thumbnail","7":"category-grenoble","8":"tag-actu","9":"tag-actualites","10":"tag-auvergne-rhone-alpes","11":"tag-culture-loisirs","12":"tag-edition-grenoble-agglomeration","13":"tag-eu","14":"tag-europe","15":"tag-fr","16":"tag-france","17":"tag-grenoble","18":"tag-grenoble-bassin","19":"tag-isere","20":"tag-news","21":"tag-republique-francaise","22":"tag-spectacle"},"share_on_mastodon":{"url":"https:\/\/pubeurope.com\/@fr\/115764619258330456","error":""},"_links":{"self":[{"href":"https:\/\/www.europesays.com\/fr\/wp-json\/wp\/v2\/posts\/616311","targetHints":{"allow":["GET"]}}],"collection":[{"href":"https:\/\/www.europesays.com\/fr\/wp-json\/wp\/v2\/posts"}],"about":[{"href":"https:\/\/www.europesays.com\/fr\/wp-json\/wp\/v2\/types\/post"}],"author":[{"embeddable":true,"href":"https:\/\/www.europesays.com\/fr\/wp-json\/wp\/v2\/users\/2"}],"replies":[{"embeddable":true,"href":"https:\/\/www.europesays.com\/fr\/wp-json\/wp\/v2\/comments?post=616311"}],"version-history":[{"count":0,"href":"https:\/\/www.europesays.com\/fr\/wp-json\/wp\/v2\/posts\/616311\/revisions"}],"wp:featuredmedia":[{"embeddable":true,"href":"https:\/\/www.europesays.com\/fr\/wp-json\/wp\/v2\/media\/616312"}],"wp:attachment":[{"href":"https:\/\/www.europesays.com\/fr\/wp-json\/wp\/v2\/media?parent=616311"}],"wp:term":[{"taxonomy":"category","embeddable":true,"href":"https:\/\/www.europesays.com\/fr\/wp-json\/wp\/v2\/categories?post=616311"},{"taxonomy":"post_tag","embeddable":true,"href":"https:\/\/www.europesays.com\/fr\/wp-json\/wp\/v2\/tags?post=616311"}],"curies":[{"name":"wp","href":"https:\/\/api.w.org\/{rel}","templated":true}]}}