{"id":616313,"date":"2025-12-22T18:24:22","date_gmt":"2025-12-22T18:24:22","guid":{"rendered":"https:\/\/www.europesays.com\/fr\/616313\/"},"modified":"2025-12-22T18:24:22","modified_gmt":"2025-12-22T18:24:22","slug":"voici-ou-les-flocons-devraient-tomber","status":"publish","type":"post","link":"https:\/\/www.europesays.com\/fr\/616313\/","title":{"rendered":"voici o\u00f9 les flocons devraient tomber"},"content":{"rendered":"<p>                    Par<br \/>\n        <strong><br \/>\n            <a href=\"https:\/\/actu.fr\/auteur\/brian-legoff\" title=\"Consulter tous les articles de Brian Le Goff\" target=\"_blank\" rel=\"noopener\">Brian Le Goff<\/a><br \/>\n                    <\/strong><\/p>\n<p>        Publi\u00e9 le<\/p>\n<p>            22 d\u00e9c. 2025 \u00e0 18h42        <\/p>\n<p><strong>On vous en parlait d\u00e9j\u00e0<\/strong> vendredi dernier, <a href=\"https:\/\/actu.fr\/bretagne\/rennes_35238\/de-petites-chutes-de-neige-en-bretagne-durant-les-fetes-de-noel-ce-que-disent-les-modeles-meteorologiques_63593829.html\" target=\"_blank\" rel=\"noopener\">\u00ab\u2009de petites chutes de neige\u2009\u00bb vont gagner la Bretagne durant les f\u00eates de No\u00ebl<\/a>. Ce lundi 22\u00a0d\u00e9cembre, les<strong> pr\u00e9visions se confirment<\/strong> encore davantage. \u00ab\u2009Un<strong> risque de flocons et de saupoudrage temporaire<\/strong> de sols d\u2019une partie de la r\u00e9gion est attendu le matin de <a href=\"https:\/\/actu.fr\/tag\/noel\" target=\"_blank\" rel=\"noopener\">No\u00ebl\u2009\u00bb<\/a>, indique <strong>J\u00e9r\u00f4me Dr\u00e9ano<\/strong>, m\u00e9t\u00e9orologue chez <a href=\"https:\/\/www.meteo.bzh\/\" target=\"_blank\" rel=\"noopener\">M\u00e9t\u00e9o Bretagne<\/a>.<\/p>\n<p class=\" wall-content\">\n<p>Dans la nuit de mercredi \u00e0 jeudi<\/p>\n<p class=\" wall-content\">Cette situation s\u2019explique par le <strong>passage d\u2019une goutte froide<\/strong> d\u2019est en ouest sur la France, qui circulera \u00e9galement sur la Bretagne dans la nuit de mercredi \u00e0 jeudi. \u00ab\u2009Les temp\u00e9ratures seront tr\u00e8s basses et la goutte froide devrait apporter un peu d\u2019humidit\u00e9. Si pr\u00e9cipitations il y a, avec le thermom\u00e8tre autour de 0\u00a0\u00b0C ou l\u00e9g\u00e8rement en dessous, les<strong> flocons peuvent tenir un peu et amener tout son c\u00f4t\u00e9 f\u00e9erique \u00e0 No\u00ebl notamment en Ille-et-Vilaine et dans le Morbihan, dans les terres des C\u00f4tes-d\u2019Armor, mais aussi en Loire-Atlantique\u2009\u00bb<\/strong>, d\u00e9veloppe J\u00e9r\u00f4me Dr\u00e9ano.<\/p>\n<p class=\" wall-content\">Avant cela, <strong>mardi 23\u00a0d\u00e9cembre, le temps sera plut\u00f4t calme et gris.<\/strong> Le vent passe en flux de nord-est et apporte de l\u2019air plus froid venu des terres. Les <strong>temp\u00e9ratures commencent \u00e0 baisser<\/strong> le matin avec au minimum 1 \u00e0 2\u00a0\u00b0C sur le Centre-Bretagne, les secteurs de Broc\u00e9liande et de Redon, tout comme en Ille-et-Vilaine.<\/p>\n<p class=\" wall-content\">Sur le littoral, il fera entre 5 et 6\u00a0\u00b0C le matin. Le reste de la journ\u00e9e, entre 9 et 10\u00a0\u00b0C. <strong>Quelques gouttes de pluie sont possibles<\/strong> sous les nuages les plus importants.<\/p>\n<p>Des rafales de vent jusqu\u2019\u00e0 80\u00a0km\/h pour le r\u00e9veillon<\/p>\n<p class=\" wall-content\">Mercredi, \u00e0 l\u2019\u00e9chelle de la Bretagne, le <strong>vent de nord-est est fort, notamment le long des c\u00f4tes de la Manche<\/strong> avec des rafales jusqu\u2019\u00e0 80\u00a0km\/h. \u00ab\u2009L\u2019ambiance sera vraiment froide. Entre 0 et 2\u00a0\u00b0C est attendu sur la r\u00e9gion le matin, comme \u00e0 <a href=\"https:\/\/actu.fr\/rennes\/\" target=\"_blank\" rel=\"noopener\">Rennes<\/a> et Vannes. Les maximales ne d\u00e9passent plus les 5 \u00e0 7\u00a0\u00b0C, sur la pointe du Finist\u00e8re\u2009\u00bb, continue le m\u00e9t\u00e9orologue de M\u00e9t\u00e9o Bretagne.<\/p>\n<p class=\" wall-content\">Les<strong> jours suivants No\u00ebl, le temps est sec,<\/strong> mais le vent de nord-est reste pr\u00e9sent et maintient une ambiance hivernale sur l\u2019est et le Centre-Bretagne. Encore, une fois, les maximales ne sont pas bien chaudes pour la<strong> fin de semaine<\/strong> sur une grosse partie du Morbihan, de l\u2019Ille-et-Vilaine, des C\u00f4tes-d\u2019Armor, avec<strong> 2 \u00e0 3\u00a0\u00b0C attendus<\/strong>. Il ne fera que 4\u00a0\u00b0C \u00e0 Brest l\u2019apr\u00e8s-midi.<\/p>\n<p>Votre r\u00e9gion, votre actu !<\/p>\n<p>Recevez chaque jour les infos qui comptent pour vous.<\/p>\n<p>\t<a href=\"https:\/\/actu.fr\/newsletter\" class=\"ac-btn ac-btn--corner ac-btn--medium ac-btn--blue800\" target=\"_blank\" rel=\"noopener\">S&rsquo;incrire<\/a><br \/>\nUne tendance froide jusqu\u2019en 2026<\/p>\n<p class=\" wall-content\">En <strong>d\u00e9but de semaine prochaine, \u00e7a devrait le m\u00eame sch\u00e9ma<\/strong>. \u00ab\u2009On observe une tendance froide \u00e0 long terme, jusqu\u2019\u00e0 au moins d\u00e9but janvier\u2009\u00bb, conclut J\u00e9r\u00f4me Dr\u00e9ano.<\/p>\n<p class=\" wall-content\">Personnalisez votre actualit\u00e9 en ajoutant vos villes et m\u00e9dias en favori avec <a href=\"https:\/\/moncompte.actu.fr\" title=\"D\u00e9couvez Mon Actu\" rel=\"nofollow noopener\" data-trk=\"{&quot;cta&quot;:{&quot;action&quot;:&quot;https:\\\/\\\/moncompte.actu.fr&quot;,&quot;category&quot;:&quot;mon compte&quot;,&quot;from&quot;:&quot;article footer&quot;,&quot;name&quot;:&quot;Mon actu&quot;,&quot;type&quot;:&quot;cta&quot;}}\" target=\"_blank\">Mon Actu<\/a>.<\/p>\n","protected":false},"excerpt":{"rendered":"Par Brian Le Goff Publi\u00e9 le 22 d\u00e9c. 2025 \u00e0 18h42 On vous en parlait d\u00e9j\u00e0 vendredi dernier,&hellip;\n","protected":false},"author":2,"featured_media":616314,"comment_status":"","ping_status":"","sticky":false,"template":"","format":"standard","meta":{"footnotes":""},"categories":[2821],"tags":[1111,11,829,1777,674,1011,27,2487,10584,12,15830,57084,584,25],"class_list":{"0":"post-616313","1":"post","2":"type-post","3":"status-publish","4":"format-standard","5":"has-post-thumbnail","7":"category-rennes","8":"tag-actu","9":"tag-actualites","10":"tag-bretagne","11":"tag-eu","12":"tag-europe","13":"tag-fr","14":"tag-france","15":"tag-meteo","16":"tag-neige","17":"tag-news","18":"tag-noel","19":"tag-noel-a-rennes","20":"tag-rennes","21":"tag-republique-francaise"},"share_on_mastodon":{"url":"https:\/\/pubeurope.com\/@fr\/115764623167729862","error":""},"_links":{"self":[{"href":"https:\/\/www.europesays.com\/fr\/wp-json\/wp\/v2\/posts\/616313","targetHints":{"allow":["GET"]}}],"collection":[{"href":"https:\/\/www.europesays.com\/fr\/wp-json\/wp\/v2\/posts"}],"about":[{"href":"https:\/\/www.europesays.com\/fr\/wp-json\/wp\/v2\/types\/post"}],"author":[{"embeddable":true,"href":"https:\/\/www.europesays.com\/fr\/wp-json\/wp\/v2\/users\/2"}],"replies":[{"embeddable":true,"href":"https:\/\/www.europesays.com\/fr\/wp-json\/wp\/v2\/comments?post=616313"}],"version-history":[{"count":0,"href":"https:\/\/www.europesays.com\/fr\/wp-json\/wp\/v2\/posts\/616313\/revisions"}],"wp:featuredmedia":[{"embeddable":true,"href":"https:\/\/www.europesays.com\/fr\/wp-json\/wp\/v2\/media\/616314"}],"wp:attachment":[{"href":"https:\/\/www.europesays.com\/fr\/wp-json\/wp\/v2\/media?parent=616313"}],"wp:term":[{"taxonomy":"category","embeddable":true,"href":"https:\/\/www.europesays.com\/fr\/wp-json\/wp\/v2\/categories?post=616313"},{"taxonomy":"post_tag","embeddable":true,"href":"https:\/\/www.europesays.com\/fr\/wp-json\/wp\/v2\/tags?post=616313"}],"curies":[{"name":"wp","href":"https:\/\/api.w.org\/{rel}","templated":true}]}}