{"id":616315,"date":"2025-12-22T18:25:17","date_gmt":"2025-12-22T18:25:17","guid":{"rendered":"https:\/\/www.europesays.com\/fr\/616315\/"},"modified":"2025-12-22T18:25:17","modified_gmt":"2025-12-22T18:25:17","slug":"des-chiffres-en-hausse-le-procureur-de-rennes-dresse-le-bilan","status":"publish","type":"post","link":"https:\/\/www.europesays.com\/fr\/616315\/","title":{"rendered":"des chiffres en hausse, le procureur de Rennes dresse le bilan"},"content":{"rendered":"<p class=\"article__intro\">Pr\u00e8s de 2100 Amendes Forfaitaires D\u00e9lictuelles (AFD) enregistr\u00e9es en 2025 par le tribunal judiciaire de Rennes. Soit une hausse de 12%. Quatre sur dix sont li\u00e9es \u00e0 la consommation de stup\u00e9fiants. Le procureur de la R\u00e9publique de Rennes s&rsquo;explique.<\/p>\n<p>\n      La Quotidienne Soci\u00e9t\u00e9\n    <\/p>\n<p>\n      De la vie quotidienne aux grands enjeux, recevez tous les jours les sujets qui font la soci\u00e9t\u00e9 locale, comme la justice, l\u2019\u00e9ducation, la sant\u00e9 et la famille.\n    <\/p>\n<p>    France T\u00e9l\u00e9visions utilise votre adresse e-mail afin de vous envoyer la newsletter \u00ab\u00a0La Quotidienne Soci\u00e9t\u00e9\u00a0\u00bb. Vous pouvez vous d\u00e9sinscrire \u00e0 tout moment via le lien en bas de cette newsletter. <a target=\"_blank\" href=\"https:\/\/www.francetelevisions.fr\/groupe\/confidentialite\/politique-de-confidentialite\/politique-de-confidentialite-de-france-televisions-6503\" rel=\"noopener\">Notre politique de confidentialit\u00e9<\/a><\/p>\n<p>A quelques jours de la fin de l&rsquo;ann\u00e9e 2025, Fr\u00e9d\u00e9ric Teillet, procureur de la R\u00e9publique a Rennes fait un point sur les AFD, les \u00ab\u00a0Amendes Forfaitaires D\u00e9lictuelles\u00a0\u00bb dans le ressort du Tribunal de Rennnes, c&rsquo;est-\u00e0-dire les deux tiers sud du d\u00e9partement d&rsquo;Ille-et-Vilaine (sans prendre en compte la zone du tribunal de Saint-Malo). Une zone qui englobe environ un million d&rsquo;habitants. Des AFD qui concernent principalement des d\u00e9lits li\u00e9s \u00e0 la consommation de <a href=\"https:\/\/france3-regions.franceinfo.fr\/bretagne\/cotes-d-armor\/saint-brieuc\/trafic-de-cocaine-et-de-cannabis-entre-saint-brieuc-et-lamballe-deux-trafiquants-places-en-detention-et-d-autres-condamnes-3269078.html\" target=\"_blank\" data-tooltip-url=\"https:\/\/france3-regions.franceinfo.fr\/bretagne\/cotes-d-armor\/saint-brieuc\/trafic-de-cocaine-et-de-cannabis-entre-saint-brieuc-et-lamballe-deux-trafiquants-places-en-detention-et-d-autres-condamnes-3269078.html\" rel=\"noopener\">stup\u00e9fiants<\/a>.<\/p>\n<p>Selon le procureur, \u00ab\u00a0en 2024, 1866 AFD ont \u00e9t\u00e9 dress\u00e9es pour cette infraction sur le ressort du TJ de Rennes. Ce chiffre est en augmentation. Il \u00e9tait de 1675 en 2023 et devrait \u00eatre de pr\u00e8s de 2100 en fin d\u2019ann\u00e9e 2025.\u00a0\u00bb Soit une hausse de 12 % entre 2024 et 2025.<\/p>\n<blockquote class=\"ftvi_content_quote\">\n<p class=\"ftvi_citation_quote\">Les Amendes Forfaitaires D\u00e9lictuelles li\u00e9es aux stup\u00e9fiants repr\u00e9sentent 40% du total des AFD.<\/p>\n<p>Fr\u00e9d\u00e9ric Teillet<\/p>\n<p class=\"ftvi_citation_source\">procureur de la r\u00e9publique \u00e0 Rennes<\/p>\n<\/blockquote>\n<p>Une part importante de ces AFD est li\u00e9e aux stup\u00e9fiants. Selon Fr\u00e9d\u00e9ric Teillet, \u00ab\u00a0l\u2019AFD pour cette infraction repr\u00e9sente plus de 40% des verbalisations en AFD.\u00a0\u00bb<\/p>\n<p>Toujours selon le procureur de la R\u00e9publique de Rennes, ces hausses observ\u00e9es en la mati\u00e8re s&rsquo;expliquent par plusieurs facteurs \u00ab\u00a0Une meilleure connaissance et ma\u00eetrise, par les Forces de S\u00e9curit\u00e9 Int\u00e9rieures, du dispositif AFD au fil des ann\u00e9es. Il y a aussi la plus grande pr\u00e9sence des policiers et des gendarmes sur les points de deal et enfin, une politique p\u00e9nale visant \u00e0 poursuivre davantage le consommateur.\u00a0\u00bb<\/p>\n<p>D&rsquo;apr\u00e8s les chiffres du parquet de Rennes, \u00ab\u00a0sur l\u2019ensemble des verbalisations en AFD r\u00e9alis\u00e9es en 2024 sur le ressort du Tribunal judiciaire de Rennes, 89% portaient sur du <a href=\"https:\/\/france3-regions.franceinfo.fr\/bretagne\/cotes-d-armor\/saint-brieuc\/fouilles-xxl-a-la-maison-d-arret-de-saint-brieuc-3269087.html\" target=\"_blank\" data-tooltip-url=\"https:\/\/france3-regions.franceinfo.fr\/bretagne\/cotes-d-armor\/saint-brieuc\/fouilles-xxl-a-la-maison-d-arret-de-saint-brieuc-3269087.html\" rel=\"noopener\">cannabis<\/a>, 8% sur de la coca\u00efne et 3% sur de l\u2019ecstasy.\u00a0\u00bb<\/p>\n<p>Les Amendes Forfaitaires D\u00e9lictuelles ont d&rsquo;abord \u00e9t\u00e9 cr\u00e9\u00e9es en 2016 pour les infractions routi\u00e8res. Depuis 2020, la loi a \u00e9volu\u00e9 pour qu&rsquo;elles s&rsquo;appliquent \u00e9galement \u00e0 l&rsquo;usage des stup\u00e9fiants. Enfin, depuis 2022, elles s&rsquo;attaquent \u00e9galement aux occupations illicites d&rsquo;espaces communs comme les halls d&rsquo;immeubles o\u00f9 peuvent s&rsquo;installer des trafics. Ces amendes permettent d&rsquo;effectuer une sanction imm\u00e9diate pour certains d\u00e9lits sans passer devant un juge.<\/p>\n<p>Le 16 d\u00e9cembre dernier, lors d&rsquo;un voyage officiel \u00e0 Marseille, Emmanuel Macron a annonc\u00e9 que l&rsquo;AFD pour usages de drogues allait passer \u00ab\u00a0\u00e0 500 euros contre 200 euros actuellement.\u00a0\u00bb<\/p>\n<blockquote class=\"ftvi_content_quote\">\n<p class=\"ftvi_citation_quote\">Il faut taper au portefeuille, parce que \u00e7a n&rsquo;est pas festif de se droguer.<\/p>\n<p>Emmanuel Macron<\/p>\n<p class=\"ftvi_citation_source\">Pr\u00e9sident de la R\u00e9publique<\/p>\n<\/blockquote>\n<p>Pour le chef de l&rsquo;Etat, \u00ab\u00a0il faut taper au portefeuille, parce que \u00e7a n&rsquo;est pas festif de se droguer.\u00a0\u00bb<\/p>\n<p>En France, en 2024, cinq cent mille AFD ont \u00e9t\u00e9 valid\u00e9es, soit dix pour cent de l&rsquo;ensemble des d\u00e9lits.<\/p>\n<p>De son c\u00f4t\u00e9, il y a deux ans, Claire H\u00e9don, la d\u00e9fenseure des droits a appel\u00e9 \u00e0 supprimer ce dispositif des AFD, d\u00e9non\u00e7ant des dysfonctionnements importants, que ce soit par les difficult\u00e9s de contestation ou encore de risques d&rsquo;arbitraire dans la verbalisation.<\/p>\n<p>\u00a0<\/p>\n","protected":false},"excerpt":{"rendered":"Pr\u00e8s de 2100 Amendes Forfaitaires D\u00e9lictuelles (AFD) enregistr\u00e9es en 2025 par le tribunal judiciaire de Rennes. Soit une&hellip;\n","protected":false},"author":2,"featured_media":616316,"comment_status":"","ping_status":"","sticky":false,"template":"","format":"standard","meta":{"footnotes":""},"categories":[2821],"tags":[1111,11,829,1777,674,1011,27,12,584,25],"class_list":{"0":"post-616315","1":"post","2":"type-post","3":"status-publish","4":"format-standard","5":"has-post-thumbnail","7":"category-rennes","8":"tag-actu","9":"tag-actualites","10":"tag-bretagne","11":"tag-eu","12":"tag-europe","13":"tag-fr","14":"tag-france","15":"tag-news","16":"tag-rennes","17":"tag-republique-francaise"},"share_on_mastodon":{"url":"https:\/\/pubeurope.com\/@fr\/115764627047006610","error":""},"_links":{"self":[{"href":"https:\/\/www.europesays.com\/fr\/wp-json\/wp\/v2\/posts\/616315","targetHints":{"allow":["GET"]}}],"collection":[{"href":"https:\/\/www.europesays.com\/fr\/wp-json\/wp\/v2\/posts"}],"about":[{"href":"https:\/\/www.europesays.com\/fr\/wp-json\/wp\/v2\/types\/post"}],"author":[{"embeddable":true,"href":"https:\/\/www.europesays.com\/fr\/wp-json\/wp\/v2\/users\/2"}],"replies":[{"embeddable":true,"href":"https:\/\/www.europesays.com\/fr\/wp-json\/wp\/v2\/comments?post=616315"}],"version-history":[{"count":0,"href":"https:\/\/www.europesays.com\/fr\/wp-json\/wp\/v2\/posts\/616315\/revisions"}],"wp:featuredmedia":[{"embeddable":true,"href":"https:\/\/www.europesays.com\/fr\/wp-json\/wp\/v2\/media\/616316"}],"wp:attachment":[{"href":"https:\/\/www.europesays.com\/fr\/wp-json\/wp\/v2\/media?parent=616315"}],"wp:term":[{"taxonomy":"category","embeddable":true,"href":"https:\/\/www.europesays.com\/fr\/wp-json\/wp\/v2\/categories?post=616315"},{"taxonomy":"post_tag","embeddable":true,"href":"https:\/\/www.europesays.com\/fr\/wp-json\/wp\/v2\/tags?post=616315"}],"curies":[{"name":"wp","href":"https:\/\/api.w.org\/{rel}","templated":true}]}}