{"id":616317,"date":"2025-12-22T18:26:27","date_gmt":"2025-12-22T18:26:27","guid":{"rendered":"https:\/\/www.europesays.com\/fr\/616317\/"},"modified":"2025-12-22T18:26:27","modified_gmt":"2025-12-22T18:26:27","slug":"perdus-des-vacanciers-suivent-leur-gps-et-tombent-dans-une-fosse-sur-les-rails-du-tram","status":"publish","type":"post","link":"https:\/\/www.europesays.com\/fr\/616317\/","title":{"rendered":"perdus, des vacanciers suivent leur GPS et tombent dans une fosse sur les rails du tram"},"content":{"rendered":"<p>                    Par<br \/>\n        <strong><br \/>\n            <a href=\"https:\/\/actu.fr\/auteur\/thomas-blanc\" title=\"Consulter tous les articles de Thomas Blanc\" target=\"_blank\" rel=\"noopener\">Thomas Blanc<\/a><br \/>\n                    <\/strong><\/p>\n<p>        Publi\u00e9 le<\/p>\n<p>            22 d\u00e9c. 2025 \u00e0 19h04        <\/p>\n<p>Peu avant 18h ce lundi 22 d\u00e9cembre, sur le pont de Saverne \u00e0 <a href=\"https:\/\/actu.fr\/strasbourg\/\" target=\"_blank\" rel=\"noopener\">Strasbourg<\/a>, <strong>une voiture est tomb\u00e9e<\/strong> dans une <a href=\"https:\/\/actu.fr\/grand-est\/strasbourg_67482\/strasbourg-c-est-quoi-ces-fosses-anti-intrusion-mis-en-place-par-la-cts-pendant-le-marche-de-noel_63489884.html\" target=\"_blank\" rel=\"noopener\">fosse anti-intrusion dispos\u00e9e sur les rails du tramway de la CTS<\/a>. Le temps de d\u00e9gager la voiture, <strong>le trafic des trams a \u00e9t\u00e9 impact\u00e9<\/strong>.<\/p>\n<p>Des vacanciers perdus tombent dans une fosse anti-intrusion \u00e0 Strasbourg<\/p>\n<p class=\" wall-content\">Sur place, un SUV noir, <strong>le nez plant\u00e9 dans le sol<\/strong>. \u00c0 bord, un couple tout juste arriv\u00e9 de La Baule (<a href=\"https:\/\/actu.fr\/pays-de-la-loire\/loire-atlantique_44\" target=\"_blank\" rel=\"noopener\">Loire-Atlantique<\/a>) pour profiter de l\u2019ambiance de <a href=\"https:\/\/actu.fr\/tag\/noel\" target=\"_blank\" rel=\"noopener\">No\u00ebl<\/a> \u00e0 Strasbourg. La fosse dont est prisonnier le v\u00e9hicule sert \u00ab\u2009\u00e0 emp\u00eacher que les voitures empruntent les voies du tram <strong>pour p\u00e9n\u00e9trer \u00e0 l\u2019int\u00e9rieur <\/strong>du <a href=\"https:\/\/actu.fr\/tag\/marche-de-noel-de-strasbourg\" target=\"_blank\" rel=\"noopener\">march\u00e9 de No\u00ebl<\/a>\u2009\u00bb selon la <a href=\"https:\/\/actu.fr\/tag\/compagnie-des-transports-strasbourgeois-cts\" target=\"_blank\" rel=\"noopener\">Compagnie des transports strasbourgeois (CTS)<\/a>.<\/p>\n<p class=\" wall-content\">En l\u2019occurrence, c\u2019est d\u2019en sortir qu\u2019en ont \u00e9t\u00e9 emp\u00each\u00e9s Sonia et son mari, <strong>victimes d\u2019une erreur de GPS<\/strong>. \u00ab\u2009Nous \u00e9tions \u00e0 la recherche de l\u2019h\u00f4tel Mercure o\u00f9 nous allons s\u00e9journer, <strong>le GPS nous a conduits \u00e0 l\u2019int\u00e9rieur du p\u00e9rim\u00e8tre de s\u00e9curit\u00e9<\/strong> et on nous a laiss\u00e9 passer (une autorisation est normalement n\u00e9cessaire pour p\u00e9n\u00e9trer sur la Grande Ile en voiture, Ndlr)\u2009\u00bb, raconte Sonia \u00e0 Actu Strasbourg.<\/p>\n<p>    <img   decoding=\"async\" loading=\"lazy\" src=\"https:\/\/www.europesays.com\/fr\/wp-content\/uploads\/2025\/12\/voiture-tram-2-censored-960x640.jpg\" alt=\"L'accident a perturb\u00e9 un temps le trafic du tramway.\" width=\"960\" height=\"640\"\/><br \/>\n    L\u2019accident a perturb\u00e9 un temps le trafic du tramway. (\u00a9Thomas Blanc \/ Actu Strasbourg)L\u2019accident a perturb\u00e9 la circulation du tram C<\/p>\n<p class=\" wall-content\">\u00ab\u2009Afin d\u2019en sortir, on a demand\u00e9 notre chemin, on nous a dit d\u2019emprunter le pont de Paris. On s\u2019est tromp\u00e9 et comme il n\u2019y a pas de barri\u00e8re avant les rails du tram sur le pont de Saverne, <strong>on s\u2019est engag\u00e9 et on est tomb\u00e9<\/strong>\u2009\u00bb, explique-t-elle.<\/p>\n<p class=\" wall-content\">\u00ab\u2009Ce n\u2019est pas bien grave, ce n\u2019est que le d\u00e9but des vacances\u2009\u00bb, s\u2019amuse la Lig\u00e9rienne \u00e0 propos de cette m\u00e9saventure. \u00ab<strong>\u2009Cela arrive tous les ans<\/strong>\u2009\u00bb, ironise m\u00eame un policier pr\u00e9sent sur place.<\/p>\n<p class=\" wall-content\">L\u2019accident <strong>a perturb\u00e9 le trafic de la CTS<\/strong>, le terminus de la ligne C du tram s\u2019est effectu\u00e9 \u00e0 <strong>Homme de Fer<\/strong> le temps de l\u2019intervention de la d\u00e9panneuse, la ligne ne desservait ainsi plus <strong>la Gare Centrale<\/strong>.<\/p>\n<p class=\" wall-content\">Personnalisez votre actualit\u00e9 en ajoutant vos villes et m\u00e9dias en favori avec <a href=\"https:\/\/moncompte.actu.fr\" title=\"D\u00e9couvez Mon Actu\" rel=\"nofollow noopener\" data-trk=\"{&quot;cta&quot;:{&quot;action&quot;:&quot;https:\\\/\\\/moncompte.actu.fr&quot;,&quot;category&quot;:&quot;mon compte&quot;,&quot;from&quot;:&quot;article footer&quot;,&quot;name&quot;:&quot;Mon actu&quot;,&quot;type&quot;:&quot;cta&quot;}}\" target=\"_blank\">Mon Actu<\/a>.<\/p>\n","protected":false},"excerpt":{"rendered":"Par Thomas Blanc Publi\u00e9 le 22 d\u00e9c. 2025 \u00e0 19h04 Peu avant 18h ce lundi 22 d\u00e9cembre, sur&hellip;\n","protected":false},"author":2,"featured_media":616318,"comment_status":"","ping_status":"","sticky":false,"template":"","format":"standard","meta":{"footnotes":""},"categories":[2820],"tags":[119,1111,11,7344,1777,674,118,1011,27,775,12,25,640],"class_list":{"0":"post-616317","1":"post","2":"type-post","3":"status-publish","4":"format-standard","5":"has-post-thumbnail","7":"category-strasbourg","8":"tag-accident","9":"tag-actu","10":"tag-actualites","11":"tag-compagnie-des-transports-strasbourgeois-cts","12":"tag-eu","13":"tag-europe","14":"tag-faits-divers","15":"tag-fr","16":"tag-france","17":"tag-grand-est","18":"tag-news","19":"tag-republique-francaise","20":"tag-strasbourg"},"share_on_mastodon":{"url":"https:\/\/pubeurope.com\/@fr\/115764631845278398","error":""},"_links":{"self":[{"href":"https:\/\/www.europesays.com\/fr\/wp-json\/wp\/v2\/posts\/616317","targetHints":{"allow":["GET"]}}],"collection":[{"href":"https:\/\/www.europesays.com\/fr\/wp-json\/wp\/v2\/posts"}],"about":[{"href":"https:\/\/www.europesays.com\/fr\/wp-json\/wp\/v2\/types\/post"}],"author":[{"embeddable":true,"href":"https:\/\/www.europesays.com\/fr\/wp-json\/wp\/v2\/users\/2"}],"replies":[{"embeddable":true,"href":"https:\/\/www.europesays.com\/fr\/wp-json\/wp\/v2\/comments?post=616317"}],"version-history":[{"count":0,"href":"https:\/\/www.europesays.com\/fr\/wp-json\/wp\/v2\/posts\/616317\/revisions"}],"wp:featuredmedia":[{"embeddable":true,"href":"https:\/\/www.europesays.com\/fr\/wp-json\/wp\/v2\/media\/616318"}],"wp:attachment":[{"href":"https:\/\/www.europesays.com\/fr\/wp-json\/wp\/v2\/media?parent=616317"}],"wp:term":[{"taxonomy":"category","embeddable":true,"href":"https:\/\/www.europesays.com\/fr\/wp-json\/wp\/v2\/categories?post=616317"},{"taxonomy":"post_tag","embeddable":true,"href":"https:\/\/www.europesays.com\/fr\/wp-json\/wp\/v2\/tags?post=616317"}],"curies":[{"name":"wp","href":"https:\/\/api.w.org\/{rel}","templated":true}]}}