{"id":616321,"date":"2025-12-22T18:28:16","date_gmt":"2025-12-22T18:28:16","guid":{"rendered":"https:\/\/www.europesays.com\/fr\/616321\/"},"modified":"2025-12-22T18:28:16","modified_gmt":"2025-12-22T18:28:16","slug":"a-nice-ce-sublime-monument-parfois-meconnu-mais-toujours-fascinant-sur-le-point-detre-sauve-grace-a-cette-enveloppe-de-260-000-euros","status":"publish","type":"post","link":"https:\/\/www.europesays.com\/fr\/616321\/","title":{"rendered":"\u00c0 Nice, ce sublime monument parfois m\u00e9connu mais toujours fascinant sur le point d&rsquo;\u00eatre sauv\u00e9 gr\u00e2ce \u00e0 cette enveloppe de 260.000 euros ?"},"content":{"rendered":"<p><strong>Avec le Loto du patrimoine, l\u2019Isba du domaine de Valrose s\u2019appr\u00eate \u00e0\u00a0recevoir une tr\u00e8s belle somme. Plusieurs centaines de milliers d\u2019euros qui permettront de pr\u00e9server cette curiosit\u00e9 ni\u00e7oise.\u00a0<\/strong><\/p>\n<p>On parle \u00e9videmment beaucoup du <a href=\"https:\/\/nicepresse.com\/cote-dazur-des-travaux-prevus-pour-ce-joyau-de-menton-vous-pouvez-soutenir-la-renaissance-de-ce-remarquable-jardin\/\" data-wpel-link=\"internal\" target=\"_blank\" rel=\"noopener\">parc Serre de la Madone<\/a> qui va glaner 300.000 euros gr\u00e2ce au loto mis en place par la Mission Patrimoine. Ce site incontournable de Menton a\u00a0\u00e9t\u00e9 s\u00e9lectionn\u00e9 en tant que projet embl\u00e9matique r\u00e9gional par la fondation port\u00e9e par St\u00e9phane Bern. Une institution qui a\u00a0\u00e9galement choisi 102 sites \u00ab\u00a0d\u00e9partementaux\u00a0\u00bb \u00e0\u00a0travers toute la France.<\/p>\n<p>Chez nous, c\u2019est l\u2019Isba du domaine de Valrose qui fait l\u2019objet d\u2019une attention particuli\u00e8re. Avec les b\u00e9n\u00e9fices des tickets vendus par FDJ United &#8211; ex-Fran\u00e7aise des Jeux &#8211; ce monument historique b\u00e9n\u00e9ficiera d\u2019une solide dotation.<\/p>\n<p><a href=\"https:\/\/espacelympia.departement06.fr\/agenda\/brigitte-mylene-et-michele-les-petites-cheries-de-la-cote-dazur\" data-wpel-link=\"external\" target=\"_blank\" rel=\"external noopener noreferrer\"><img loading=\"lazy\" decoding=\"async\" width=\"300\" height=\"300\" src=\"https:\/\/www.europesays.com\/fr\/wp-content\/uploads\/2025\/12\/APWeb_LPC_300x300_YB_300-x-300.jpg\" alt=\"\" class=\"wp-image-262664\"\/><\/a><\/p>\n<p>260.000 euros pour moderniser l\u2019Isba<\/p>\n<p>Elle grimpe \u00e0\u00a0260.000 euros, comme l\u2019indique <a href=\"https:\/\/www.fondation-patrimoine.org\/les-projets\/isba-du-domaine-de-valrose-a-nice\/103694\" target=\"_blank\" rel=\"noopener external noreferrer\" data-wpel-link=\"external\" class=\"wpel-icon-right\">l\u2019organisme<\/a>. Un montant qui devrait garantir une nouvelle vie \u00e0\u00a0ce <a href=\"https:\/\/nicepresse.com\/4-visites-incontournables-pour-faire-un-petit-tour-du-monde-sans-quitter-nice\/\" data-wpel-link=\"internal\" target=\"_blank\" rel=\"noopener\">b\u00e2timent ni\u00e7ois plut\u00f4t iconique<\/a>, situ\u00e9 entre l\u2019avenue de Brancolar et la colline de Cimiez. Il est l\u2019un des rares du genre \u00e0\u00a0\u00eatre encore debout dans l\u2019Hexagone.<\/p>\n<p>Install\u00e9e entre 1871 et 1881 \u00e0\u00a0la demande du baron Von Derwies, la r\u00e9sidence a\u00a0connu des p\u00e9rip\u00e9ties.\u00a0Pour l\u2019emmener de ses terres, \u00e0\u00a0Kiev, jusqu\u2019\u00e0 la capitale maralpine, il a\u00a0fallu la d\u00e9monter et la transporter pi\u00e8ce par pi\u00e8ce. Superbe exemple de cet habitat traditionnel, il est constitu\u00e9 de rondins de sapin, et d\u2019un plancher en bois sur poutres.<\/p>\n<p>D\u00e9but du chantier\u2026<\/p>\n<p>Mais au fil des ann\u00e9es, \u00e0\u00a0cause du temps et de l\u2019exposition aux al\u00e9as climatiques, la construction est menac\u00e9e. \u00ab\u00a0Sans une restauration rapide, elle risque de subir des dommages irr\u00e9versibles.\u00a0\u00bb Le d\u00e9but des travaux est pr\u00e9vu pour les premiers mois de 2026. Ils s\u2019ach\u00e8veraient \u00e0\u00a0la fin de l\u2019ann\u00e9e.<\/p>\n<p>L\u2019objectif du chantier, comme le rappelle <a href=\"https:\/\/tribuca.net\/a-nice-lisba-de-valrose-obtient-260-000e-du-loto-du-patrimoine-pour-sa-restauration\/\" target=\"_blank\" rel=\"noopener external noreferrer\" data-wpel-link=\"external\" class=\"wpel-icon-right\">Tribuca.net<\/a>, est de moderniser les installations techniques. Il faudra cependant que les r\u00e9novations respectent l\u2019identit\u00e9 et les caract\u00e9ristiques de l\u2019Isba. L\u2019argent vient compl\u00e9ter les fonds publics et priv\u00e9s mobilis\u00e9s par l\u2019Universit\u00e9. Cette derni\u00e8re travaille actuellement \u00e0\u00a0revaloriser son domaine, avec l\u2019id\u00e9e de le rendre accessible \u00e0\u00a0plus de monde, les \u00e9tudiants, les chercheurs, mais aussi les visiteurs.<\/p>\n","protected":false},"excerpt":{"rendered":"Avec le Loto du patrimoine, l\u2019Isba du domaine de Valrose s\u2019appr\u00eate \u00e0\u00a0recevoir une tr\u00e8s belle somme. Plusieurs centaines&hellip;\n","protected":false},"author":2,"featured_media":616322,"comment_status":"","ping_status":"","sticky":false,"template":"","format":"standard","meta":{"footnotes":""},"categories":[2819],"tags":[1111,11,1777,674,1011,27,12,2401,882,25],"class_list":{"0":"post-616321","1":"post","2":"type-post","3":"status-publish","4":"format-standard","5":"has-post-thumbnail","7":"category-nice","8":"tag-actu","9":"tag-actualites","10":"tag-eu","11":"tag-europe","12":"tag-fr","13":"tag-france","14":"tag-news","15":"tag-nice","16":"tag-provence-alpes-cote-dazur","17":"tag-republique-francaise"},"share_on_mastodon":{"url":"https:\/\/pubeurope.com\/@fr\/115764640985353581","error":""},"_links":{"self":[{"href":"https:\/\/www.europesays.com\/fr\/wp-json\/wp\/v2\/posts\/616321","targetHints":{"allow":["GET"]}}],"collection":[{"href":"https:\/\/www.europesays.com\/fr\/wp-json\/wp\/v2\/posts"}],"about":[{"href":"https:\/\/www.europesays.com\/fr\/wp-json\/wp\/v2\/types\/post"}],"author":[{"embeddable":true,"href":"https:\/\/www.europesays.com\/fr\/wp-json\/wp\/v2\/users\/2"}],"replies":[{"embeddable":true,"href":"https:\/\/www.europesays.com\/fr\/wp-json\/wp\/v2\/comments?post=616321"}],"version-history":[{"count":0,"href":"https:\/\/www.europesays.com\/fr\/wp-json\/wp\/v2\/posts\/616321\/revisions"}],"wp:featuredmedia":[{"embeddable":true,"href":"https:\/\/www.europesays.com\/fr\/wp-json\/wp\/v2\/media\/616322"}],"wp:attachment":[{"href":"https:\/\/www.europesays.com\/fr\/wp-json\/wp\/v2\/media?parent=616321"}],"wp:term":[{"taxonomy":"category","embeddable":true,"href":"https:\/\/www.europesays.com\/fr\/wp-json\/wp\/v2\/categories?post=616321"},{"taxonomy":"post_tag","embeddable":true,"href":"https:\/\/www.europesays.com\/fr\/wp-json\/wp\/v2\/tags?post=616321"}],"curies":[{"name":"wp","href":"https:\/\/api.w.org\/{rel}","templated":true}]}}