{"id":616323,"date":"2025-12-22T18:29:22","date_gmt":"2025-12-22T18:29:22","guid":{"rendered":"https:\/\/www.europesays.com\/fr\/616323\/"},"modified":"2025-12-22T18:29:22","modified_gmt":"2025-12-22T18:29:22","slug":"que-faire-a-nice-cette-semaine-du-23-au-28-decembre-2025","status":"publish","type":"post","link":"https:\/\/www.europesays.com\/fr\/616323\/","title":{"rendered":"Que faire \u00e0 Nice cette semaine (du 23 au 28 d\u00e9cembre 2025)\u00a0?"},"content":{"rendered":"<p>Mardi 23 d\u00e9cembre<\/p>\n<p data-start=\"239\" data-end=\"328\"><strong data-start=\"239\" data-end=\"328\">On brise la glace (et la solitude des f\u00eates) avec un speed dating sp\u00e9cial 60 ans et +<\/strong><\/p>\n<p data-start=\"239\" data-end=\"328\"><strong data-start=\"239\" data-end=\"328\"><img decoding=\"async\" data-imgperflogname=\"profileCoverPhoto\" class=\"xz74otr x1ey2m1c x9f619 x5yr21d xtijo5x x1o0tod x10l6tqk x13vifvy xh8yej3\" alt=\"\" referrerpolicy=\"origin-when-cross-origin\" src=\"https:\/\/www.europesays.com\/fr\/wp-content\/uploads\/2025\/12\/597899760_122135285666965462_3773223518046215654_n.jpg\"\/><\/strong><\/p>\n<p data-start=\"330\" data-end=\"1034\">\u00c0 l\u2019approche de No\u00ebl, quand les guirlandes brillent un peu plus fort que les textos re\u00e7us, le Quartier du Poulpe a d\u00e9cid\u00e9 de remettre du lien au centre de la table. Le principe est simple, efficace et sans prise de t\u00eate\u00a0: sept minutes pour discuter, \u00e9changer, rire, parfois s\u2019\u00e9mouvoir\u2026 et peut-\u00eatre provoquer cette petite \u00e9tincelle qu\u2019on n\u2019attendait plus. L\u2019ambiance se veut conviviale, chaleureuse, loin des clich\u00e9s du dating moderne. Ici, on prend le temps de se regarder, de se parler, et surtout de continuer la discussion apr\u00e8s, autour d\u2019un verre.<\/p>\n<p data-start=\"1036\" data-end=\"1168\"><strong>Le Quartier du Poulpe &#8211; Nice<\/strong><br data-start=\"1070\" data-end=\"1073\"\/><strong>Mardi 23 d\u00e9cembre, d\u00e8s 19h45<\/strong><br data-start=\"1108\" data-end=\"1111\"\/><strong>R\u00e9servation conseill\u00e9e au 04 22 32 87 75<\/strong><br \/><a href=\"https:\/\/www.facebook.com\/events\/675533912162335\/?acontext=%7B%22event_action_history%22%3A[%7B%22mechanism%22%3A%22discovery_custom_tab%22%2C%22surface%22%3A%22bookmark%22%7D]%2C%22ref_notif_type%22%3Anull%7D\" rel=\"nofollow noopener noreferrer\" target=\"_blank\"><strong>Plus d&rsquo;infos<\/strong><\/a><\/p>\n<p>Mercredi 24 d\u00e9cembre<\/p>\n<p data-start=\"1202\" data-end=\"1254\"><strong data-start=\"1202\" data-end=\"1254\">On se fait plaisir avec un r\u00e9veillon chic face \u00e0 la mer au West End Nice<\/strong><\/p>\n<p data-start=\"1202\" data-end=\"1254\"><strong data-start=\"1202\" data-end=\"1254\"><img decoding=\"async\" data-imgperflogname=\"profileCoverPhoto\" class=\"xz74otr x1ey2m1c x9f619 x5yr21d xtijo5x x1o0tod x10l6tqk x13vifvy xh8yej3\" alt=\"\" referrerpolicy=\"origin-when-cross-origin\" src=\"https:\/\/www.europesays.com\/fr\/wp-content\/uploads\/2025\/12\/594982530_122268469184197470_8906247609155725579_n.jpg\"\/><\/strong><\/p>\n<p data-start=\"1256\" data-end=\"1919\">Pour celles et ceux qui r\u00eavent d\u2019un No\u00ebl \u00e9l\u00e9gant, sans vaisselle \u00e0 g\u00e9rer et avec la M\u00e9diterran\u00e9e en toile de fond, direction l\u2019H\u00f4tel West End et son restaurant Le Si\u00e8cle. Le soir du 24 d\u00e9cembre, l\u2019adresse iconique de la Promenade des Anglais sort le grand jeu avec un menu de f\u00eates pens\u00e9 comme un v\u00e9ritable voyage gastronomique. Champagne, produits nobles, recettes raffin\u00e9es et traditionnels treize desserts\u00a0: tout est r\u00e9uni pour c\u00e9l\u00e9brer No\u00ebl dans une ambiance feutr\u00e9e, presque hors du temps. Les lumi\u00e8res de la Promenade scintillent, les assiettes racontent une histoire, et l\u2019on savoure l\u2019instant, tout simplement\u00a0!<\/p>\n<p data-start=\"1921\" data-end=\"2122\"><strong>H\u00f4tel West End &#8211; Restaurant Le Si\u00e8cle<\/strong><br data-start=\"1988\" data-end=\"1991\"\/><strong>Mercredi 24 d\u00e9cembre au soir<\/strong><br data-start=\"2026\" data-end=\"2029\"\/><strong>R\u00e9servation obligatoire au 04 97 20 25 27 ou par mail \u00e0 westend@3ahotels.com<\/strong><a data-start=\"2100\" data-end=\"2120\" class=\"decorated-link cursor-pointer\" rel=\"nofollow noopener noreferrer\" href=\"https:\/\/www.facebook.com\/events\/1806288880005745\/?acontext=%7B%22event_action_history%22%3A[%7B%22mechanism%22%3A%22discovery_custom_tab%22%2C%22surface%22%3A%22bookmark%22%7D]%2C%22ref_notif_type%22%3Anull%7D\" target=\"_blank\"><strong><br \/><\/strong><strong>Plus d&rsquo;infos<\/strong><\/a><\/p>\n<p>Jeudi 25 d\u00e9cembre<\/p>\n<p data-start=\"2153\" data-end=\"2210\"><strong data-start=\"2153\" data-end=\"2210\">Un va d\u00e9guster un brunch de No\u00ebl ultra-festif chez Mama Shelter Nice<\/strong><\/p>\n<p data-start=\"2153\" data-end=\"2210\"><strong data-start=\"2153\" data-end=\"2210\"><img decoding=\"async\" src=\"https:\/\/www.europesays.com\/fr\/wp-content\/uploads\/2025\/12\/36085843.jpg\" class=\"kg-box-shadow\" alt=\"\" loading=\"lazy\"\/><\/strong><\/p>\n<p data-start=\"2212\" data-end=\"2836\">Le jour de No\u00ebl, Mama Shelter sort le grand jeu et invite petits et grands \u00e0 prolonger la magie autour de son brunch Mama Claus. De midi \u00e0 la fin d\u2019apr\u00e8s-midi, le restaurant du rez-de-chauss\u00e9e se transforme en repaire gourmand o\u00f9 les classiques du brunch flirtent joyeusement avec les saveurs de No\u00ebl. Buffet g\u00e9n\u00e9reux, recettes revisit\u00e9es, surprises sucr\u00e9es bien senties\u2026 tout est pens\u00e9 pour se faire plaisir sans regarder l\u2019heure. L\u2019ambiance est conviviale, chaleureuse, port\u00e9e par de la musique live et cette \u00e9nergie propre \u00e0 Mama qui donne envie de rester \u00e0 table encore un peu (voire beaucoup). Pendant que les adultes savourent, les enfants sont entre de bonnes mains gr\u00e2ce aux nounous de Babychou, occup\u00e9s entre jeux et ateliers cr\u00e9atifs.<\/p>\n<p data-start=\"2838\" data-end=\"2970\"><strong>Mama Shelter Nice<\/strong><br \/><strong>21 boulevard Riquier &#8211; Nice<\/strong><br data-start=\"2884\" data-end=\"2887\"\/><strong>Jeudi 25 d\u00e9cembre, de 12h \u00e0 16h30<\/strong><br data-start=\"2927\" data-end=\"2930\"\/><strong><a href=\"https:\/\/fr.mamashelter.com\/nice\/agenda\/\" rel=\"nofollow noopener noreferrer\" target=\"_blank\">Plus d\u2019infos<\/a>\u00a0<\/strong><\/p>\n<p>Vendredi 26 d\u00e9cembre<\/p>\n<p data-start=\"3004\" data-end=\"3067\"><strong data-start=\"3004\" data-end=\"3067\">On fait plaisir \u00e0 ses petits en passant des vacances de No\u00ebl version LEGO\u00ae\u00a0<\/strong><\/p>\n<p data-start=\"3004\" data-end=\"3067\"><strong data-start=\"3004\" data-end=\"3067\"><img decoding=\"async\" data-imgperflogname=\"profileCoverPhoto\" class=\"xz74otr x1ey2m1c x9f619 x5yr21d xtijo5x x1o0tod x10l6tqk x13vifvy xh8yej3\" alt=\"\" referrerpolicy=\"origin-when-cross-origin\" src=\"https:\/\/www.europesays.com\/fr\/wp-content\/uploads\/2025\/12\/586530621_1267170888759803_1408188078631555958_n.jpg\"\/><\/strong><\/p>\n<p data-start=\"3069\" data-end=\"3705\">Pendant que les adultes r\u00e9cup\u00e8rent doucement des exc\u00e8s de la veille, les enfants, eux, plongent dans un univers o\u00f9 tout est possible. Durant les vacances de No\u00ebl, ces stages LEGO\u00ae proposent bien plus que de simples constructions\u00a0: robotique, stop motion, pixel art, BD et d\u00e9fis cr\u00e9atifs s\u2019encha\u00eenent autour du th\u00e8me \u201cChristmas Around the World\u201d. Un vrai tour du monde en briques, encadr\u00e9 par un coach LEGO\u00ae, o\u00f9 l\u2019imagination est reine et la cr\u00e9ativit\u00e9 encourag\u00e9e. Ludique, \u00e9ducatif et franchement captivant, le stage parfait pour occuper les jeunes esprits pendant les vacances.<\/p>\n<p data-start=\"3707\" data-end=\"3819\"><strong>Du 22 d\u00e9cembre au 2 janvier, de 9h \u00e0 12h<\/strong><br data-start=\"3779\" data-end=\"3782\"\/><a href=\"https:\/\/www.facebook.com\/events\/2268902273583840\/2268902300250504\/?active_tab=about\" rel=\"nofollow noopener noreferrer\" target=\"_blank\"><strong>Plus d\u2019infos<\/strong><\/a><\/p>\n<p>Samedi 27 d\u00e9cembre<\/p>\n<p data-start=\"3851\" data-end=\"3912\"><strong data-start=\"3851\" data-end=\"3912\">On se r\u00e9chauffe \u00e0 la Tropic Party de la Gare du Sud<\/strong><\/p>\n<p data-start=\"3851\" data-end=\"3912\"><strong data-start=\"3851\" data-end=\"3912\"><img decoding=\"async\" data-imgperflogname=\"profileCoverPhoto\" class=\"xz74otr x1ey2m1c x9f619 x5yr21d xtijo5x x1o0tod x10l6tqk x13vifvy xh8yej3\" alt=\"\" referrerpolicy=\"origin-when-cross-origin\" src=\"https:\/\/www.europesays.com\/fr\/wp-content\/uploads\/2025\/12\/592197558_790204420722194_36220050055370513_n.jpg\"\/><\/strong><\/p>\n<p data-start=\"3914\" data-end=\"4371\">Si le thermom\u00e8tre fait grise mine, la Gare du Sud, elle, passe en mode \u00e9t\u00e9. DJ Tarzpower prend les platines et balance des vibes reggaeton, afro et zouk pour transformer le samedi soir en mini escapade tropicale. Cocktails, \u00e9nergie solaire et d\u00e9hanch\u00e9s assum\u00e9s\u00a0: ici, on oublie les manteaux, on danse, on sourit et on se laisse porter par les sons chauds jusqu\u2019au bout de la nuit. Une soir\u00e9e parfaite pour prolonger la magie des f\u00eates\u2026 version summer vibes.<\/p>\n<p data-start=\"4373\" data-end=\"4471\"><strong>Gare du Sud, Nice<\/strong><br data-start=\"4397\" data-end=\"4400\"\/><strong>Samedi 27 d\u00e9cembre, \u00e0 partir de 20h<\/strong><br data-start=\"4442\" data-end=\"4445\"\/><a href=\"https:\/\/www.facebook.com\/events\/1144836387632512\/1144836400965844\/?active_tab=about\" rel=\"nofollow noopener noreferrer\" target=\"_blank\"><strong>Plus d\u2019infos<\/strong><\/a><\/p>\n<p>Dimanche 28 d\u00e9cembre<\/p>\n<p data-start=\"4505\" data-end=\"4568\"><strong data-start=\"4505\" data-end=\"4568\">Un dimanche glam, d\u00e9jant\u00e9 et festif avec La Cage aux Folles<\/strong><\/p>\n<p data-start=\"4505\" data-end=\"4568\"><strong data-start=\"4505\" data-end=\"4568\"><img decoding=\"async\" data-imgperflogname=\"profileCoverPhoto\" class=\"xz74otr x1ey2m1c x9f619 x5yr21d xtijo5x x1o0tod x10l6tqk x13vifvy xh8yej3\" alt=\"\" referrerpolicy=\"origin-when-cross-origin\" src=\"https:\/\/www.europesays.com\/fr\/wp-content\/uploads\/2025\/12\/601929277_839604465611696_7567273400605273005_n.jpg\"\/><\/strong><\/p>\n<p data-start=\"4570\" data-end=\"5073\">Le week-end se termine en beaut\u00e9 au Glam avec une nouvelle \u00e9dition de La Cage aux Folles, plus p\u00e9tillante que jamais. Sur sc\u00e8ne, des artistes iconiques, des performances hautes en couleur et une ambiance r\u00e9solument joyeuse qui fait oublier que le lundi arrive (chut, n\u2019y pensons pas). Entre rires, paillettes et bonne humeur communicative, la soir\u00e9e promet un moment de f\u00eate totalement d\u00e9complex\u00e9. Bonus non n\u00e9gligeable\u00a0: une happy drink bien plac\u00e9e pour trinquer encore un peu plus \u00e0 la fin de l\u2019ann\u00e9e.<\/p>\n<p data-start=\"4570\" data-end=\"5073\"><strong><a href=\"https:\/\/www.facebook.com\/events\/2152931191904328\/?acontext=%7B%22event_action_history%22%3A[%7B%22mechanism%22%3A%22discovery_custom_tab%22%2C%22surface%22%3A%22bookmark%22%7D]%2C%22ref_notif_type%22%3Anull%7D\" rel=\"nofollow noopener noreferrer\" target=\"_blank\">Plus d\u2019infos<\/a>\u00a0<\/strong><\/p>\n<p>Le Glam<\/p>\n<li class=\"address info\">6, rue Eug\u00e8ne Emanuel Nice<\/li>\n<li class=\"opening-hours\">Vendredi &#8211; dimanche : 23:30 &#8211; 4:30<\/li>\n<li class=\"opening-hours close\">Lundi &#8211; jeudi : Ferm\u00e9<\/li>\n","protected":false},"excerpt":{"rendered":"Mardi 23 d\u00e9cembre On brise la glace (et la solitude des f\u00eates) avec un speed dating sp\u00e9cial 60&hellip;\n","protected":false},"author":2,"featured_media":616324,"comment_status":"","ping_status":"","sticky":false,"template":"","format":"standard","meta":{"footnotes":""},"categories":[2819],"tags":[1111,11,1777,674,1011,27,12,2401,882,25],"class_list":{"0":"post-616323","1":"post","2":"type-post","3":"status-publish","4":"format-standard","5":"has-post-thumbnail","7":"category-nice","8":"tag-actu","9":"tag-actualites","10":"tag-eu","11":"tag-europe","12":"tag-fr","13":"tag-france","14":"tag-news","15":"tag-nice","16":"tag-provence-alpes-cote-dazur","17":"tag-republique-francaise"},"share_on_mastodon":{"url":"https:\/\/pubeurope.com\/@fr\/115764645815482650","error":""},"_links":{"self":[{"href":"https:\/\/www.europesays.com\/fr\/wp-json\/wp\/v2\/posts\/616323","targetHints":{"allow":["GET"]}}],"collection":[{"href":"https:\/\/www.europesays.com\/fr\/wp-json\/wp\/v2\/posts"}],"about":[{"href":"https:\/\/www.europesays.com\/fr\/wp-json\/wp\/v2\/types\/post"}],"author":[{"embeddable":true,"href":"https:\/\/www.europesays.com\/fr\/wp-json\/wp\/v2\/users\/2"}],"replies":[{"embeddable":true,"href":"https:\/\/www.europesays.com\/fr\/wp-json\/wp\/v2\/comments?post=616323"}],"version-history":[{"count":0,"href":"https:\/\/www.europesays.com\/fr\/wp-json\/wp\/v2\/posts\/616323\/revisions"}],"wp:featuredmedia":[{"embeddable":true,"href":"https:\/\/www.europesays.com\/fr\/wp-json\/wp\/v2\/media\/616324"}],"wp:attachment":[{"href":"https:\/\/www.europesays.com\/fr\/wp-json\/wp\/v2\/media?parent=616323"}],"wp:term":[{"taxonomy":"category","embeddable":true,"href":"https:\/\/www.europesays.com\/fr\/wp-json\/wp\/v2\/categories?post=616323"},{"taxonomy":"post_tag","embeddable":true,"href":"https:\/\/www.europesays.com\/fr\/wp-json\/wp\/v2\/tags?post=616323"}],"curies":[{"name":"wp","href":"https:\/\/api.w.org\/{rel}","templated":true}]}}