{"id":616327,"date":"2025-12-22T18:32:21","date_gmt":"2025-12-22T18:32:21","guid":{"rendered":"https:\/\/www.europesays.com\/fr\/616327\/"},"modified":"2025-12-22T18:32:21","modified_gmt":"2025-12-22T18:32:21","slug":"prison-ferme-pour-le-medecin-qui-agressait-ses-patientes-en-pretextant-des-depistages-du-cancer-du-sein","status":"publish","type":"post","link":"https:\/\/www.europesays.com\/fr\/616327\/","title":{"rendered":"prison ferme pour le m\u00e9decin qui agressait ses patientes en pr\u00e9textant des d\u00e9pistages du cancer du sein"},"content":{"rendered":"<p>\n    Le tribunal correctionnel a condamn\u00e9 un praticien de 67 ans \u00e0 quatre ans de prison, dont trois avec sursis. Sa peine a \u00e9t\u00e9 assortie d\u2019une interdiction d\u00e9finitive d\u2019exercer son m\u00e9tier. Le mis en cause a proc\u00e9d\u00e9 depuis une trentaine d\u2019ann\u00e9es \u00e0 des palpations mammaires abusives sur une soixantaine de femmes.<\/p>\n<p class=\"fig-paragraph\">Le tribunal correctionnel\u00a0<a href=\"https:\/\/www.lefigaro.fr\/nantes\" target=\"_blank\" data-fig-type=\"Section\" rel=\"sponsored noopener\" data-gtm-custom-categorie=\"navigation\" data-gtm-custom-action=\"crossclick\" data-gtm-custom-label=\"Contextuel\" data-gtm-event=\"customEventSPE\" data-fig-domain=\"LEFIGARO\">de Nantes<\/a>\u00a0a condamn\u00e9, lundi 22 d\u00e9cembre, un m\u00e9decin \u00e2g\u00e9 de 67 ans \u00e0 quatre ans de prison, dont trois avec sursis, ainsi qu\u2019\u00e0 une interdiction d\u00e9finitive d\u2019exercer, pour des faits d\u2019\u00abagression sexuelle par personne abusant de l\u2019autorit\u00e9 que lui conf\u00e8re sa fonction\u00bb. Ce praticien g\u00e9n\u00e9raliste bas\u00e9\u00a0<a href=\"https:\/\/www.lefigaro.fr\/societes\/a-carquefou-l-agenda-quo-vadis-resiste-au-numerique-20221130\" target=\"_blank\" data-fig-type=\"Article\" rel=\"noopener\" data-gtm-custom-categorie=\"navigation\" data-gtm-custom-action=\"crossclick\" data-gtm-custom-label=\"Contextuel\" data-gtm-event=\"customEventSPE\" data-fig-domain=\"LEFIGARO\">\u00e0 Carquefou<\/a>, dans l\u2019agglom\u00e9ration nantaise, \u00e9tait accus\u00e9 d\u2019avoir proc\u00e9d\u00e9 \u00e0 des palpations mammaires abusives sur une soixantaine de patientes, sous pr\u00e9texte de d\u00e9pister\u00a0<a href=\"http:\/\/sante.lefigaro.fr\/social\/sante-publique\/pourquoi-le-cancer-du-sein-gagne-du-terrain-chez-les-femmes-jeunes-20251020\" target=\"_blank\" data-fig-type=\"Article\" rel=\"noopener\" data-gtm-custom-categorie=\"navigation\" data-gtm-custom-action=\"crossclick\" data-gtm-custom-label=\"Contextuel\" data-gtm-event=\"customEventSPE\" data-fig-domain=\"SANTE\">le cancer du sein<\/a>.<\/p>\n<p class=\"fig-paragraph\">Certaines des victimes \u00e9taient mineures au moment des faits, qui remontent jusqu\u2019aux ann\u00e9es 1990, pour les plus anciens. Les magistrats ont relax\u00e9 le pr\u00e9venu des faits qui lui sont reproch\u00e9s sur le cas de seize patientes. D\u00e9sormais inscrit au\u00a0<a href=\"https:\/\/www.lefigaro.fr\/actualite-france\/2018\/04\/30\/01016-20180430ARTFIG00131-en-quoi-consiste-le-fichier-national-des-auteurs-d-infractions-sexuelles.php\" target=\"_blank\" data-fig-type=\"Article\" rel=\"noopener\" data-gtm-custom-categorie=\"navigation\" data-gtm-custom-action=\"crossclick\" data-gtm-custom-label=\"Contextuel\" data-gtm-event=\"customEventSPE\" data-fig-domain=\"LEFIGARO\">fichier des auteurs d\u2019infractions sexuelles ou violentes (Fijais)<\/a>, le m\u00e9decin a \u00e9galement \u00e9t\u00e9 condamn\u00e9 \u00e0 verser plusieurs milliers d\u2019euros au titre de dommages et int\u00e9r\u00eats. La partie ferme de sa peine sera ex\u00e9cut\u00e9e sous le r\u00e9gime de la d\u00e9tention \u00e0 domicile, sous surveillance \u00e9lectronique.<\/p>\n<p>                                            <a class=\"fig-a11y-skip\" href=\"#fig-a11y-skip-main-inarticle\" data-module=\"a11y-skip\" data-context=\"was @visible\"><br \/>\n    Passer la publicit\u00e9<br \/>\n<\/a>            <\/p>\n<p>                                            \u00abObs\u00e9d\u00e9\u00bb par le d\u00e9pistage du cancer du sein<\/p>\n<p class=\"fig-paragraph\">Interpell\u00e9 puis\u00a0<a href=\"http:\/\/www.lefigaro.fr\/nantes\/nantes-un-medecin-generaliste-suspecte-d-avoir-sexuellement-agresse-65-patientes-20250917\" target=\"_blank\" data-fig-type=\"NewsFlash\" rel=\"noopener\" data-gtm-custom-categorie=\"navigation\" data-gtm-custom-action=\"crossclick\" data-gtm-custom-label=\"Contextuel\" data-gtm-event=\"customEventSPE\" data-fig-domain=\"LEFIGARO\">plac\u00e9 sous contr\u00f4le judiciaire en septembre 2025<\/a>, le mis en cause est tomb\u00e9 presque par hasard dans le viseur de la justice, apr\u00e8s avoir \u00e9t\u00e9 victime, en septembre 2024, d\u2019une violente agression \u00e0 son cabinet. \u00c0 l\u2019\u00e9poque, le praticien avait \u00e9t\u00e9 rou\u00e9 de coups par le petit ami d\u2019une patiente d\u2019une vingtaine d\u2019ann\u00e9es, qui avait racont\u00e9 \u00e0 son compagnon faire syst\u00e9matiquement l\u2019objet de palpations mammaires, \u00e0 chaque consultation. Le jeune homme avait \u00e9t\u00e9 condamn\u00e9, mais une seconde enqu\u00eate avait \u00e9t\u00e9 ouverte\u00a0<a href=\"http:\/\/www.lefigaro.fr\/nantes\/pres-de-nantes-victime-d-une-agression-un-medecin-au-coeur-d-une-enquete-pour-agressions-sexuelles-20250314\" target=\"_blank\" data-fig-type=\"NewsFlash\" rel=\"noopener\" data-gtm-custom-categorie=\"navigation\" data-gtm-custom-action=\"crossclick\" data-gtm-custom-label=\"Contextuel\" data-gtm-event=\"customEventSPE\" data-fig-domain=\"LEFIGARO\">pour faire la lumi\u00e8re sur les agissements du m\u00e9decin<\/a>.<\/p>\n<p class=\"fig-body-link\">\n            \u00c0 lire aussi<br \/>\n        <a class=\"fig-body-link__link fig-premium-mark\" href=\"http:\/\/www.lefigaro.fr\/nantes\/il-y-a-40-ans-une-prise-d-otages-rocambolesque-au-palais-de-justice-de-nantes-20251219\" target=\"_blank\" data-fig-type=\"Article\" rel=\"noopener\" data-gtm-custom-categorie=\"navigation\" data-gtm-custom-action=\"crossclick\" data-gtm-custom-label=\"Contextuel\" data-gtm-event=\"customEventSPE\" data-fig-domain=\"LEFIGARO\"><\/p>\n<p>        Il y a 40 ans, une prise d\u2019otages rocambolesque au palais de justice de Nantes<br \/>\n    <\/a>\n<\/p>\n<p class=\"fig-paragraph\">L\u2019enqu\u00eate confi\u00e9e par la suite \u00e0 la compagnie de gendarmerie de Nantes avait mis en \u00e9vidence que le m\u00e9decin avait pratiqu\u00e9 des palpations mammaires sur un large \u00e9ventail de patientes qui venaient le consulter pour d\u2019autres motifs. Ces examens avaient notamment \u00e9t\u00e9 r\u00e9alis\u00e9s sur des mineures, alors qu\u2019ils ne sont pas pr\u00e9conis\u00e9s avant 25 ans &#8211;\u00a0<a href=\"http:\/\/sante.lefigaro.fr\/social\/sante-publique\/faut-il-abaisser-l-age-de-depistage-du-cancer-du-sein-avant-50-ans-20250204\" target=\"_blank\" data-fig-type=\"Article\" rel=\"noopener\" data-gtm-custom-categorie=\"navigation\" data-gtm-custom-action=\"crossclick\" data-gtm-custom-label=\"Contextuel\" data-gtm-event=\"customEventSPE\" data-fig-domain=\"SANTE\">et recommand\u00e9s qu\u2019\u00e0 partir de 50 ans<\/a>. Le mis en cause s\u2019abstenait par ailleurs de demander le consentement des patientes. Un rapport d\u2019expertise m\u00e9dical avait soulign\u00e9 qu\u2019il s\u2019agissait d\u2019autant de manquements, parmi d\u2019autres, aux r\u00e8gles strictes encadrant ce type de d\u00e9pistage.<\/p>\n<p class=\"fig-paragraph\">Le m\u00e9decin au c\u0153ur de l\u2019enqu\u00eate s\u2019\u00e9tait d\u00e9fendu de toute palpation abusive, en affirmant \u00eatre simplement \u00abobs\u00e9d\u00e9\u00bb par le d\u00e9pistage du cancer du sein. Le parquet de Nantes avait requis une peine de six ans de prison, dont trois avec sursis, assortie d\u2019une interdiction totale d\u2019exercer la m\u00e9decine, lors de l\u2019audience du 10 d\u00e9cembre qui s\u2019est tenue \u00e0 huis clos, \u00e0 la demande de la d\u00e9fense, qui a justifi\u00e9 la discr\u00e9tion de la proc\u00e9dure par la n\u00e9cessit\u00e9 de pr\u00e9server le secret m\u00e9dical. Une d\u00e9marche soutenue par l\u2019ordre des m\u00e9decins, partie civile dans le proc\u00e8s.<\/p>\n","protected":false},"excerpt":{"rendered":"Le tribunal correctionnel a condamn\u00e9 un praticien de 67 ans \u00e0 quatre ans de prison, dont trois avec&hellip;\n","protected":false},"author":2,"featured_media":616328,"comment_status":"","ping_status":"","sticky":false,"template":"","format":"standard","meta":{"footnotes":""},"categories":[2818],"tags":[1111,11,1267,1777,674,1011,27,303,766,12,2636,25],"class_list":{"0":"post-616327","1":"post","2":"type-post","3":"status-publish","4":"format-standard","5":"has-post-thumbnail","7":"category-nantes","8":"tag-actu","9":"tag-actualites","10":"tag-agression-sexuelle","11":"tag-eu","12":"tag-europe","13":"tag-fr","14":"tag-france","15":"tag-justice","16":"tag-nantes","17":"tag-news","18":"tag-pays-de-la-loire","19":"tag-republique-francaise"},"share_on_mastodon":{"url":"https:\/\/pubeurope.com\/@fr\/115764654613276901","error":""},"_links":{"self":[{"href":"https:\/\/www.europesays.com\/fr\/wp-json\/wp\/v2\/posts\/616327","targetHints":{"allow":["GET"]}}],"collection":[{"href":"https:\/\/www.europesays.com\/fr\/wp-json\/wp\/v2\/posts"}],"about":[{"href":"https:\/\/www.europesays.com\/fr\/wp-json\/wp\/v2\/types\/post"}],"author":[{"embeddable":true,"href":"https:\/\/www.europesays.com\/fr\/wp-json\/wp\/v2\/users\/2"}],"replies":[{"embeddable":true,"href":"https:\/\/www.europesays.com\/fr\/wp-json\/wp\/v2\/comments?post=616327"}],"version-history":[{"count":0,"href":"https:\/\/www.europesays.com\/fr\/wp-json\/wp\/v2\/posts\/616327\/revisions"}],"wp:featuredmedia":[{"embeddable":true,"href":"https:\/\/www.europesays.com\/fr\/wp-json\/wp\/v2\/media\/616328"}],"wp:attachment":[{"href":"https:\/\/www.europesays.com\/fr\/wp-json\/wp\/v2\/media?parent=616327"}],"wp:term":[{"taxonomy":"category","embeddable":true,"href":"https:\/\/www.europesays.com\/fr\/wp-json\/wp\/v2\/categories?post=616327"},{"taxonomy":"post_tag","embeddable":true,"href":"https:\/\/www.europesays.com\/fr\/wp-json\/wp\/v2\/tags?post=616327"}],"curies":[{"name":"wp","href":"https:\/\/api.w.org\/{rel}","templated":true}]}}