{"id":616333,"date":"2025-12-22T18:35:13","date_gmt":"2025-12-22T18:35:13","guid":{"rendered":"https:\/\/www.europesays.com\/fr\/616333\/"},"modified":"2025-12-22T18:35:13","modified_gmt":"2025-12-22T18:35:13","slug":"lagenda-haute-garonne-launaguet","status":"publish","type":"post","link":"https:\/\/www.europesays.com\/fr\/616333\/","title":{"rendered":"L&rsquo;agenda &#8211; Haute Garonne &#8211; Launaguet"},"content":{"rendered":"<p>La nouvelle ann\u00e9e s\u2019ouvre \u00e0 Launaguet avec un programme riche et vari\u00e9. Entre rendez\u2011vous culturels, animations familiales, temps forts associatifs et moments de convivialit\u00e9, le mois de janvier promet de belles occasions de se retrouver et de commencer 2026 sous le signe du partage. D\u00e9couvrez les \u00e9v\u00e9nements qui rythmeront les prochaines semaines dans la commune. Au programme :&#13;<br \/>\n&#13;<br \/>\n&#8211; Vendredi 9 \u00e0 20h30 et samedi 10 janvier \u00e0 18h30 au Th\u00e9\u00e2tre Moli\u00e8re : Th\u00e9\u00e2tre du beau fixe &#8211; Biche \u00f4 la biche.&#13;<br \/>\n&#13;<br \/>\n&#8211; Jeudi 15 janvier : commission de contr\u00f4le de la liste \u00e9lectorale \u00e0 18h30 \u00e0 la Salle des mariages.&#13;<br \/>\n&#13;<br \/>\n&#8211; Vendredi 16 janvier :Th\u00e9\u00e2tre d&rsquo;aujourd&rsquo;hui &#8211; Fragile \u00e0 20h30 au Th\u00e9\u00e2tre Moli\u00e8re.&#13;<br \/>\n&#13;<br \/>\n&#8211; Samedi 17 janvier : Th\u00e9\u00e2tre d&rsquo;aujourd&rsquo;hui &#8211; Le cercle des illusionnistes \u00e0 20h30 au Th\u00e9\u00e2tre Moli\u00e8re.&#13;<br \/>\n&#13;<br \/>\n&#8211; Dimanche 18 janvier : Th\u00e9\u00e2tre d&rsquo;aujourd&rsquo;hui &#8211; Incendies \u00e0 16h au Th\u00e9\u00e2tre Moli\u00e8re.&#13;<br \/>\n&#13;<br \/>\n&#8211; Mercredi 21 janvier :Conseil municipal \u00e0 18h30 \u00e0 la Salle de l\u2019Orangerie.<\/p>\n<p>                Cet article est r\u00e9serv\u00e9 aux abonn\u00e9s.<\/p>\n<p class=\"signature\" itemscope=\"\" itemprop=\"Author\" itemtype=\"http:\/\/schema.org\/Person\">\n                VLoz\n            <\/p>\n","protected":false},"excerpt":{"rendered":"La nouvelle ann\u00e9e s\u2019ouvre \u00e0 Launaguet avec un programme riche et vari\u00e9. Entre rendez\u2011vous culturels, animations familiales, temps&hellip;\n","protected":false},"author":2,"featured_media":395922,"comment_status":"","ping_status":"","sticky":false,"template":"","format":"standard","meta":{"footnotes":""},"categories":[2816],"tags":[1111,11,1777,674,1011,27,12,2680,301,25,2312],"class_list":{"0":"post-616333","1":"post","2":"type-post","3":"status-publish","4":"format-standard","5":"has-post-thumbnail","7":"category-toulouse","8":"tag-actu","9":"tag-actualites","10":"tag-eu","11":"tag-europe","12":"tag-fr","13":"tag-france","14":"tag-news","15":"tag-occitanie","16":"tag-premium","17":"tag-republique-francaise","18":"tag-toulouse"},"share_on_mastodon":{"url":"https:\/\/pubeurope.com\/@fr\/115764666533262114","error":""},"_links":{"self":[{"href":"https:\/\/www.europesays.com\/fr\/wp-json\/wp\/v2\/posts\/616333","targetHints":{"allow":["GET"]}}],"collection":[{"href":"https:\/\/www.europesays.com\/fr\/wp-json\/wp\/v2\/posts"}],"about":[{"href":"https:\/\/www.europesays.com\/fr\/wp-json\/wp\/v2\/types\/post"}],"author":[{"embeddable":true,"href":"https:\/\/www.europesays.com\/fr\/wp-json\/wp\/v2\/users\/2"}],"replies":[{"embeddable":true,"href":"https:\/\/www.europesays.com\/fr\/wp-json\/wp\/v2\/comments?post=616333"}],"version-history":[{"count":0,"href":"https:\/\/www.europesays.com\/fr\/wp-json\/wp\/v2\/posts\/616333\/revisions"}],"wp:featuredmedia":[{"embeddable":true,"href":"https:\/\/www.europesays.com\/fr\/wp-json\/wp\/v2\/media\/395922"}],"wp:attachment":[{"href":"https:\/\/www.europesays.com\/fr\/wp-json\/wp\/v2\/media?parent=616333"}],"wp:term":[{"taxonomy":"category","embeddable":true,"href":"https:\/\/www.europesays.com\/fr\/wp-json\/wp\/v2\/categories?post=616333"},{"taxonomy":"post_tag","embeddable":true,"href":"https:\/\/www.europesays.com\/fr\/wp-json\/wp\/v2\/tags?post=616333"}],"curies":[{"name":"wp","href":"https:\/\/api.w.org\/{rel}","templated":true}]}}