{"id":616344,"date":"2025-12-22T18:44:19","date_gmt":"2025-12-22T18:44:19","guid":{"rendered":"https:\/\/www.europesays.com\/fr\/616344\/"},"modified":"2025-12-22T18:44:19","modified_gmt":"2025-12-22T18:44:19","slug":"endrick-devrait-arriver-en-pret-a-lyon-le-1er-janvier","status":"publish","type":"post","link":"https:\/\/www.europesays.com\/fr\/616344\/","title":{"rendered":"Endrick devrait arriver en pr\u00eat \u00e0 Lyon le 1er janvier"},"content":{"rendered":"<p>L&rsquo;Olympique lyonnais et le Real Madrid sont tomb\u00e9s d&rsquo;accord ce lundi pour le pr\u00eat du Br\u00e9silien Endrick selon les informations de <a href=\"https:\/\/www.lequipe.fr\/Football\/Actualites\/Mercato-endrick-l-international-bresilien-du-real-madrid-va-etre-prete-a-l-ol\/1628965\" target=\"_blank\" rel=\"noopener\">L&rsquo;Equipe.<\/a><\/p>\n<p>Le joueur de 19 ans devrait arriver le 1er janvier 2026 pour un pr\u00eat de six mois sans option d&rsquo;achat. Il offrira une tr\u00e8s belle alternative \u00e0 <a href=\"https:\/\/www.leprogres.fr\/p\/paulo-fonseca\" target=\"_blank\" rel=\"noopener\">Paulo Fonseca<\/a> \u00e0 la pointe de l&rsquo;attaque de l&rsquo;OL, o\u00f9 <a href=\"https:\/\/www.leprogres.fr\/sport\/2025\/12\/14\/ligue-1-l-ol-s-impose-difficilement-contre-le-havre-et-repasse-cinquieme\" target=\"_blank\" rel=\"noopener\">les performances de Martin Satriano<\/a> sont beaucoup trop faibles.<\/p>\n<p>Objectif Coupe du monde<\/p>\n<p>L&rsquo;international br\u00e9silien (14 s\u00e9lections, 3 buts) devrait \u00eatre pr\u00eat\u00e9 jusqu&rsquo;en juin 2026 pour environ un million d&rsquo;euros. Son objectif principal \u00e9tant de montrer son potentiel \u00e0 Carlo Ancelotti, le s\u00e9lectionneur de l&rsquo;\u00e9quipe du Br\u00e9sil, en vue de la Coupe du monde 2026 aux \u00c9tats-Unis, au Canada et au Mexique.<\/p>\n<p>Endrick pourrait \u00eatre pr\u00e9sent avec le groupe lyonnais d\u00e8s la reprise apr\u00e8s la tr\u00e8ve de No\u00ebl, le lundi 29 d\u00e9cembre mais son pr\u00eat ne devrait \u00eatre officialis\u00e9 que le 1er janvier, date d&rsquo;ouverture du mercato d&rsquo;hiver.<\/p>\n","protected":false},"excerpt":{"rendered":"L&rsquo;Olympique lyonnais et le Real Madrid sont tomb\u00e9s d&rsquo;accord ce lundi pour le pr\u00eat du Br\u00e9silien Endrick selon&hellip;\n","protected":false},"author":2,"featured_media":616345,"comment_status":"","ping_status":"","sticky":false,"template":"","format":"standard","meta":{"footnotes":""},"categories":[1889],"tags":[1111,11,2430,1777,674,107,63,1011,27,7020,2428,12,25,517,1947],"class_list":{"0":"post-616344","1":"post","2":"type-post","3":"status-publish","4":"format-standard","5":"has-post-thumbnail","7":"category-lyon","8":"tag-actu","9":"tag-actualites","10":"tag-auvergne-rhone-alpes","11":"tag-eu","12":"tag-europe","13":"tag-fil-info","14":"tag-football","15":"tag-fr","16":"tag-france","17":"tag-ligue-1-football","18":"tag-lyon","19":"tag-news","20":"tag-republique-francaise","21":"tag-sport","22":"tag-sport-national"},"share_on_mastodon":{"url":"https:\/\/pubeurope.com\/@fr\/115764701625037058","error":""},"_links":{"self":[{"href":"https:\/\/www.europesays.com\/fr\/wp-json\/wp\/v2\/posts\/616344","targetHints":{"allow":["GET"]}}],"collection":[{"href":"https:\/\/www.europesays.com\/fr\/wp-json\/wp\/v2\/posts"}],"about":[{"href":"https:\/\/www.europesays.com\/fr\/wp-json\/wp\/v2\/types\/post"}],"author":[{"embeddable":true,"href":"https:\/\/www.europesays.com\/fr\/wp-json\/wp\/v2\/users\/2"}],"replies":[{"embeddable":true,"href":"https:\/\/www.europesays.com\/fr\/wp-json\/wp\/v2\/comments?post=616344"}],"version-history":[{"count":0,"href":"https:\/\/www.europesays.com\/fr\/wp-json\/wp\/v2\/posts\/616344\/revisions"}],"wp:featuredmedia":[{"embeddable":true,"href":"https:\/\/www.europesays.com\/fr\/wp-json\/wp\/v2\/media\/616345"}],"wp:attachment":[{"href":"https:\/\/www.europesays.com\/fr\/wp-json\/wp\/v2\/media?parent=616344"}],"wp:term":[{"taxonomy":"category","embeddable":true,"href":"https:\/\/www.europesays.com\/fr\/wp-json\/wp\/v2\/categories?post=616344"},{"taxonomy":"post_tag","embeddable":true,"href":"https:\/\/www.europesays.com\/fr\/wp-json\/wp\/v2\/tags?post=616344"}],"curies":[{"name":"wp","href":"https:\/\/api.w.org\/{rel}","templated":true}]}}