{"id":61636,"date":"2025-04-29T11:14:08","date_gmt":"2025-04-29T11:14:08","guid":{"rendered":"https:\/\/www.europesays.com\/fr\/61636\/"},"modified":"2025-04-29T11:14:08","modified_gmt":"2025-04-29T11:14:08","slug":"lille-une-jeune-femme-de-21-ans-violemment-frappee-chez-elle-lors-dun-cambriolage","status":"publish","type":"post","link":"https:\/\/www.europesays.com\/fr\/61636\/","title":{"rendered":"Lille. Une jeune femme de 21 ans violemment frapp\u00e9e chez elle lors d&rsquo;un cambriolage"},"content":{"rendered":"<p>            Par<br \/>\n        <strong><br \/>\n            <a href=\"https:\/\/actu.fr\/auteur\/hervine-mahaud\" title=\"Consulter tous les articles de Hervine Mahaud\" rel=\"nofollow noopener\" target=\"_blank\">Hervine Mahaud<\/a><br \/>\n        <\/strong><\/p>\n<p>        Publi\u00e9 le<\/p>\n<p>            29 avr. 2025 \u00e0 12h44        <\/p>\n<p>Nuit de cauchemar pour une <b>jeune femme de 21 ans<\/b>, \u00e0 <a href=\"https:\/\/actu.fr\/hauts-de-france\/lille_59350\" rel=\"nofollow noopener\" target=\"_blank\"><b>Lille<\/b><\/a>. Habitant dans le<b> quartier de Moulins<\/b>, elle a \u00e9t\u00e9 <b>victime<\/b> d\u2019une tentative de <a href=\"https:\/\/actu.fr\/tag\/cambriolage\" rel=\"nofollow noopener\" target=\"_blank\"><b>cambriolage<\/b><\/a> ce mardi 29 avril 2025 au petit matin. Le mis en cause, un homme de 39 ans s\u2019en est pris physiquement \u00e0 elle.<\/p>\n<p>Elle tombe nez \u00e0 nez avec le cambrioleur<\/p>\n<p class=\" wall-content\">Les forces de l\u2019ordre ont \u00e9t\u00e9 averties t\u00f4t, ce mardi matin, d\u2019un vol par effraction avec violences dans un domicile. En arrivant sur les lieux, les policiers prennent contact avec la victime. La jeune femme explique avoir \u00e9t\u00e9 r\u00e9veill\u00e9e par un bruit puis est tomb\u00e9e nez \u00e0 nez avec un homme.<\/p>\n<p class=\" wall-content\">\u00ab\u00a0Il a essay\u00e9 de d\u00e9rober des sacs. La victime a tent\u00e9 de le retenir mais il lui a port\u00e9 des coups. Il a r\u00e9ussi \u00e0 repartir avec des cl\u00e9s et un portemonnaie\u00a0\u00bb d\u00e9taille une source polici\u00e8re.<\/p>\n<p class=\" wall-content\">La victime a dress\u00e9 un portrait de son agresseur. Muni de son signalement, les fonctionnaires de <a href=\"https:\/\/actu.fr\/tag\/police\" rel=\"nofollow noopener\" target=\"_blank\">police<\/a> partent \u00e0 la recherche de l\u2019individu. Ils finissent par croiser un homme qui correspond en tout point au signalement. Interpell\u00e9, il a \u00e9t\u00e9 plac\u00e9 en garde \u00e0 vue pour tentative de vol par effraction avec violences volontaires.<\/p>\n<p class=\" wall-content\">Suivez toute l\u2019actualit\u00e9 de vos villes et m\u00e9dias favoris en vous inscrivant \u00e0 <a href=\"https:\/\/moncompte.actu.fr\" title=\"D\u00e9couvez Mon Actu\" rel=\"nofollow noopener\" data-trk=\"{&quot;cta&quot;:{&quot;action&quot;:&quot;https:\\\/\\\/moncompte.actu.fr&quot;,&quot;category&quot;:&quot;mon compte&quot;,&quot;from&quot;:&quot;article footer&quot;,&quot;name&quot;:&quot;Mon actu&quot;,&quot;type&quot;:&quot;cta&quot;}}\" target=\"_blank\">Mon Actu<\/a>.<\/p>\n","protected":false},"excerpt":{"rendered":"Par Hervine Mahaud Publi\u00e9 le 29 avr. 2025 \u00e0 12h44 Nuit de cauchemar pour une jeune femme de&hellip;\n","protected":false},"author":2,"featured_media":61637,"comment_status":"","ping_status":"","sticky":false,"template":"","format":"standard","meta":{"footnotes":""},"categories":[2815],"tags":[1111,11,1174,1777,674,118,1011,27,811,1307,12,1072,25],"class_list":{"0":"post-61636","1":"post","2":"type-post","3":"status-publish","4":"format-standard","5":"has-post-thumbnail","7":"category-lille","8":"tag-actu","9":"tag-actualites","10":"tag-cambriolage","11":"tag-eu","12":"tag-europe","13":"tag-faits-divers","14":"tag-fr","15":"tag-france","16":"tag-hauts-de-france","17":"tag-lille","18":"tag-news","19":"tag-police","20":"tag-republique-francaise"},"share_on_mastodon":{"url":"https:\/\/pubeurope.com\/@fr\/114420964675967145","error":""},"_links":{"self":[{"href":"https:\/\/www.europesays.com\/fr\/wp-json\/wp\/v2\/posts\/61636","targetHints":{"allow":["GET"]}}],"collection":[{"href":"https:\/\/www.europesays.com\/fr\/wp-json\/wp\/v2\/posts"}],"about":[{"href":"https:\/\/www.europesays.com\/fr\/wp-json\/wp\/v2\/types\/post"}],"author":[{"embeddable":true,"href":"https:\/\/www.europesays.com\/fr\/wp-json\/wp\/v2\/users\/2"}],"replies":[{"embeddable":true,"href":"https:\/\/www.europesays.com\/fr\/wp-json\/wp\/v2\/comments?post=61636"}],"version-history":[{"count":0,"href":"https:\/\/www.europesays.com\/fr\/wp-json\/wp\/v2\/posts\/61636\/revisions"}],"wp:featuredmedia":[{"embeddable":true,"href":"https:\/\/www.europesays.com\/fr\/wp-json\/wp\/v2\/media\/61637"}],"wp:attachment":[{"href":"https:\/\/www.europesays.com\/fr\/wp-json\/wp\/v2\/media?parent=61636"}],"wp:term":[{"taxonomy":"category","embeddable":true,"href":"https:\/\/www.europesays.com\/fr\/wp-json\/wp\/v2\/categories?post=61636"},{"taxonomy":"post_tag","embeddable":true,"href":"https:\/\/www.europesays.com\/fr\/wp-json\/wp\/v2\/tags?post=61636"}],"curies":[{"name":"wp","href":"https:\/\/api.w.org\/{rel}","templated":true}]}}