{"id":616380,"date":"2025-12-22T19:08:12","date_gmt":"2025-12-22T19:08:12","guid":{"rendered":"https:\/\/www.europesays.com\/fr\/616380\/"},"modified":"2025-12-22T19:08:12","modified_gmt":"2025-12-22T19:08:12","slug":"coxyde-fortunes-diverses-derriere-la-paire-gagnante-revol-pichon-actualite","status":"publish","type":"post","link":"https:\/\/www.europesays.com\/fr\/616380\/","title":{"rendered":"Coxyde : Fortunes diverses derri\u00e8re la paire gagnante Revol-Pichon &#8211; Actualit\u00e9"},"content":{"rendered":"<p>Dimanche, sur le circuit de Coxyde, <strong><a href=\"https:\/\/www.directvelo.com\/actualite\/126061\/cc-coupe-du-monde-3-u19-femmes-classements\" target=\"_blank\" rel=\"noopener\">l\u2019\u00e9quipe de France U19 f\u00e9minine a marqu\u00e9 les esprits en r\u00e9alisant le doubl\u00e9<\/a><\/strong>, gr\u00e2ce au succ\u00e8s de la Championne du Monde Lise Revol et \u00e0 la deuxi\u00e8me place de Laly Pichon. Derri\u00e8re la paire tricolore, d\u2019autres Fran\u00e7aises se sont battues pour d\u00e9crocher un accessit. C\u2019\u00e9tait le cas notamment de <strong><a href=\"https:\/\/www.directvelo.com\/coureur\/58640\/lucie-elizalde\" target=\"_blank\" rel=\"noopener\">Lucie Elizalde<\/a><\/strong>, qui est parvenue \u00e0 finir dans le Top 10. Un r\u00e9sultat dont elle se satisfait pleinement. <\/p>\n<p>\u201cJ\u2019ai pris un bon d\u00e9part, je me suis retrouv\u00e9e dans les quatre premi\u00e8res alors que je partais en deuxi\u00e8me ligne. Je ne m\u2019y attendais pas trop, sachant que l\u2019objectif \u00e9tait un Top 10. J\u2019apprends de plus en plus \u00e0 essayer de frotter pour garder ma place et cette fois, j\u2019ai plut\u00f4t bien r\u00e9ussi \u00e0 le faire\u201d, se satisfait celle qui a ensuite vu quelques concurrentes la doubler mais s\u2019est arrach\u00e9e pour remplir son objectif. \u201cJ\u2019\u00e9tais cuite sur la fin, je me retournais souvent pour faire le point mais j\u2019ai r\u00e9ussi \u00e0 tenir ce Top 10 jusqu\u2019au bout. C\u2019est vraiment incroyable, surtout en \u00e9tant J1. Ce n\u2019\u00e9tait pas vraiment \u00e7a sur les deux premi\u00e8res manches de Coupe du Monde alors l\u00e0, je suis tr\u00e8s satisfaite\u201d. <\/p>\n<p><strong>Z\u00c9LIE LAMBERT ET NOLWENN VAXILLAIRE DANS LE TRAFIC<\/strong> <\/p>\n<p>L\u00e9g\u00e8rement derri\u00e8re Lucie Elizalde, <strong><a href=\"https:\/\/www.directvelo.com\/coureur\/52490\/zelie-lambert\" target=\"_blank\" rel=\"noopener\">Z\u00e9lie Lambert<\/a><\/strong> doit pour sa part se contenter du Top 15.\u00a0\u201cEn partant de la premi\u00e8re ligne, j\u2019ai essay\u00e9 de prendre un bon d\u00e9part, mais j\u2019ai \u00e9t\u00e9 tass\u00e9e d\u00e8s le premier virage et je me suis vite retrouv\u00e9e dans le trafic\u201d. La jeune femme a encore perdu du temps dans le sable, \u201cbloqu\u00e9e dans les bouchons\u201d. Lucide, elle sait qu\u2019il y a encore du travail. \u201cJe n\u2019\u00e9tais pas \u00e0 ma place mais je gal\u00e8re encore un peu dans le sable, ce n\u2019\u00e9tait pas facile pour moi\u201d. Z\u00e9lie Lambert se satisfait tout de m\u00eame de sentir que \u201cles sensations reviennent petit \u00e0 petit, m\u00eame s\u2019il me reste encore un cap \u00e0 passer. \u00c7a ira sans doute mieux sur les prochaines courses\u201d, esp\u00e8re-t-elle.<\/p>\n<p>Plus loin, <a href=\"https:\/\/www.directvelo.com\/coureur\/53307\/nolwenn-vaxillaire\" target=\"_blank\" rel=\"noopener\"><strong>Nolwenn Vaxillaire<\/strong><\/a> a connu un tout d\u00e9but de course cauchemardesque puisqu\u2019elle a d\u00e9raill\u00e9 d\u2019embl\u00e9e. \u201cCe n\u2019est pas ce que j\u2019avais imagin\u00e9. Je me suis retrouv\u00e9e tout seul, derri\u00e8re, \u00e0 remettre ma cha\u00eene\u201d. S\u2019en est suivie une course de remont\u00e9e. \u201cJ\u2019ai fonc\u00e9 sans trop me poser de questions m\u00eame si sur le coup, j\u2019\u00e9tais d\u00e9\u00e7ue de la situation. J\u2019ai essay\u00e9 de gagner un maximum de places mais j\u2019ai fini par payer tous ces efforts\u201d. Malgr\u00e9 un r\u00e9sultat en demi-teinte, Nolwenn Vaxillaire veut retenir le positif de cette exp\u00e9rience belge. \u201cEn d\u00e9but de saison, je n\u2019aurais pas imagin\u00e9 disputer des manches de Coupe du Monde. Je suis quand m\u00eame contente d\u2019\u00eatre venue ici\u201d.<\/p>\n","protected":false},"excerpt":{"rendered":"Dimanche, sur le circuit de Coxyde, l\u2019\u00e9quipe de France U19 f\u00e9minine a marqu\u00e9 les esprits en r\u00e9alisant le&hellip;\n","protected":false},"author":2,"featured_media":616381,"comment_status":"","ping_status":"","sticky":false,"template":"","format":"standard","meta":{"footnotes":""},"categories":[1411],"tags":[834,828,836,829,837,827,83,826,824,823,1154,207,814,817,815,816,822,821,832,211,839,1011,27,820,818,819,835,831,830,833,838,60,212,208,825],"class_list":{"0":"post-616380","1":"post","2":"type-post","3":"status-publish","4":"format-standard","5":"has-post-thumbnail","7":"category-cyclisme","8":"tag-attaque","9":"tag-belgique","10":"tag-braquet","11":"tag-bretagne","12":"tag-chute","13":"tag-competition","14":"tag-coupe-de-france","15":"tag-coureur","16":"tag-course-cyclisme","17":"tag-course-cycliste","18":"tag-cycling","19":"tag-cyclisme","20":"tag-direct","21":"tag-direct-velo","22":"tag-directvelo","23":"tag-directvelo-com","24":"tag-epreuve","25":"tag-epreuve-cycliste","26":"tag-federation-francaise-de-cyclisme","27":"tag-ffc","28":"tag-flandres","29":"tag-fr","30":"tag-france","31":"tag-live","32":"tag-live-course","33":"tag-live-epreuve","34":"tag-peloton","35":"tag-radio-peloton","36":"tag-radio-tour","37":"tag-ravitaillement","38":"tag-relance","39":"tag-sports","40":"tag-uci","41":"tag-velo","42":"tag-velos"},"share_on_mastodon":{"url":"https:\/\/pubeurope.com\/@fr\/115764796339159435","error":""},"_links":{"self":[{"href":"https:\/\/www.europesays.com\/fr\/wp-json\/wp\/v2\/posts\/616380","targetHints":{"allow":["GET"]}}],"collection":[{"href":"https:\/\/www.europesays.com\/fr\/wp-json\/wp\/v2\/posts"}],"about":[{"href":"https:\/\/www.europesays.com\/fr\/wp-json\/wp\/v2\/types\/post"}],"author":[{"embeddable":true,"href":"https:\/\/www.europesays.com\/fr\/wp-json\/wp\/v2\/users\/2"}],"replies":[{"embeddable":true,"href":"https:\/\/www.europesays.com\/fr\/wp-json\/wp\/v2\/comments?post=616380"}],"version-history":[{"count":0,"href":"https:\/\/www.europesays.com\/fr\/wp-json\/wp\/v2\/posts\/616380\/revisions"}],"wp:featuredmedia":[{"embeddable":true,"href":"https:\/\/www.europesays.com\/fr\/wp-json\/wp\/v2\/media\/616381"}],"wp:attachment":[{"href":"https:\/\/www.europesays.com\/fr\/wp-json\/wp\/v2\/media?parent=616380"}],"wp:term":[{"taxonomy":"category","embeddable":true,"href":"https:\/\/www.europesays.com\/fr\/wp-json\/wp\/v2\/categories?post=616380"},{"taxonomy":"post_tag","embeddable":true,"href":"https:\/\/www.europesays.com\/fr\/wp-json\/wp\/v2\/tags?post=616380"}],"curies":[{"name":"wp","href":"https:\/\/api.w.org\/{rel}","templated":true}]}}