{"id":616386,"date":"2025-12-22T19:11:18","date_gmt":"2025-12-22T19:11:18","guid":{"rendered":"https:\/\/www.europesays.com\/fr\/616386\/"},"modified":"2025-12-22T19:11:18","modified_gmt":"2025-12-22T19:11:18","slug":"pour-2026-le-musee-dorsay-prepare-deux-grandes-expositions-sur-renoir","status":"publish","type":"post","link":"https:\/\/www.europesays.com\/fr\/616386\/","title":{"rendered":"Pour 2026, le Mus\u00e9e d\u2019Orsay pr\u00e9pare deux grandes expositions sur Renoir"},"content":{"rendered":"<p>\t\t\t\t\t\t\t\t\t\t\t\t\t\t\t\t\t\t\t\t\t\t<img loading=\"lazy\" decoding=\"async\" src=\"https:\/\/www.europesays.com\/fr\/wp-content\/uploads\/2025\/12\/COUV-ARTICLES-1620x1080-2025-12-22T131207.055-1024x683.jpg\" class=\"img-fluid\" alt=\"horloge mus\u00e9e d'orsay\" width=\"1024\" height=\"683\"\/><\/p>\n<p>    Save<\/p>\n<p>En 2026, le Mus\u00e9e d\u2019Orsay mettra Pierre-Auguste Renoir \u00e0 l\u2019honneur avec<strong> deux expositions compl\u00e9mentaires<\/strong> explorant diff\u00e9rents aspects de l\u2019un des artistes les plus importants de l\u2019impressionnisme. Ces \u00e9v\u00e9nements sont organis\u00e9s dans le prolongement du <a href=\"https:\/\/parissecret.com\/spectale-immersif-40-ans-musee-orsay\/\" rel=\"follow noopener\" target=\"_self\" class=\"shortcode-outbound-link\" data-has-ga=\"true\" data-ga-type=\"click\" data-label=\"https:\/\/parissecret.com\/spectale-immersif-40-ans-musee-orsay\/\" data-action=\"text_cta_0\" data-category=\"click_internal\">40e anniversaire du mus\u00e9e<\/a> et s\u2019annoncent comme des rendez-vous incontournables pour les amateurs d\u2019art.<\/p>\n<p> Deux expositions majeures sur Renoir \u00e0 venir au mus\u00e9e d\u2019Orsay <\/p>\n<p>Pour notre agenda culturel de 2026, il faudra noter non pas un mais bien <strong>deux rendez-vous au mus\u00e9e d\u2019Orsay<\/strong>. La premi\u00e8re exposition, intitul\u00e9e <strong>Renoir et l\u2019amour<\/strong>, ouvrira ses portes du 17 mars au 19 juillet 2026. Elle rassemblera des \u0153uvres embl\u00e9matiques du peintre qui abordent ce th\u00e8me central dans son travail entre les ann\u00e9es 1860 et 1880. Renoir a souvent repr\u00e9sent\u00e9 les relations humaines et les interactions sociales dans des d\u00e9cors vari\u00e9s, guinguettes, jardins, bals populaires ou promenades en plein air, avec une attention particuli\u00e8re port\u00e9e \u00e0 la lumi\u00e8re et aux couleurs qui caract\u00e9risent son style.<\/p>\n<p><img fetchpriority=\"high\" decoding=\"async\" class=\"alignnone size-full wp-image-224797\" src=\"https:\/\/www.europesays.com\/fr\/wp-content\/uploads\/2025\/12\/COUV-ARTICLES-1620x1080-2025-12-22T131223.399.jpg\" alt=\"renoir\" width=\"1200\" height=\"800\"  \/><\/p>\n<p>En parall\u00e8le, le mus\u00e9e proposera une deuxi\u00e8me exposition,<strong> Renoir dessinateur<\/strong>, du 17 mars au 5 juillet 2026. Cette pr\u00e9sentation se concentrera de son c\u00f4t\u00e9 sur les dessins, aquarelles, pastels et esquisses de l\u2019artiste, un aspect moins connu du grand public. L\u2019exposition entend montrer l\u2019importance de ces \u0153uvres sur papier dans le d\u00e9veloppement artistique de Renoir, r\u00e9v\u00e9lant des \u00e9tapes de cr\u00e9ation, des \u00e9tudes et des approches techniques vari\u00e9es.<\/p>\n<p>Le Mus\u00e9e d\u2019Orsay, d\u00e9j\u00e0 h\u00f4te de la <a href=\"https:\/\/parissecret.com\/les-10-oeuvres-les-plus-emblematiques-du-musee-dorsay\/\" rel=\"follow noopener\" target=\"_self\" class=\"shortcode-outbound-link\" data-has-ga=\"true\" data-ga-type=\"click\" data-label=\"https:\/\/parissecret.com\/les-10-oeuvres-les-plus-emblematiques-du-musee-dorsay\/\" data-action=\"text_cta_1\" data-category=\"click_internal\">plus grande collection impressionniste du monde<\/a>, ajoute une belle \u00e9tape \u00e0 une programmation d\u00e9j\u00e0 riche en \u00e9v\u00e9nements culturels pour 2026.<\/p>\n<p>\ud83d\udccdDouble exposition sur Renoir au mus\u00e9e d\u2019Orsay<br \/>\ud83d\udcc6 \u00c0 partir du 17 mars 2026<\/p>\n","protected":false},"excerpt":{"rendered":"Save En 2026, le Mus\u00e9e d\u2019Orsay mettra Pierre-Auguste Renoir \u00e0 l\u2019honneur avec deux expositions compl\u00e9mentaires explorant diff\u00e9rents aspects&hellip;\n","protected":false},"author":2,"featured_media":616387,"comment_status":"","ping_status":"","sticky":false,"template":"","format":"standard","meta":{"footnotes":""},"categories":[1358],"tags":[1348,1384,1385,1386,58,59,1011,27],"class_list":{"0":"post-616386","1":"post","2":"type-post","3":"status-publish","4":"format-standard","5":"has-post-thumbnail","7":"category-arts-et-design","8":"tag-arts","9":"tag-arts-and-design","10":"tag-arts-et-design","11":"tag-design","12":"tag-divertissement","13":"tag-entertainment","14":"tag-fr","15":"tag-france"},"share_on_mastodon":{"url":"https:\/\/pubeurope.com\/@fr\/115764809657751662","error":""},"_links":{"self":[{"href":"https:\/\/www.europesays.com\/fr\/wp-json\/wp\/v2\/posts\/616386","targetHints":{"allow":["GET"]}}],"collection":[{"href":"https:\/\/www.europesays.com\/fr\/wp-json\/wp\/v2\/posts"}],"about":[{"href":"https:\/\/www.europesays.com\/fr\/wp-json\/wp\/v2\/types\/post"}],"author":[{"embeddable":true,"href":"https:\/\/www.europesays.com\/fr\/wp-json\/wp\/v2\/users\/2"}],"replies":[{"embeddable":true,"href":"https:\/\/www.europesays.com\/fr\/wp-json\/wp\/v2\/comments?post=616386"}],"version-history":[{"count":0,"href":"https:\/\/www.europesays.com\/fr\/wp-json\/wp\/v2\/posts\/616386\/revisions"}],"wp:featuredmedia":[{"embeddable":true,"href":"https:\/\/www.europesays.com\/fr\/wp-json\/wp\/v2\/media\/616387"}],"wp:attachment":[{"href":"https:\/\/www.europesays.com\/fr\/wp-json\/wp\/v2\/media?parent=616386"}],"wp:term":[{"taxonomy":"category","embeddable":true,"href":"https:\/\/www.europesays.com\/fr\/wp-json\/wp\/v2\/categories?post=616386"},{"taxonomy":"post_tag","embeddable":true,"href":"https:\/\/www.europesays.com\/fr\/wp-json\/wp\/v2\/tags?post=616386"}],"curies":[{"name":"wp","href":"https:\/\/api.w.org\/{rel}","templated":true}]}}