{"id":616388,"date":"2025-12-22T19:13:14","date_gmt":"2025-12-22T19:13:14","guid":{"rendered":"https:\/\/www.europesays.com\/fr\/616388\/"},"modified":"2025-12-22T19:13:14","modified_gmt":"2025-12-22T19:13:14","slug":"je-trouve-ca-ahurissant-anny-duperey-ecartee-de-danse-avec-les-stars-a-la-derniere-minute","status":"publish","type":"post","link":"https:\/\/www.europesays.com\/fr\/616388\/","title":{"rendered":"\u00ab\u00a0Je trouve \u00e7a ahurissant\u00a0\u00bb\u00a0: Anny Duperey \u00e9cart\u00e9e de \u00ab\u00a0Danse avec les stars\u00a0\u00bb \u00e0 la derni\u00e8re minute"},"content":{"rendered":"<p class=\"paragraph text_align_left lp-f-body-02\">Pour elle, c\u2019\u00e9tait une certitude. Anny Duperey devait faire partie du casting de <a href=\"https:\/\/www.leparisien.fr\/culture-loisirs\/tv\/danse-avec-les-stars-2026-bern-maghla-manaudou-bambi-qui-participera-a-la-saison-15-18-12-2025-HKD3ELYONVF7FC2MWXESGUSP4M.php\" target=\"_blank\" rel=\"noreferrer noopener\">la saison 15<\/a> de<a href=\"https:\/\/www.leparisien.fr\/culture-loisirs\/tv\/danse-avec-les-stars\/\" target=\"_blank\" rel=\"noreferrer noopener\"> \u00ab Danse avec les stars \u00bb<\/a>, qui sera diffus\u00e9e sur <a href=\"https:\/\/www.leparisien.fr\/culture-loisirs\/tf1-plus\/\" target=\"_blank\" rel=\"noreferrer noopener\">TF 1<\/a> \u00e0 partir de janvier 2026. Jeudi dernier, pourtant, la production a pr\u00e9venu l\u2019agente de la com\u00e9dienne que celle-ci ne figurerait finalement pas dans la prochaine \u00e9dition (aux c\u00f4t\u00e9s de St\u00e9phane Bern, Philippe Lellouche, Ian Ziering, Laure Manaudou, <a href=\"https:\/\/www.leparisien.fr\/culture-loisirs\/tv\/star-academy-qui-est-lucie-bernardoni-repetitrice-de-la-promo-2022-12-11-2022-DCP7YMJ4VVFYVAWLUQRV664A2A.php\" target=\"_blank\" rel=\"noreferrer noopener\">Lucie Bernardoni<\/a>, Julien Lieb et Emma de la <a href=\"https:\/\/www.leparisien.fr\/culture-loisirs\/tv\/star-academy\/\" target=\"_blank\" rel=\"noreferrer noopener\">\u00ab Star Academy \u00bb<\/a>, Malgha, Juju Fitcats, Samuel Bambi et Ang\u00e9lique Angarni-Filopon).<\/p>\n","protected":false},"excerpt":{"rendered":"Pour elle, c\u2019\u00e9tait une certitude. Anny Duperey devait faire partie du casting de la saison 15 de \u00ab&hellip;\n","protected":false},"author":2,"featured_media":616389,"comment_status":"","ping_status":"","sticky":false,"template":"","format":"standard","meta":{"footnotes":""},"categories":[1356],"tags":[872,58,59,1011,27,252,2205,1364],"class_list":{"0":"post-616388","1":"post","2":"type-post","3":"status-publish","4":"format-standard","5":"has-post-thumbnail","7":"category-television","8":"tag-culture-et-loisirs","9":"tag-divertissement","10":"tag-entertainment","11":"tag-fr","12":"tag-france","13":"tag-television","14":"tag-television-medias","15":"tag-tv"},"share_on_mastodon":{"url":"","error":""},"_links":{"self":[{"href":"https:\/\/www.europesays.com\/fr\/wp-json\/wp\/v2\/posts\/616388","targetHints":{"allow":["GET"]}}],"collection":[{"href":"https:\/\/www.europesays.com\/fr\/wp-json\/wp\/v2\/posts"}],"about":[{"href":"https:\/\/www.europesays.com\/fr\/wp-json\/wp\/v2\/types\/post"}],"author":[{"embeddable":true,"href":"https:\/\/www.europesays.com\/fr\/wp-json\/wp\/v2\/users\/2"}],"replies":[{"embeddable":true,"href":"https:\/\/www.europesays.com\/fr\/wp-json\/wp\/v2\/comments?post=616388"}],"version-history":[{"count":0,"href":"https:\/\/www.europesays.com\/fr\/wp-json\/wp\/v2\/posts\/616388\/revisions"}],"wp:featuredmedia":[{"embeddable":true,"href":"https:\/\/www.europesays.com\/fr\/wp-json\/wp\/v2\/media\/616389"}],"wp:attachment":[{"href":"https:\/\/www.europesays.com\/fr\/wp-json\/wp\/v2\/media?parent=616388"}],"wp:term":[{"taxonomy":"category","embeddable":true,"href":"https:\/\/www.europesays.com\/fr\/wp-json\/wp\/v2\/categories?post=616388"},{"taxonomy":"post_tag","embeddable":true,"href":"https:\/\/www.europesays.com\/fr\/wp-json\/wp\/v2\/tags?post=616388"}],"curies":[{"name":"wp","href":"https:\/\/api.w.org\/{rel}","templated":true}]}}