{"id":616390,"date":"2025-12-22T19:14:14","date_gmt":"2025-12-22T19:14:14","guid":{"rendered":"https:\/\/www.europesays.com\/fr\/616390\/"},"modified":"2025-12-22T19:14:14","modified_gmt":"2025-12-22T19:14:14","slug":"le-cadeau-special-que-freddie-mercury-a-offert-a-brian-may-en-lhonneur-de-leur-lien-indefectible","status":"publish","type":"post","link":"https:\/\/www.europesays.com\/fr\/616390\/","title":{"rendered":"Le cadeau sp\u00e9cial que Freddie Mercury a offert \u00e0 Brian May en l&rsquo;honneur de leur lien ind\u00e9fectible"},"content":{"rendered":"<p itemprop=\"description\"><strong>Le guitariste : \u00ab Freddie \u00e9tait tr\u00e8s fier de ce que j&rsquo;avais accompli et de ce que nous avions cr\u00e9\u00e9 ensemble. \u00bb<\/strong><\/p>\n<p><a href=\"https:\/\/virginradio.fr\/news\/rock\/7733\/24-novembre-1991-freddie-mercury-meurt-a-45-ans-retour-sur-les-derniers-jours-de-la-legende-de-queen\" target=\"_blank\" rel=\"noopener\"><strong>Freddie Mercury<\/strong><\/a> fait partie de ces artistes dont l\u2019absence continue de r\u00e9sonner des d\u00e9cennies apr\u00e8s leur disparition. Figure mythique de la sc\u00e8ne <strong>rock<\/strong>, chanteur hors norme, performeur magn\u00e9tique, il a marqu\u00e9 l\u2019histoire de la musique par sa voix, son audace et son g\u00e9nie cr\u00e9atif. L\u2019<strong>h\u00e9ritage<\/strong> qu\u2019il a laiss\u00e9 est immense, mais ceux qui en ressentent le manque le plus profond\u00e9ment restent sans doute ses compagnons de route au sein de <a href=\"https:\/\/virginradio.fr\/news\/rock\/7775\/queen-reflechit-a-un-show-en-hologrammes-freddie-mercury-bientot-de-retour-sur-scene\" target=\"_blank\" rel=\"noopener\"><strong>Queen<\/strong><\/a>, \u00e0 commencer par <a href=\"https:\/\/virginradio.fr\/news\/rock\/7944\/brian-may-queen-offre-un-super-cadeau-a-tommi-iommi-black-sabbath\" target=\"_blank\" rel=\"noopener\"><strong>Brian May<\/strong><\/a>.<\/p>\n<p>Le guitariste partage r\u00e9guli\u00e8rement des souvenirs de son ami disparu, levant le voile sur une relation bien plus intime que ce que le public pouvait imaginer. Une amiti\u00e9 sinc\u00e8re, nourrie par le respect, l\u2019admiration mutuelle et une cr\u00e9ativit\u00e9 fusionnelle.<\/p>\n<p>Un retour sur sc\u00e8ne charg\u00e9 d\u2019\u00e9motion<\/p>\n<p>Lors des r\u00e9cents concerts de <strong>Queen \u00e0 Belfast<\/strong>, enfin de retour sur les routes apr\u00e8s la <strong>pand\u00e9mie<\/strong>, <strong>Brian May<\/strong> a racont\u00e9 une anecdote bouleversante li\u00e9e \u00e0 <strong>Freddie Mercury<\/strong>. \u00c0 une \u00e9poque o\u00f9 le num\u00e9rique n\u2019existait pas, o\u00f9 l\u2019on ne pouvait pas sauvegarder sa vie d\u2019un simple clic, Freddie avait trouv\u00e9 un moyen profond\u00e9ment personnel d\u2019immortaliser le talent de son guitariste.<\/p>\n<p>Un geste simple, mais charg\u00e9 d\u2019une puissance \u00e9motionnelle rare.<\/p>\n<p>Le cadeau inattendu de Freddie Mercury<\/p>\n<p>Nous sommes en <strong>1975<\/strong>, en plein enregistrement de <strong>Bohemian Rhapsody<\/strong>. Un jour, Freddie arrive au studio avec un grand sourire.<br \/>\u00ab Freddie avait un grand sourire quand je suis entr\u00e9 dans le studio \u00bb, raconte <strong>Brian May<\/strong>.<br \/>Il ins\u00e8re alors une <strong>cassette<\/strong> dans le lecteur et lance, malicieusement :<br \/>\u00ab \u00c9coute \u00e7a, mon ch\u00e9ri. Tu vas \u00eatre surpris. \u00bb<\/p>\n<p>Sur cette bande, <strong>Freddie Mercury<\/strong> avait enregistr\u00e9 et mont\u00e9 tous les <strong>solos de guitare<\/strong> de Brian, issus de leur travail commun. Un collage sonore unique, rassemblant l\u2019essence m\u00eame de son jeu, son identit\u00e9 musicale, son \u00e2me d\u2019artiste.<\/p>\n<p>\u00ab Il avait pass\u00e9 toute la matin\u00e9e \u00e0 rassembler tous les solos de guitare qu\u2019il avait pu trouver, et il les avait tous assembl\u00e9s. C\u2019\u00e9tait vraiment incroyable\u2026 \u00bb<br \/>Un hommage sinc\u00e8re, presque intime, t\u00e9moignant de la fiert\u00e9 que Freddie ressentait pour son partenaire de toujours.<\/p>\n<p>Freddie, l\u2019homme des attentions sinc\u00e8res<\/p>\n<p>Ce geste n\u2019avait rien d\u2019isol\u00e9. <strong>Freddie Mercury<\/strong> exprimait souvent son amour et sa gratitude \u00e0 travers des cadeaux et de grandes attentions. Ses c\u00e9l\u00e8bres d\u00eeners de No\u00ebl organis\u00e9s pour des patients hospitalis\u00e9s ont marqu\u00e9 les esprits, tout comme sa manie de ne jamais arriver seul \u00e0 une f\u00eate, m\u00eame \u00e0 l\u2019autre bout du monde.<\/p>\n<p>Toujours muni d\u2019un petit carnet, il notait scrupuleusement les anniversaires et dates importantes. Pour lui, l\u2019essentiel n\u2019\u00e9tait jamais la valeur mat\u00e9rielle :<br \/>\u00ab Un petit cadeau, un geste, une nuance\u2026 comptent bien plus que de recevoir Big Ben. \u00bb<\/p>\n<p>Une philosophie profond\u00e9ment humaine, loin des clich\u00e9s li\u00e9s aux rock stars.<\/p>\n<p>Une cassette perdue, un regret \u00e9ternel<\/p>\n<p>H\u00e9las, l\u2019histoire de cette <strong>cassette<\/strong> ne conna\u00eet pas de fin heureuse. <strong>Brian May<\/strong> ignore aujourd\u2019hui o\u00f9 elle se trouve. Un regret immense pour le guitariste :<br \/>\u00ab C\u2019est l\u2019un de mes plus grands regrets. Je ne retrouve pas cette cassette. Je ne jette jamais rien\u2026 Elle doit bien \u00eatre quelque part. \u00bb<\/p>\n<p>Un souvenir perdu, mais un <strong>lien ind\u00e9fectible<\/strong> intact. Et connaissant l\u2019humour d\u00e9capant de <strong>Freddie Mercury<\/strong>, nul doute qu\u2019il trouverait cette situation absolument hilarante.<\/p>\n<p>Car au fond, l\u2019essentiel n\u2019\u00e9tait pas l\u2019objet, mais ce qu\u2019il repr\u00e9sentait : une amiti\u00e9 rare, une alchimie musicale unique, et l\u2019histoire \u00e9ternelle de <strong>Queen<\/strong>.<\/p>\n","protected":false},"excerpt":{"rendered":"Le guitariste : \u00ab Freddie \u00e9tait tr\u00e8s fier de ce que j&rsquo;avais accompli et de ce que nous&hellip;\n","protected":false},"author":2,"featured_media":616391,"comment_status":"","ping_status":"","sticky":false,"template":"","format":"standard","meta":{"footnotes":""},"categories":[1355],"tags":[1111,11,650,19312,58,7734,11500,2889,59,2263,19311,1011,27,1922,6417,1114,19315,4662,1361,873,19313,19314,19316,3725,1825,19310,66653,7040,3758,19307,19309,19308],"class_list":{"0":"post-616390","1":"post","2":"type-post","3":"status-publish","4":"format-standard","5":"has-post-thumbnail","7":"category-musique","8":"tag-actu","9":"tag-actualites","10":"tag-cinema","11":"tag-dab","12":"tag-divertissement","13":"tag-ecoute","14":"tag-electro","15":"tag-emission","16":"tag-entertainment","17":"tag-equipe","18":"tag-fm","19":"tag-fr","20":"tag-france","21":"tag-info","22":"tag-information","23":"tag-infos","24":"tag-interviews-rock","25":"tag-journal","26":"tag-music","27":"tag-musique","28":"tag-musique-rock","29":"tag-nouveautes-rock","30":"tag-playlists-rock","31":"tag-podcast","32":"tag-radio","33":"tag-radio-en-ligne","34":"tag-radio-rock","35":"tag-rock","36":"tag-station","37":"tag-virgin","38":"tag-virgin-radio","39":"tag-virginradio"},"share_on_mastodon":{"url":"https:\/\/pubeurope.com\/@fr\/115764819659649341","error":""},"_links":{"self":[{"href":"https:\/\/www.europesays.com\/fr\/wp-json\/wp\/v2\/posts\/616390","targetHints":{"allow":["GET"]}}],"collection":[{"href":"https:\/\/www.europesays.com\/fr\/wp-json\/wp\/v2\/posts"}],"about":[{"href":"https:\/\/www.europesays.com\/fr\/wp-json\/wp\/v2\/types\/post"}],"author":[{"embeddable":true,"href":"https:\/\/www.europesays.com\/fr\/wp-json\/wp\/v2\/users\/2"}],"replies":[{"embeddable":true,"href":"https:\/\/www.europesays.com\/fr\/wp-json\/wp\/v2\/comments?post=616390"}],"version-history":[{"count":0,"href":"https:\/\/www.europesays.com\/fr\/wp-json\/wp\/v2\/posts\/616390\/revisions"}],"wp:featuredmedia":[{"embeddable":true,"href":"https:\/\/www.europesays.com\/fr\/wp-json\/wp\/v2\/media\/616391"}],"wp:attachment":[{"href":"https:\/\/www.europesays.com\/fr\/wp-json\/wp\/v2\/media?parent=616390"}],"wp:term":[{"taxonomy":"category","embeddable":true,"href":"https:\/\/www.europesays.com\/fr\/wp-json\/wp\/v2\/categories?post=616390"},{"taxonomy":"post_tag","embeddable":true,"href":"https:\/\/www.europesays.com\/fr\/wp-json\/wp\/v2\/tags?post=616390"}],"curies":[{"name":"wp","href":"https:\/\/api.w.org\/{rel}","templated":true}]}}