{"id":616394,"date":"2025-12-22T19:16:11","date_gmt":"2025-12-22T19:16:11","guid":{"rendered":"https:\/\/www.europesays.com\/fr\/616394\/"},"modified":"2025-12-22T19:16:11","modified_gmt":"2025-12-22T19:16:11","slug":"ce-nouveau-test-a-faire-chez-soi-detecte-une-carence-en-vitamine-b12-avant-lapparition-des-premiers-symptomes","status":"publish","type":"post","link":"https:\/\/www.europesays.com\/fr\/616394\/","title":{"rendered":"Ce nouveau test \u00e0 faire chez soi d\u00e9tecte une carence en vitamine B12 avant l\u2019apparition des premiers sympt\u00f4mes"},"content":{"rendered":"<p>En cette fin d&rsquo;ann\u00e9e 2025, alors que l&rsquo;hiver s&rsquo;installe doucement et que la fatigue peut nous surprendre plus vite qu&rsquo;un courant d&rsquo;air glac\u00e9, un nouvel outil fait parler de lui dans le monde de la pr\u00e9vention sant\u00e9. Fini l&rsquo;attente des premiers signes pour s&rsquo;interroger sur son bien-\u00eatre : un test novateur, simple d&rsquo;utilisation et r\u00e9alis\u00e9 \u00e0 domicile, promet de d\u00e9tecter la carence en vitamine B12 avant m\u00eame que notre organisme ne tire la sonnette d&rsquo;alarme. Ce dispositif discret pourrait bien transformer la fa\u00e7on dont les Fran\u00e7ais prennent soin de leur vitalit\u00e9, surtout \u00e0 l&rsquo;heure des repas festifs o\u00f9 l&rsquo;on pense davantage au foie gras qu&rsquo;aux <a href=\"https:\/\/journaldesseniors.20minutes.fr\/sante\/ces-legumes-que-vous-epluchez-a-tort-et-qui-pourraient-vous-faire-du-bien\/\" target=\"_blank\" rel=\"noopener\">micronutriments<\/a> essentiels. Mais que cache r\u00e9ellement cette innovation, et que gagnerait-on \u00e0 tester son statut en vitamine B12 d\u00e8s aujourd&rsquo;hui ?<\/p>\n<p>Un test sanguin, chez soi, pour une r\u00e9volution silencieuse<\/p>\n<p>Face aux enjeux du bien vieillir, la d\u00e9tection pr\u00e9coce des d\u00e9s\u00e9quilibres nutritionnels devient une priorit\u00e9. L&rsquo;autotest sanguin pour la vitamine B12 s&rsquo;inscrit parfaitement dans cette tendance, offrant une <strong>solution pratique<\/strong> pour surveiller cette vitamine indispensable \u00e0 la vitalit\u00e9 et \u00e0 la clart\u00e9 d&rsquo;esprit.<\/p>\n<p> Quand la carence en vitamine B12 avance masqu\u00e9e<\/p>\n<p>La carence en vitamine B12 se glisse souvent sans bruit dans notre quotidien. Beaucoup ignorent qu&rsquo;avant les manifestations visibles \u2013 <strong>fatigue accrue, troubles de la m\u00e9moire ou engourdissements<\/strong> \u2013 une baisse des r\u00e9serves de B12 agit en coulisse, sapant peu \u00e0 peu l&rsquo;\u00e9nergie et l&rsquo;humeur.<\/p>\n<p>L&rsquo;autotest : une technologie \u00e0 la port\u00e9e de tous<\/p>\n<p>La v\u00e9ritable avanc\u00e9e r\u00e9side dans la possibilit\u00e9 de r\u00e9aliser un d\u00e9pistage pr\u00e9cis chez soi, sans passer par un laboratoire ni attendre des semaines pour obtenir des r\u00e9sultats. Gr\u00e2ce \u00e0 une <strong>technologie miniaturis\u00e9e<\/strong> et un mat\u00e9riel pr\u00eat \u00e0 l&#8217;emploi, il suffit d&rsquo;une micro-goutte de sang pour fournir une r\u00e9ponse claire et rapide sur son statut en vitamine B12.<\/p>\n<p>Les promesses chiffr\u00e9es du test : que dit l&rsquo;\u00e9tude du CHU de Montpellier ?<\/p>\n<p>Courant d\u00e9cembre 2025, le CHU de Montpellier a valid\u00e9 ce test sanguin domestique. D&rsquo;apr\u00e8s les r\u00e9sultats, la sensibilit\u00e9 atteint <strong>92 %<\/strong>, un chiffre qui place ce test parmi les plus fiables pour rep\u00e9rer une carence avant l&rsquo;apparition des premiers sympt\u00f4mes. Une petite r\u00e9volution pour celles et ceux qui veulent s&rsquo;assurer, l&rsquo;hiver venu, que leur capital \u00e9nergie reste au beau fixe.<\/p>\n<p>Vitamine B12 : le d\u00e9ficit insidieux qui nous guette<br \/>\n Pourquoi tant de Fran\u00e7ais sont expos\u00e9s sans le savoir<\/p>\n<p>La vitamine B12 n&rsquo;est pas fabriqu\u00e9e par l&rsquo;organisme : elle provient principalement des aliments d&rsquo;origine animale. Certaines populations, comme <strong>les seniors, les v\u00e9g\u00e9tariens, les personnes ayant des troubles digestifs<\/strong> ou encore celles qui prennent certains m\u00e9dicaments au long cours, sont plus \u00e0 risque de d\u00e9ficit, bien souvent sans en avoir connaissance.<\/p>\n<p>Sympt\u00f4mes invisibles, cons\u00e9quences bien r\u00e9elles<\/p>\n<p><strong>Fatigue persistante, troubles de la m\u00e9moire, irritabilit\u00e9&#8230;<\/strong> Ces signes sont fr\u00e9quemment attribu\u00e9s au stress, \u00e0 l&rsquo;\u00e2ge ou \u00e0 la saison. Pourtant, un manque de vitamine B12 non rep\u00e9r\u00e9 peut entra\u00eener, \u00e0 terme, des complications s\u00e9rieuses, en particulier pour le syst\u00e8me nerveux et la vitalit\u00e9 globale.<\/p>\n<p>Mode d&#8217;emploi : comment r\u00e9aliser ce test chez soi simplement<br \/>\nMat\u00e9riel fourni et pr\u00e9paration : l&rsquo;innovation au bout des doigts<\/p>\n<p>Le coffret d&rsquo;autotest comprend :<\/p>\n<ul>\n<li>Un dispositif de pr\u00e9l\u00e8vement st\u00e9rile<\/li>\n<li>Une lingette d\u00e9sinfectante<\/li>\n<li>Un tube collecteur de micro-gouttes<\/li>\n<li>Un support d&rsquo;analyse r\u00e9actif<\/li>\n<li>Un guide d&rsquo;utilisation simplifi\u00e9<\/li>\n<\/ul>\n<p>Tout le n\u00e9cessaire est pr\u00e9vu pour garantir un <strong>geste s\u00fbr et accessible<\/strong>, m\u00eame pour les personnes peu habitu\u00e9es aux manipulations m\u00e9dicales.<\/p>\n<p>Les \u00e9tapes pas \u00e0 pas, de la goutte de sang au r\u00e9sultat<\/p>\n<p>Apr\u00e8s avoir d\u00e9sinfect\u00e9 le bout du doigt, il suffit de piquer l\u00e9g\u00e8rement la peau \u00e0 l&rsquo;aide du dispositif, de recueillir une goutte de sang sur le support pr\u00e9vu, puis de patienter quelques minutes. Le <strong>changement de couleur du r\u00e9actif<\/strong> indique la pr\u00e9sence ou l&rsquo;absence d&rsquo;un d\u00e9ficit, lisible imm\u00e9diatement sur l&#8217;emballage.<\/p>\n<p>Avant m\u00eame les premiers signes : l&rsquo;enjeu de la pr\u00e9vention<br \/>\nPrendre de l&rsquo;avance, c&rsquo;est possible gr\u00e2ce \u00e0 la sensibilit\u00e9 (92 %)<\/p>\n<p>La force de ce test r\u00e9side dans sa capacit\u00e9 \u00e0 rep\u00e9rer un manque de vitamine B12 bien avant que la fatigue ou les fourmillements ne s&rsquo;installent. Gr\u00e2ce \u00e0 une <strong>sensibilit\u00e9 de 92 %<\/strong>, il devient possible d&rsquo;intervenir pr\u00e9cocement, en \u00e9vitant des complications parfois difficiles \u00e0 renverser ult\u00e9rieurement.<\/p>\n<p> Pour qui est destin\u00e9 ce test en priorit\u00e9 ?<\/p>\n<p>Ce test s&rsquo;adresse en priorit\u00e9 aux <strong>seniors, aux personnes adoptant un r\u00e9gime v\u00e9g\u00e9tarien ou v\u00e9g\u00e9talien<\/strong>, \u00e0 celles qui ressentent une baisse d&rsquo;\u00e9nergie inhabituelle ainsi qu&rsquo;\u00e0 tous ceux qui souhaitent simplement s&rsquo;assurer que leur organisme fonctionne de mani\u00e8re optimale durant la p\u00e9riode hivernale.<\/p>\n<p>Interpr\u00e9ter son r\u00e9sultat : ce que signifient vos chiffres<br \/>\nPositif ou n\u00e9gatif : comment agir selon les cas<\/p>\n<p>Un r\u00e9sultat n\u00e9gatif rassure sur l&rsquo;\u00e9tat des r\u00e9serves en vitamine B12 : une <strong>alimentation \u00e9quilibr\u00e9e<\/strong> suffit alors le plus souvent \u00e0 conserver l&rsquo;\u00e9quilibre. Un r\u00e9sultat positif, lui, alerte sur une possible carence et commande une vigilance accrue : il ne s&rsquo;agit pas d&rsquo;un diagnostic d\u00e9finitif, mais d&rsquo;un signal pour consulter si besoin.<\/p>\n<p> L&rsquo;accompagnement m\u00e9dical apr\u00e8s l&rsquo;autotest<\/p>\n<p>En cas de r\u00e9sultat anormal, une prise de sang en laboratoire et un \u00e9change avec un professionnel de sant\u00e9 restent recommand\u00e9s. L&rsquo;autotest est l\u00e0 pour <strong>\u00e9veiller l&rsquo;attention<\/strong>, non pour se substituer \u00e0 un accompagnement m\u00e9dical personnalis\u00e9.<\/p>\n<p>D\u00e9pister en avance, et apr\u00e8s ? Les nouveaux horizons de la sant\u00e9 personnalis\u00e9e<br \/>\nFreiner les complications : pourquoi le test change la donne<\/p>\n<p>En offrant \u00e0 chacun la possibilit\u00e9 de suivre ses besoins en micronutriments au c\u0153ur de l&rsquo;hiver, ce test ouvre la voie \u00e0 une sant\u00e9 plus proactive. D\u00e9pister en avance permet \u00e0 toutes et tous d&rsquo;<strong>\u00e9viter fatigue chronique, troubles cognitifs ou complications neurologiques<\/strong> souvent irr\u00e9versibles.<\/p>\n<p> Conseils pour booster sa B12 et anticiper les d\u00e9ficits<\/p>\n<p><strong>Mettre dans son assiette davantage d&rsquo;\u0153ufs, de poisson ou de produits laitiers<\/strong>, enrichir son alimentation v\u00e9g\u00e9tale d&rsquo;aliments fortifi\u00e9s, ou aborder la question d&rsquo;une compl\u00e9mentation avec son m\u00e9decin : autant de gestes simples pour garder le cap cet hiver et miser sur l&rsquo;\u00e9nergie.<\/p>\n<p> Ce qu&rsquo;il faut retenir et les prochaines \u00e9tapes pour la pr\u00e9vention<\/p>\n<p>L&rsquo;autotest pour la carence en vitamine B12 s&rsquo;impose comme une <strong>innovation saisonni\u00e8re pertinente<\/strong>, \u00e0 la fois accessible et fiable pour d\u00e9tecter les d\u00e9ficits avant qu&rsquo;ils ne diminuent notre \u00e9nergie. \u00c0 l&rsquo;approche des f\u00eates, il rappelle que la pr\u00e9vention n&rsquo;est pas r\u00e9serv\u00e9e aux professionnels ou \u00e0 ceux qui se sentent d\u00e9j\u00e0 fatigu\u00e9s. Prendre soin de soi implique \u00e9galement d&rsquo;anticiper, de comprendre son corps et d&rsquo;agir avant l&rsquo;apparition des signaux d&rsquo;alerte. Dans un futur proche, la sant\u00e9 personnalis\u00e9e \u00e0 domicile pourrait devenir la norme : \u00eates-vous pr\u00eat \u00e0 franchir le pas pour maintenir votre vitalit\u00e9 m\u00eame au c\u0153ur de l&rsquo;hiver ?<\/p>\n","protected":false},"excerpt":{"rendered":"En cette fin d&rsquo;ann\u00e9e 2025, alors que l&rsquo;hiver s&rsquo;installe doucement et que la fatigue peut nous surprendre plus&hellip;\n","protected":false},"author":2,"featured_media":616395,"comment_status":"","ping_status":"","sticky":false,"template":"","format":"standard","meta":{"footnotes":""},"categories":[10],"tags":[1011,27,72,56,71],"class_list":{"0":"post-616394","1":"post","2":"type-post","3":"status-publish","4":"format-standard","5":"has-post-thumbnail","7":"category-sante","8":"tag-fr","9":"tag-france","10":"tag-health","11":"tag-push","12":"tag-sante"},"share_on_mastodon":{"url":"https:\/\/pubeurope.com\/@fr\/115764827582744206","error":""},"_links":{"self":[{"href":"https:\/\/www.europesays.com\/fr\/wp-json\/wp\/v2\/posts\/616394","targetHints":{"allow":["GET"]}}],"collection":[{"href":"https:\/\/www.europesays.com\/fr\/wp-json\/wp\/v2\/posts"}],"about":[{"href":"https:\/\/www.europesays.com\/fr\/wp-json\/wp\/v2\/types\/post"}],"author":[{"embeddable":true,"href":"https:\/\/www.europesays.com\/fr\/wp-json\/wp\/v2\/users\/2"}],"replies":[{"embeddable":true,"href":"https:\/\/www.europesays.com\/fr\/wp-json\/wp\/v2\/comments?post=616394"}],"version-history":[{"count":0,"href":"https:\/\/www.europesays.com\/fr\/wp-json\/wp\/v2\/posts\/616394\/revisions"}],"wp:featuredmedia":[{"embeddable":true,"href":"https:\/\/www.europesays.com\/fr\/wp-json\/wp\/v2\/media\/616395"}],"wp:attachment":[{"href":"https:\/\/www.europesays.com\/fr\/wp-json\/wp\/v2\/media?parent=616394"}],"wp:term":[{"taxonomy":"category","embeddable":true,"href":"https:\/\/www.europesays.com\/fr\/wp-json\/wp\/v2\/categories?post=616394"},{"taxonomy":"post_tag","embeddable":true,"href":"https:\/\/www.europesays.com\/fr\/wp-json\/wp\/v2\/tags?post=616394"}],"curies":[{"name":"wp","href":"https:\/\/api.w.org\/{rel}","templated":true}]}}