{"id":616410,"date":"2025-12-22T19:26:17","date_gmt":"2025-12-22T19:26:17","guid":{"rendered":"https:\/\/www.europesays.com\/fr\/616410\/"},"modified":"2025-12-22T19:26:17","modified_gmt":"2025-12-22T19:26:17","slug":"lhomme-qui-setait-introduit-au-college-jules-valles-juge","status":"publish","type":"post","link":"https:\/\/www.europesays.com\/fr\/616410\/","title":{"rendered":"l&rsquo;homme qui s&rsquo;\u00e9tait introduit au coll\u00e8ge Jules-Vall\u00e8s jug\u00e9"},"content":{"rendered":"<p>La surveillante a bien tent\u00e9 de lui interdire l\u2019entr\u00e9e dans l\u2019\u00e9tablissement, mais l\u2019homme n\u2019en a pas tenu compte. Il a p\u00e9n\u00e9tr\u00e9 de force d\u00e9but novembre\u00a02025 \u00e0 l\u2019int\u00e9rieur du coll\u00e8ge st\u00e9phanois Jules-Vall\u00e8s. Dans un contexte de crainte d\u2019attentat terroriste, l\u2019alarme intrusion a \u00e9t\u00e9 d\u00e9clench\u00e9e, entra\u00eenant le confinement des \u00e9l\u00e8ves et des professeurs.<\/p>\n<p>L\u2019auteur de l\u2019irruption est un homme de 39 ans. Emmanuel (pr\u00e9nom d\u2019emprunt) pr\u00e9tend qu\u2019il \u00e9tait en d\u00e9tresse ce jour-l\u00e0. \u00ab\u00a0J\u2019avais peur, dit-il aux juges du tribunal correctionnel. Je venais de me faire taper dessus par mes voisins. J\u2019\u00e9tais en sang, je me suis r\u00e9fugi\u00e9 dans le coll\u00e8ge.\u00a0\u00bb<\/p>\n<p><strong>&gt;&gt; <a href=\"https:\/\/www.leprogres.fr\/faits-divers-justice\/2025\/11\/04\/un-individu-s-introduit-au-college-jules-valles-pendant-la-recreation\" target=\"_blank\" rel=\"noopener\">Un individu s\u2019introduit au&#8230;<\/a><\/strong><\/p>\n","protected":false},"excerpt":{"rendered":"La surveillante a bien tent\u00e9 de lui interdire l\u2019entr\u00e9e dans l\u2019\u00e9tablissement, mais l\u2019homme n\u2019en a pas tenu compte.&hellip;\n","protected":false},"author":2,"featured_media":616411,"comment_status":"","ping_status":"","sticky":false,"template":"","format":"standard","meta":{"footnotes":""},"categories":[9653],"tags":[1111,11,2430,271,272,7539,1777,674,274,1011,27,3367,12,25,4001,7538],"class_list":{"0":"post-616410","1":"post","2":"type-post","3":"status-publish","4":"format-standard","5":"has-post-thumbnail","7":"category-saint-etienne","8":"tag-actu","9":"tag-actualites","10":"tag-auvergne-rhone-alpes","11":"tag-crime","12":"tag-delit-et-contravention","13":"tag-edition-loire-sud","14":"tag-eu","15":"tag-europe","16":"tag-faits-divers-justice","17":"tag-fr","18":"tag-france","19":"tag-loire","20":"tag-news","21":"tag-republique-francaise","22":"tag-saint-etienne","23":"tag-saint-etienne-ville"},"share_on_mastodon":{"url":"https:\/\/pubeurope.com\/@fr\/115764866751263671","error":""},"_links":{"self":[{"href":"https:\/\/www.europesays.com\/fr\/wp-json\/wp\/v2\/posts\/616410","targetHints":{"allow":["GET"]}}],"collection":[{"href":"https:\/\/www.europesays.com\/fr\/wp-json\/wp\/v2\/posts"}],"about":[{"href":"https:\/\/www.europesays.com\/fr\/wp-json\/wp\/v2\/types\/post"}],"author":[{"embeddable":true,"href":"https:\/\/www.europesays.com\/fr\/wp-json\/wp\/v2\/users\/2"}],"replies":[{"embeddable":true,"href":"https:\/\/www.europesays.com\/fr\/wp-json\/wp\/v2\/comments?post=616410"}],"version-history":[{"count":0,"href":"https:\/\/www.europesays.com\/fr\/wp-json\/wp\/v2\/posts\/616410\/revisions"}],"wp:featuredmedia":[{"embeddable":true,"href":"https:\/\/www.europesays.com\/fr\/wp-json\/wp\/v2\/media\/616411"}],"wp:attachment":[{"href":"https:\/\/www.europesays.com\/fr\/wp-json\/wp\/v2\/media?parent=616410"}],"wp:term":[{"taxonomy":"category","embeddable":true,"href":"https:\/\/www.europesays.com\/fr\/wp-json\/wp\/v2\/categories?post=616410"},{"taxonomy":"post_tag","embeddable":true,"href":"https:\/\/www.europesays.com\/fr\/wp-json\/wp\/v2\/tags?post=616410"}],"curies":[{"name":"wp","href":"https:\/\/api.w.org\/{rel}","templated":true}]}}