{"id":616416,"date":"2025-12-22T19:34:17","date_gmt":"2025-12-22T19:34:17","guid":{"rendered":"https:\/\/www.europesays.com\/fr\/616416\/"},"modified":"2025-12-22T19:34:17","modified_gmt":"2025-12-22T19:34:17","slug":"simple-accident-ou-collision-volontaire-un-homme-se-fait-percuter-par-larriere-puis-rouler-dessus-a-montpellier-lautomobiliste-recherche","status":"publish","type":"post","link":"https:\/\/www.europesays.com\/fr\/616416\/","title":{"rendered":"Simple accident ou collision volontaire\u00a0?\u00a0: un homme se fait percuter par l\u2019arri\u00e8re puis rouler dessus \u00e0 Montpellier, l\u2019automobiliste recherch\u00e9"},"content":{"rendered":"<p>\n                                                                Une enqu\u00eate est en cours afin d\u2019identifier un automobiliste qui a percut\u00e9 un pi\u00e9ton ce lundi 22\u00a0d\u00e9cembre vers 3\u00a0heures du matin rue Eurydice \u00e0 Montpellier. Le mis en cause lui a roul\u00e9 dessus en reculant, avant de quitter les lieux pr\u00e9cipitamment.\n                            <\/p>\n<p>Un pi\u00e9ton, \u00e2g\u00e9 de 27 ans, a \u00e9t\u00e9 gri\u00e8vement bless\u00e9, dans la nuit de dimanche \u00e0 lundi 22\u00a0d\u00e9cembre, aux alentours de 3\u00a0h\u00a020 du matin, dans la sulfureuse rue Eurydice, dans le quartier de La Martelle \u00e0 Montpellier. Lorsque les policiers nationaux sont arriv\u00e9s sur place, les sapeurs-pompiers et une \u00e9quipe d\u2019urgentistes du Samu 34 s\u2019appr\u00eataient \u00e0 \u00e9vacuer le jeune homme vers le centre hospitalier Lapeyronie. La victime, de nationalit\u00e9 arm\u00e9nienne, venait en effet d\u2019\u00eatre percut\u00e9e par un v\u00e9hicule dans des circonstances encore mal \u00e9tablies.<\/p>\n<p>Selon ses toutes premi\u00e8res d\u00e9clarations, le jeune homme se rendait \u00e0 son v\u00e9hicule lorsqu\u2019il aurait \u00e9t\u00e9 heurt\u00e9 par l\u2019arri\u00e8re alors qu\u2019il traversait un parking. Projet\u00e9 au sol, il se serait ensuite fait rouler dessus par la voiture impliqu\u00e9e qui effectuait une marche arri\u00e8re. Un encha\u00eenement de faits qui interroge les enqu\u00eateurs, d\u2019autant que le conducteur dudit v\u00e9hicule a ensuite enclench\u00e9 la marche avant\u00a0et a quitt\u00e9 les lieux comme si de rien n\u2019\u00e9tait.<\/p>\n<p>Double fracture aux chevilles<\/p>\n<p>Si la victime souffre de deux fractures au niveau des chevilles, son pronostic vital n\u2019est toutefois pas engag\u00e9. En raison de son \u00e9tat de sant\u00e9, il n\u2019a pas encore pu \u00eatre entendu officiellement par les services de police.<\/p>\n<p>\u00c0 ce stade, les circonstances exactes de cette collision restent donc inconnues. S\u2019agit-il d\u2019un accident suivi d\u2019une man\u0153uvre maladroite ou d\u2019un r\u00e8glement de compte d\u00e9guis\u00e9\u00a0? Il est trop t\u00f4t pour le dire. Une enqu\u00eate a \u00e9t\u00e9 ouverte afin de d\u00e9terminer pr\u00e9cis\u00e9ment ce qu\u2019il s\u2019est pass\u00e9 et d\u2019identifier le conducteur impliqu\u00e9. Les\u00a0cam\u00e9ras de vid\u00e9osurveillance sont en cours d\u2019exploitation.<\/p>\n","protected":false},"excerpt":{"rendered":"Une enqu\u00eate est en cours afin d\u2019identifier un automobiliste qui a percut\u00e9 un pi\u00e9ton ce lundi 22\u00a0d\u00e9cembre vers&hellip;\n","protected":false},"author":2,"featured_media":616417,"comment_status":"","ping_status":"","sticky":false,"template":"","format":"standard","meta":{"footnotes":""},"categories":[9599],"tags":[1111,11,1777,674,118,1011,27,7089,2208,12,2680,25],"class_list":{"0":"post-616416","1":"post","2":"type-post","3":"status-publish","4":"format-standard","5":"has-post-thumbnail","7":"category-montpellier","8":"tag-actu","9":"tag-actualites","10":"tag-eu","11":"tag-europe","12":"tag-faits-divers","13":"tag-fr","14":"tag-france","15":"tag-herault","16":"tag-montpellier","17":"tag-news","18":"tag-occitanie","19":"tag-republique-francaise"},"share_on_mastodon":{"url":"https:\/\/pubeurope.com\/@fr\/115764898344708866","error":""},"_links":{"self":[{"href":"https:\/\/www.europesays.com\/fr\/wp-json\/wp\/v2\/posts\/616416","targetHints":{"allow":["GET"]}}],"collection":[{"href":"https:\/\/www.europesays.com\/fr\/wp-json\/wp\/v2\/posts"}],"about":[{"href":"https:\/\/www.europesays.com\/fr\/wp-json\/wp\/v2\/types\/post"}],"author":[{"embeddable":true,"href":"https:\/\/www.europesays.com\/fr\/wp-json\/wp\/v2\/users\/2"}],"replies":[{"embeddable":true,"href":"https:\/\/www.europesays.com\/fr\/wp-json\/wp\/v2\/comments?post=616416"}],"version-history":[{"count":0,"href":"https:\/\/www.europesays.com\/fr\/wp-json\/wp\/v2\/posts\/616416\/revisions"}],"wp:featuredmedia":[{"embeddable":true,"href":"https:\/\/www.europesays.com\/fr\/wp-json\/wp\/v2\/media\/616417"}],"wp:attachment":[{"href":"https:\/\/www.europesays.com\/fr\/wp-json\/wp\/v2\/media?parent=616416"}],"wp:term":[{"taxonomy":"category","embeddable":true,"href":"https:\/\/www.europesays.com\/fr\/wp-json\/wp\/v2\/categories?post=616416"},{"taxonomy":"post_tag","embeddable":true,"href":"https:\/\/www.europesays.com\/fr\/wp-json\/wp\/v2\/tags?post=616416"}],"curies":[{"name":"wp","href":"https:\/\/api.w.org\/{rel}","templated":true}]}}