{"id":616420,"date":"2025-12-22T19:36:17","date_gmt":"2025-12-22T19:36:17","guid":{"rendered":"https:\/\/www.europesays.com\/fr\/616420\/"},"modified":"2025-12-22T19:36:17","modified_gmt":"2025-12-22T19:36:17","slug":"les-pompiers-ont-distribue-des-cadeaux-aux-enfants-du-chu-de-rouen-et-cetait-lidee-de-deux-fillettes","status":"publish","type":"post","link":"https:\/\/www.europesays.com\/fr\/616420\/","title":{"rendered":"Les pompiers ont distribu\u00e9 des cadeaux aux enfants du CHU de Rouen (et c&rsquo;\u00e9tait l&rsquo;id\u00e9e de deux fillettes)"},"content":{"rendered":"<p>                    Par<br \/>\n        <strong><br \/>\n            <a href=\"https:\/\/actu.fr\/auteur\/lily-dedeye\" title=\"Consulter tous les articles de Lily Dedeye\" target=\"_blank\" rel=\"noopener\">Lily Dedeye<\/a><br \/>\n                    <\/strong><\/p>\n<p>        Publi\u00e9 le<\/p>\n<p>            22 d\u00e9c. 2025 \u00e0 20h02        <\/p>\n<p>Ce jeudi 18 d\u00e9cembre 2025, au <a href=\"https:\/\/actu.fr\/tag\/chu-rouen\" target=\"_blank\" rel=\"noopener\">CHU de Rouen<\/a>, les sapeurs-pompiers du <strong>centre d\u2019incendie de secours de Rouen Sud Rive Gauche<\/strong> sont pr\u00e9sents, et cette fois-ci, ce n\u2019est pas pour une intervention ou amener un patient ! L\u2019\u00e9quipe, dirig\u00e9e par la cheffe d\u2019unit\u00e9 Rosense Ribaut vient d\u00e9poser au service p\u00e9diatrie de l\u2019h\u00f4pital <strong>une multitude de jouets r\u00e9colt\u00e9s en interne pour le No\u00ebl des enfants malades.<\/strong> Une action qui fait du bien, aussi bien aux donneurs qu\u2019aux receveurs\u2026<\/p>\n<p>L\u2019id\u00e9e des filles d\u2019un pompier<\/p>\n<p class=\" wall-content\">\u00ab\u00a0C\u2019est <strong>une d\u00e9marche vraiment sympathique<\/strong> qui fait toujours plaisir \u00e0 la p\u00e9riode de No\u00ebl\u00a0\u00bb, se r\u00e9jouit le Pr Agn\u00e8s Liard, cheffe du service p\u00e9diatrique et coordinatrice du projet.<\/p>\n<p>    <img   decoding=\"async\" loading=\"lazy\" src=\"https:\/\/www.europesays.com\/fr\/wp-content\/uploads\/2025\/12\/img-3455-960x640.jpg\" alt=\"Ronan Lamenisot est le sapeur pompier \u00e0 l'origine du projet.\" width=\"960\" height=\"640\"\/><br \/>\n    Ronan Lamenisot est le sapeur pompier \u00e0 l\u2019origine du projet. (\u00a9Lily Dedeye)<\/p>\n<p class=\" wall-content\">Ce projet est n\u00e9 tr\u00e8s r\u00e9cemment <strong>sur l\u2019initiative du sergent chef Ronan Lamenisot<\/strong>, \u00e0 la suite d\u2019une conversation avec ses filles de 13 et 18 ans.<\/p>\n<p class=\" wall-content\">\u00a0\u00bb On avait plein de jouets \u00e0 la maison dont les filles ne se servaient plus, les foires \u00e0 tout ne fonctionnaient pas, alors on s\u2019est demand\u00e9 ce que l\u2019on allait bien pouvoir en faire. Puis, <strong>mes filles m\u2019ont propos\u00e9 de les donner<\/strong> aux enfants de l\u2019h\u00f4pital de Rouen. J\u2019ai trouv\u00e9 l\u2019id\u00e9e brillante, alors j\u2019ai lanc\u00e9 les d\u00e9marches pour construire le projet\u00a0\u00bb, raconte le soldat du feu.<\/p>\n<p>Vid\u00e9os : en ce moment sur Actu<\/p>\n<blockquote class=\"ac-article-quote wall-content\">\n<p>Quand on voit le sourire des enfants hospitalis\u00e9s lorsqu&rsquo;on leur ram\u00e8ne des cadeaux comme \u00e7a, on est \u00e9mu, \u00e7a nous touche.<\/p>\n<p>    <strong>Ronan Lamenisot<\/strong><br \/>\n        sapeur-pompier    <\/p><\/blockquote>\n<p><img decoding=\"async\" loading=\"lazy\" src=\"https:\/\/www.europesays.com\/fr\/wp-content\/uploads\/2025\/12\/img-3463-960x640.jpg\" alt=\"La cheffe d'unit\u00e9 du centre d'incendie de secours de Rouen Sud Rive Gauche, Rosense Ribaut, emball\u00e9e par l'initiative, a appuy\u00e9 la demande aupr\u00e8s de ses sup\u00e9rieurs hi\u00e9rarchiques et a permis au projet de voir le jour.\" width=\"960\" height=\"640\"\/>La cheffe d\u2019unit\u00e9 du centre d\u2019incendie de secours de Rouen Sud Rive Gauche, Rosense Ribaut, emball\u00e9e par l\u2019initiative, a appuy\u00e9 la demande aupr\u00e8s de ses sup\u00e9rieurs hi\u00e9rarchiques et a permis au projet de voir le jour. (\u00a9Lily Dedeye)<\/p>\n<p>Votre r\u00e9gion, votre actu !<\/p>\n<p>Recevez chaque jour les infos qui comptent pour vous.<\/p>\n<p>\t<a href=\"https:\/\/actu.fr\/newsletter\" class=\"ac-btn ac-btn--corner ac-btn--medium ac-btn--blue800\" target=\"_blank\" rel=\"noopener\">S&rsquo;incrire<\/a><\/p>\n<p class=\" wall-content\">Ronan Lamenisot se rapproche d\u2019abord de sa cheffe d\u2019unit\u00e9 Rosense Ribaut et lui exprime son souhait de mettre en place <strong>une collecte de jouets en interne pour donner une seconde vie aux jeux<\/strong> inutilis\u00e9s de nombre de ses coll\u00e8gues. \u00ab\u00a0Quand Ronan m\u2019a fait part de cette initiative, j\u2019ai tout de suite \u00e9t\u00e9 tr\u00e8s emball\u00e9e. J\u2019en ai parl\u00e9 directement \u00e0 mes sup\u00e9rieurs hi\u00e9rarchiques et cela a permis d\u2019organiser l\u2019\u00e9v\u00e8nement \u00ab\u00a0, explique Rosense Ribaut.<\/p>\n<p>Des sapeurs pompiers de plusieurs casernes impliqu\u00e9s<\/p>\n<p class=\" wall-content\">Une fois le projet valid\u00e9 par les sup\u00e9rieurs, et par les interlocuteurs du CHU, notamment le professeur Liard, responsable de ce genre d\u2019action au sein de l\u2019h\u00f4pital, des points de collectes sont install\u00e9s dans plusieurs casernes. \u00ab\u00a0Les jouets viennent de tout le d\u00e9partement. <strong>Dieppe, le Havre, Neuch\u00e2tel, Gournay\u2026<\/strong> On a imagin\u00e9 plusieurs points de collectes puis on a tout centralis\u00e9 au m\u00eame endroit. Mais j\u2019avoue que l\u2019on ne s\u2019attendait pas \u00e0 tant de dons.\u00a0\u00bb<\/p>\n<blockquote class=\"ac-article-quote wall-content\">\n<p>Il y a eu une vraie implication des services, tout le monde a jou\u00e9 le jeu. C&rsquo;est une grande surprise. Pour une premi\u00e8re \u00e9dition, on ne pensait pas avoir autant de dons. <\/p>\n<p>    <strong>Ronan Lamenisot<\/strong><br \/>\n        sapeur-pompier    <\/p><\/blockquote>\n<p>Le jour J, un \u00e9v\u00e9nement r\u00e9ussi<img decoding=\"async\" loading=\"lazy\" src=\"https:\/\/www.europesays.com\/fr\/wp-content\/uploads\/2025\/12\/img-3453-960x640.jpg\" alt=\"Le jour J, Ronan Lamenisot s'affaire avec ses coll\u00e8gues Sapeurs Pompiers et d\u00e9pose les jouets dans une salle d\u00e9di\u00e9e.\" width=\"960\" height=\"640\"\/>Le jour J, Ronan Lamenisot s\u2019affaire avec ses coll\u00e8gues Sapeurs Pompiers et d\u00e9pose les jouets dans une salle d\u00e9di\u00e9e. (\u00a9Lily Dedeye)<\/p>\n<p class=\" wall-content\">Sur place, le jour J, les sapeurs pompiers et le personnel de l\u2019h\u00f4pital s\u2019affairent. Les cadeaux sont d\u00e9pos\u00e9s sur des chariots et mont\u00e9s par ascenseur jusqu\u2019au sixi\u00e8me \u00e9tage. <strong>La quantit\u00e9 est ph\u00e9nom\u00e9nale.<\/strong><\/p>\n<p class=\" wall-content\">Et \u00e0 pr\u00e9sent, place au tri ! Les responsables de chacun des services entreprennent de s\u00e9parer jeux neufs et d\u2019occasion, et emm\u00e8nent avec eux sur un chariot les jouets adapt\u00e9s \u00e0 la tranche d\u2019\u00e2ge des enfants qu\u2019ils accueillent. \u00ab\u00a0Il nous faut des jouets lavables pour des questions d\u2019hygi\u00e8ne, des jeux de soci\u00e9t\u00e9 pour les grands et des jouets qui roulent pour les plus petits !\u00a0\u00bb, r\u00e9sume une infirmi\u00e8re en plein tri.<\/p>\n<blockquote class=\"ac-article-quote wall-content\">\n<p>C&rsquo;est dommage, on ne pourra pas distribuer tous les jeux aux enfants. Seuls les jouets neufs pourront \u00eatre distribu\u00e9s \u00e0 No\u00ebl, le reste servira pour les salles d&rsquo;attente de chaque service. <\/p>\n<p>    <strong>Pr Agn\u00e8s Liard<\/strong><br \/>\n        Cheffe du service chirurgie p\u00e9diatrique    <\/p><\/blockquote>\n<p>    <img   decoding=\"async\" loading=\"lazy\" src=\"https:\/\/www.europesays.com\/fr\/wp-content\/uploads\/2025\/12\/img-3485-1-960x640.jpg\" alt=\"Plusieurs infirmi\u00e8res de plusieurs services sont venues trier les jouets et r\u00e9cup\u00e9rer ceux qui \u00e9taient adapt\u00e9s \u00e0 leur sp\u00e9cialit\u00e9.\" width=\"960\" height=\"640\"\/><br \/>\n    Plusieurs infirmi\u00e8res de plusieurs services sont venues trier les jouets et r\u00e9cup\u00e9rer ceux qui \u00e9taient adapt\u00e9s \u00e0 leur sp\u00e9cialit\u00e9. (\u00a9Lily Dedeye)Une initiative qui r\u00e9conforte<\/p>\n<p class=\" wall-content\">Enfin, au fond de la salle, deux jeunes accueillis \u00e0 l\u2019h\u00f4pital dessinent calmement. \u00c0 c\u00f4t\u00e9, une \u00e9norme peluche semble veiller sur eux. Pour les enfants, cette journ\u00e9e est sp\u00e9ciale et le P\u00e8re No\u00ebl est pass\u00e9 avant l\u2019heure. \u00ab <strong>\u00c7a me remonte le moral cette peluche.<\/strong> \u00c7a ram\u00e8ne un peu de joie. C\u2019est comme la pr\u00e9sence d\u2019une maman. Je vais l\u2019appeler Tommy et je vais lui faire des c\u00e2lins pour qu\u2019elle m\u2019aide \u00e0 ne pas trop penser \u00e0 papa qui a le cancer \u00bb, dit Liam<\/p>\n<blockquote class=\"ac-article-quote wall-content\">\n<p>Je trouve \u00e7a vraiment tr\u00e8s gentil que des bonnes personnes se disent qu&rsquo;elles vont donner \u00e0 ceux qui en ont besoin. Quand on re\u00e7oit un cadeau, \u00e7a nous fait plaisir, mais quand c&rsquo;est de la part d&rsquo;un inconnu qui a pens\u00e9 \u00e0 nous et nous a donn\u00e9 de son plein gr\u00e9, c&rsquo;est encore plus magique.<\/p>\n<p>    <strong>Liam Lizon<\/strong><br \/>\n        Enfant hospitalis\u00e9 au CHU de Rouen    <\/p><\/blockquote>\n<p>Suivez l\u2019actualit\u00e9 de Rouen <a href=\"https:\/\/www.whatsapp.com\/channel\/0029VaKfnf99hXF2ddApFB1D\" target=\"_blank\" rel=\"noopener\">sur notre cha\u00eene WhatsApp<\/a> et <a href=\"https:\/\/www.tiktok.com\/@76actu.fr?lang=fr\" target=\"_blank\" rel=\"noopener\">sur notre compte TikTok<\/a><\/p>\n<p class=\" wall-content\">Personnalisez votre actualit\u00e9 en ajoutant vos villes et m\u00e9dias en favori avec <a href=\"https:\/\/moncompte.actu.fr\" title=\"D\u00e9couvez Mon Actu\" rel=\"nofollow noopener\" data-trk=\"{&quot;cta&quot;:{&quot;action&quot;:&quot;https:\\\/\\\/moncompte.actu.fr&quot;,&quot;category&quot;:&quot;mon compte&quot;,&quot;from&quot;:&quot;article footer&quot;,&quot;name&quot;:&quot;Mon actu&quot;,&quot;type&quot;:&quot;cta&quot;}}\" target=\"_blank\">Mon Actu<\/a>.<\/p>\n<p>                    <script async src=\"\/\/www.tiktok.com\/embed.js\"><\/script><\/p>\n","protected":false},"excerpt":{"rendered":"Par Lily Dedeye Publi\u00e9 le 22 d\u00e9c. 2025 \u00e0 20h02 Ce jeudi 18 d\u00e9cembre 2025, au CHU de&hellip;\n","protected":false},"author":2,"featured_media":616421,"comment_status":"","ping_status":"","sticky":false,"template":"","format":"standard","meta":{"footnotes":""},"categories":[9587],"tags":[1111,11,9682,1777,674,1011,27,1757,12,15830,5161,1311,25,9590],"class_list":{"0":"post-616420","1":"post","2":"type-post","3":"status-publish","4":"format-standard","5":"has-post-thumbnail","7":"category-rouen","8":"tag-actu","9":"tag-actualites","10":"tag-chu-rouen","11":"tag-eu","12":"tag-europe","13":"tag-fr","14":"tag-france","15":"tag-insolite","16":"tag-news","17":"tag-noel","18":"tag-normandie","19":"tag-pompiers","20":"tag-republique-francaise","21":"tag-rouen"},"share_on_mastodon":{"url":"https:\/\/pubeurope.com\/@fr\/115764908486401217","error":""},"_links":{"self":[{"href":"https:\/\/www.europesays.com\/fr\/wp-json\/wp\/v2\/posts\/616420","targetHints":{"allow":["GET"]}}],"collection":[{"href":"https:\/\/www.europesays.com\/fr\/wp-json\/wp\/v2\/posts"}],"about":[{"href":"https:\/\/www.europesays.com\/fr\/wp-json\/wp\/v2\/types\/post"}],"author":[{"embeddable":true,"href":"https:\/\/www.europesays.com\/fr\/wp-json\/wp\/v2\/users\/2"}],"replies":[{"embeddable":true,"href":"https:\/\/www.europesays.com\/fr\/wp-json\/wp\/v2\/comments?post=616420"}],"version-history":[{"count":0,"href":"https:\/\/www.europesays.com\/fr\/wp-json\/wp\/v2\/posts\/616420\/revisions"}],"wp:featuredmedia":[{"embeddable":true,"href":"https:\/\/www.europesays.com\/fr\/wp-json\/wp\/v2\/media\/616421"}],"wp:attachment":[{"href":"https:\/\/www.europesays.com\/fr\/wp-json\/wp\/v2\/media?parent=616420"}],"wp:term":[{"taxonomy":"category","embeddable":true,"href":"https:\/\/www.europesays.com\/fr\/wp-json\/wp\/v2\/categories?post=616420"},{"taxonomy":"post_tag","embeddable":true,"href":"https:\/\/www.europesays.com\/fr\/wp-json\/wp\/v2\/tags?post=616420"}],"curies":[{"name":"wp","href":"https:\/\/api.w.org\/{rel}","templated":true}]}}