{"id":616422,"date":"2025-12-22T19:37:25","date_gmt":"2025-12-22T19:37:25","guid":{"rendered":"https:\/\/www.europesays.com\/fr\/616422\/"},"modified":"2025-12-22T19:37:25","modified_gmt":"2025-12-22T19:37:25","slug":"jusqua-200-visiteurs-par-jour-a-la-patinoire-ephemere-du-105-a-rouen","status":"publish","type":"post","link":"https:\/\/www.europesays.com\/fr\/616422\/","title":{"rendered":"Jusqu&rsquo;\u00e0 200 visiteurs par jour \u00e0 la patinoire \u00e9ph\u00e9m\u00e8re du 105 \u00e0 Rouen\u00a0"},"content":{"rendered":"<p>Ce sont les deux derniers jours pour profiter de la patinoire \u00e9ph\u00e9m\u00e8re sur le parvis du 105, sur les quais de la rive gauche \u00e0 Rouen. Une patinoire synth\u00e9tique de 96\u00a0m\u00b2 entour\u00e9e de sapins de No\u00ebl, install\u00e9e pour la premi\u00e8re fois le 16 d\u00e9cembre. Elle attire jusqu&rsquo;\u00e0 200 visiteurs par jour. <\/p>\n<p>\u00ab\u00a0Boum\u00a0\u00bb, s&rsquo;\u00e9crit Jean-Baptiste, un Rouennais qui regarde sa fille glisser sur <strong>la patinoire synth\u00e9tique install\u00e9e sur le parvis du 105 du 16 au 23 d\u00e9cembre.<\/strong> La petite Elisabeth, 9 ans, vient de faire une chute. Mais rien de grave, heureusement\u00a0: \u00ab\u00a0J&rsquo;ai l&rsquo;habitude\u00a0\u00bb, sourit-elle. Elle en redemande m\u00eame\u00a0: \u00ab\u00a0Cette patinoire, j&rsquo;aime bien, sauf que je trouve qu&rsquo;elle ne glisse pas assez\u00a0!\u00a0\u00bb<\/p>\n<p>Andr\u00e9a, 9 ans, n&rsquo;est pas du m\u00eame avis. Son papa, Alexis, cherchait une activit\u00e9 familiale pour occuper leur dimanche apr\u00e8s-midi\u00a0: \u00ab\u00a0Apr\u00e8s une heure de t\u00e9l\u00e9 ce matin, je me suis dit\u00a0: &lsquo;Qu&rsquo;est-ce qu&rsquo;on va bien pouvoir faire\u00a0?&rsquo; Et je leur ai propos\u00e9 la patinoire. On a pris les transports en commun gratuits pour venir, donc c&rsquo;est cool, puis la navette.\u00a0\u00bb<\/p>\n<p> <img decoding=\"async\" src=\"https:\/\/www.europesays.com\/fr\/wp-content\/uploads\/2025\/12\/1766432243_140_1280\" alt=\"illustration agrandir l'image\" style=\"--_image-preview:url('data:image\/jpeg;base64,\/9j\/2wBDACgcHiMeGSgjISMtKygwPGRBPDc3PHtYXUlkkYCZlo+AjIqgtObDoKrarYqMyP\/L2u71\/\/\/\/m8H\/\/\/\/6\/+b9\/\/j\/2wBDASstLTw1PHZBQXb4pYyl+Pj4+Pj4+Pj4+Pj4+Pj4+Pj4+Pj4+Pj4+Pj4+Pj4+Pj4+Pj4+Pj4+Pj4+Pj4+Pj4+Pj\/wAARCAAfACoDASIAAhEBAxEB\/8QAGAAAAwEBAAAAAAAAAAAAAAAAAgMEAQD\/xAAYEAEBAQEBAAAAAAAAAAAAAAAAAgESEf\/EABYBAQEBAAAAAAAAAAAAAAAAAAABAv\/EABURAQEAAAAAAAAAAAAAAAAAAAAR\/9oADAMBAAIRAxEAPwCuqL2mXRVUjR2WPLSdjmwivKH0mmjOhEtUVus2mbqNO9HmliwDpozpPmi6Vl\/\/2Q==');\" loading=\"lazy\" fetchpriority=\"low\" class=\"svelte-1cksh76 rounded\" onload=\"this.__e=event\" onerror=\"this.__e=event\"\/> Les patins sont pr\u00eat\u00e9s aux personnes qui disposent d&rsquo;un jeton \u00a9 Radio France &#8211; Sarah-Yasmine Ziani  <\/p>\n<p><strong>Pour acc\u00e9der \u00e0 cet espace de 96\u00a0m\u00b2, il faut avoir consomm\u00e9 avant<\/strong>,\u00a0explique Ga\u00eblle Moulibou, cheffe de projet au 105.\u00a0\u00ab\u00a0\u00c7a peut \u00eatre le Pintxos, le Comptoir italien, Rodizio, le Roof,\u00a0le caf\u00e9-librairie Les mots \u00e9ph\u00e9m\u00e8res, mais on peut aussi aller \u00e0 la Cit\u00e9 immersive.\u00a0Ensuite \u00e7a donne un jeton qui permet l&rsquo;acc\u00e8s \u00e0 la patinoire pendant 45 minutes\u00a0\u00bb, entre 11 heures et 20 heures.<\/p>\n<p>Et justement, Isaline profitait d&rsquo;un brunch dans l&rsquo;un de ces restaurants, avant d&rsquo;apercevoir la patinoire\u2026 La pluie et la grisaille ne l&rsquo;ont pas d\u00e9courag\u00e9e de venir y faire un tour. Enfin, surtout son fils de deux ans et demi.\u00a0\u00bbOn est d&rsquo;accord, il s&rsquo;amuse.\u00a0Pluie ou pas pluie, temp\u00eate ou pas temp\u00eate, ce sera la m\u00eame chose. Il y a eu quelques petites chutes, mais ce n&rsquo;est pas \u00e7a qui les d\u00e9courage non plus\u00a0!\u00a0\u00bb<\/p>\n<p>Ce n&rsquo;est pas le seul, observe Jean-Baptiste. \u00ab\u00a0L\u00e0 les enfants sont ravis, m\u00eame s&rsquo;il pleut, ils s&rsquo;amusent bien,\u00a0ils tombent, ils sont contents\u00a0\u00bb.\u00a0Et de conclure\u00a0: \u00ab\u00a0On a l&rsquo;impression d&rsquo;\u00eatre aux sports d&rsquo;hiver.\u00a0\u00bb<\/p>\n<p>\u00c0 lire aussi   <img decoding=\"async\" src=\"https:\/\/www.europesays.com\/fr\/wp-content\/uploads\/2025\/12\/1766432245_424_400x400\" alt=\"\" style=\"--_image-preview:url('data:image\/jpeg;base64,\/9j\/2wBDACgcHiMeGSgjISMtKygwPGRBPDc3PHtYXUlkkYCZlo+AjIqgtObDoKrarYqMyP\/L2u71\/\/\/\/m8H\/\/\/\/6\/+b9\/\/j\/2wBDASstLTw1PHZBQXb4pYyl+Pj4+Pj4+Pj4+Pj4+Pj4+Pj4+Pj4+Pj4+Pj4+Pj4+Pj4+Pj4+Pj4+Pj4+Pj4+Pj4+Pj\/wAARCAAXACoDASIAAhEBAxEB\/8QAFwABAQEBAAAAAAAAAAAAAAAAAAEDAv\/EABgQAQEBAQEAAAAAAAAAAAAAAAAREgEC\/8QAFwEBAQEBAAAAAAAAAAAAAAAAAAEDAv\/EABURAQEAAAAAAAAAAAAAAAAAAAAR\/9oADAMBAAIRAxEAPwDTnlctMmW9ZxnDLTK5SkZ88usu+eViVXUSA5CEAFiwAf\/Z');\" loading=\"lazy\" fetchpriority=\"low\" aria-hidden=\"true\" class=\"svelte-1cksh76 rounded\" onload=\"this.__e=event\" onerror=\"this.__e=event\"\/><\/p>\n","protected":false},"excerpt":{"rendered":"Ce sont les deux derniers jours pour profiter de la patinoire \u00e9ph\u00e9m\u00e8re sur le parvis du 105, sur&hellip;\n","protected":false},"author":2,"featured_media":616423,"comment_status":"","ping_status":"","sticky":false,"template":"","format":"standard","meta":{"footnotes":""},"categories":[9587],"tags":[1111,11,1777,674,1011,27,12,5161,25,9590],"class_list":{"0":"post-616422","1":"post","2":"type-post","3":"status-publish","4":"format-standard","5":"has-post-thumbnail","7":"category-rouen","8":"tag-actu","9":"tag-actualites","10":"tag-eu","11":"tag-europe","12":"tag-fr","13":"tag-france","14":"tag-news","15":"tag-normandie","16":"tag-republique-francaise","17":"tag-rouen"},"share_on_mastodon":{"url":"https:\/\/pubeurope.com\/@fr\/115764910603309581","error":""},"_links":{"self":[{"href":"https:\/\/www.europesays.com\/fr\/wp-json\/wp\/v2\/posts\/616422","targetHints":{"allow":["GET"]}}],"collection":[{"href":"https:\/\/www.europesays.com\/fr\/wp-json\/wp\/v2\/posts"}],"about":[{"href":"https:\/\/www.europesays.com\/fr\/wp-json\/wp\/v2\/types\/post"}],"author":[{"embeddable":true,"href":"https:\/\/www.europesays.com\/fr\/wp-json\/wp\/v2\/users\/2"}],"replies":[{"embeddable":true,"href":"https:\/\/www.europesays.com\/fr\/wp-json\/wp\/v2\/comments?post=616422"}],"version-history":[{"count":0,"href":"https:\/\/www.europesays.com\/fr\/wp-json\/wp\/v2\/posts\/616422\/revisions"}],"wp:featuredmedia":[{"embeddable":true,"href":"https:\/\/www.europesays.com\/fr\/wp-json\/wp\/v2\/media\/616423"}],"wp:attachment":[{"href":"https:\/\/www.europesays.com\/fr\/wp-json\/wp\/v2\/media?parent=616422"}],"wp:term":[{"taxonomy":"category","embeddable":true,"href":"https:\/\/www.europesays.com\/fr\/wp-json\/wp\/v2\/categories?post=616422"},{"taxonomy":"post_tag","embeddable":true,"href":"https:\/\/www.europesays.com\/fr\/wp-json\/wp\/v2\/tags?post=616422"}],"curies":[{"name":"wp","href":"https:\/\/api.w.org\/{rel}","templated":true}]}}