{"id":616428,"date":"2025-12-22T19:40:35","date_gmt":"2025-12-22T19:40:35","guid":{"rendered":"https:\/\/www.europesays.com\/fr\/616428\/"},"modified":"2025-12-22T19:40:35","modified_gmt":"2025-12-22T19:40:35","slug":"en-ille-et-vilaine-une-croissance-de-la-population-portee-par-rennes","status":"publish","type":"post","link":"https:\/\/www.europesays.com\/fr\/616428\/","title":{"rendered":"en Ille-et-Vilaine : une croissance de la population port\u00e9e par Rennes"},"content":{"rendered":"<p style=\"text-align: justify;\">Avec 1 109 232 habitants au 1er janvier 2023 (source INSEE), l\u2019Ille-et-Vilaine confirme son expansion d\u00e9mographique. Le d\u00e9partement gagne des habitants depuis plusieurs d\u00e9cennies, mais cette dynamique masque des \u00e9volutions tr\u00e8s contrast\u00e9es selon les territoires et les communes. Entre m\u00e9tropole rennaise en forte expansion, villes moyennes solides et communes rurales fragilis\u00e9es, la carte d\u00e9mographique se redessine depuis des ann\u00e9es. Tour d\u2019horizon.<\/p>\n<blockquote>\n<p style=\"text-align: justify;\">plus de la moiti\u00e9 des communes comptent <strong data-start=\"1348\" data-end=\"1376\">moins de 1 000 habitants<\/strong>, soulignant un territoire encore largement rural,<\/p>\n<\/blockquote>\n<p><b>Rennes et les grandes villes : une hi\u00e9rarchie bien install\u00e9e<\/b><\/p>\n<p style=\"text-align: justify;\">Sans surprise, Rennes domine tr\u00e8s largement le classement des communes les plus peupl\u00e9es, avec 230 890 habitants. Elle devance tr\u00e8s nettement Saint-Malo (47 439 habitants), seule commune du d\u00e9partement \u00e0 d\u00e9passer les 40 000 habitants hors m\u00e9tropole. Derri\u00e8re, Foug\u00e8res, Vitr\u00e9, Bruz et Cesson-S\u00e9vign<b>\u00e9<\/b> composent un groupe de villes autour de 18 000 \u00e0 20 000 habitants. Cela illustre la mont\u00e9e en puissance de la premi\u00e8re couronne rennaise.<\/p>\n<p style=\"text-align: justify;\">Ces villes jouent un r\u00f4le cl\u00e9 dans l\u2019attractivit\u00e9 du d\u00e9partement, mais elles font aussi face \u00e0 une pression croissante sur le logement et les infrastructures. Voici le classement : Rennes 230 890, Saint-Malo 47 439, Foug\u00e8res 20 307, Vitr\u00e9 19 365, Bruz 19 683, Cesson-S\u00e9vign\u00e9 18 761, Saint-Jacques-de-la-Lande 13 800, Betton 12 964, Pac\u00e9 11 703 et Chantepie 10 670. habitants.<\/p>\n<p><img fetchpriority=\"high\" decoding=\"async\" class=\"wp-image-109019 size-medium\" src=\"data:image\/svg+xml,%3Csvg%20xmlns=\" http:=\"\" alt=\"\" width=\"600\" height=\"440\" data-wp-pid=\"109019\" data-lazy- data-lazy- data-lazy-src=\"https:\/\/www.europesays.com\/fr\/wp-content\/uploads\/2025\/12\/f13b9ab3-c3fd-46bf-89f5-8d8ca17cdd8c-1-600x440.png\"\/>Rennes p\u00e8se \u00e0 elle seule autant que plusieurs villes r\u00e9unies.<\/p>\n<p><strong>Un maillage territorial \u00e9quilibr\u00e9 au-del\u00e0 des grandes m\u00e9tropoles.<\/strong><\/p>\n<p style=\"text-align: justify;\">En dehors des grands p\u00f4les d\u2019agglom\u00e9ration que constituent Rennes et Saint-Malo, l\u2019Ille-et-Vilaine s\u2019appuie sur un r\u00e9seau dense de villes moyennes et de petites villes centres. Parmi elles, Foug\u00e8res demeure la principale ville moyenne du d\u00e9partement avec 20 307 habitants, devant Vitr\u00e9 qui en compte 19 365, confirmant son r\u00f4le de p\u00f4le \u00e9conomique et administratif \u00e0 l\u2019est du territoire. Plus au sud, Redon, avec 9 542 habitants, exerce une influence interr\u00e9gionale \u00e0 la fronti\u00e8re de la Bretagne et des Pays de la Loire.<\/p>\n<blockquote>\n<p style=\"text-align: justify;\">Le d\u00e9partement s\u2019appuie en revanche sur un <strong data-start=\"713\" data-end=\"748\">r\u00e9seau dense de villes moyennes<\/strong> comprises entre <strong data-start=\"765\" data-end=\"794\">5 000 et 10 000 habitants<\/strong><\/p>\n<\/blockquote>\n<p style=\"text-align: justify;\">Le nord du d\u00e9partement s\u2019organise autour de villes plus modestes \u00a0comme Dol-de-Bretagne (5 829 habitants) ou Combourg (6 411 habitants), tandis que le sud et l\u2019est reposent sur des collectivit\u00e9s telles que Bain-de-Bretagne (7 674 habitants), Janz\u00e9 (8 649 habitants) ou encore Montfort-sur-Meu (6 810 habitants). \u00c0 ces p\u00f4les s\u2019ajoutent des petites villes et bourgs centres comme Retiers (4 566 habitants), La Guerche-de-Bretagne (4 554 habitants) ou Pipriac (3 859 habitants), qui assurent toutefois au quotidien l\u2019acc\u00e8s aux services, aux commerces et \u00e0 l\u2019emploi pour de larges bassins de population. \u00a0<\/p>\n<p><b>Les plus petites communes : une ruralit\u00e9 toujours tr\u00e8s pr\u00e9sente<\/b><\/p>\n<p style=\"text-align: justify;\">\u00c0 l\u2019autre extr\u00e9mit\u00e9 du classement, l\u2019Ille-et-Vilaine compte encore de nombreuses communes de tr\u00e8s petite taille. Bl\u00e9ruais (97 habitants), Lanrigan (136) ou La Selle-Guerchaise (153) figurent parmi les moins peupl\u00e9es. Ces communes illustrent une ruralit\u00e9 tr\u00e8s pr\u00e9sente. Parfois \u00e9loign\u00e9e des grands axes et des bassins d\u2019emploi, elles sont confront\u00e9es \u00e0 des enjeux majeurs : le maintien des services publics, l\u2019attractivit\u00e9 r\u00e9sidentielle, la vieillissement de la population et la d\u00e9pendance accrue aux villes voisines. Voici les communes : Bl\u00e9ruais 97 \u2013 Lanrigan 136 \u2013 La Selle-Guerchaise 153 \u2013 Le Tiercent 199 \u2013 Trimer 205<\/p>\n<p><img loading=\"lazy\" decoding=\"async\" class=\"wp-image-109020 size-medium\" src=\"data:image\/svg+xml,%3Csvg%20xmlns=\" http:=\"\" alt=\"\" width=\"600\" height=\"448\" data-wp-pid=\"109020\" data-lazy- data-lazy- data-lazy-src=\"https:\/\/www.europesays.com\/fr\/wp-content\/uploads\/2025\/12\/baa5a7d2-a565-4918-b2e7-ae434cca55c0-600x448.png\"\/>Une ruralit\u00e9 fragile mais toujours vivante<\/p>\n<p><b>O\u00f9 la population augmente le plus : la m\u00e9tropole en moteur<\/b><\/p>\n<p style=\"text-align: justify;\">Entre 2017 et 2023, la croissance d\u00e9mographique se concentre tr\u00e8s largement autour de Rennes. La ville-centre gagne plus de 14 000 habitants en six ans. Mais plusieurs communes p\u00e9riph\u00e9riques affichent aussi des progressions marqu\u00e9es : Liffr\u00e9, Noyal-Ch\u00e2tillon-sur-Seiche, Chavagne ou Bourgbarr\u00e9. Ces hausses s\u2019expliquent principalement par le d\u00e9veloppement de nouveaux logements, l\u2019arriv\u00e9e de m\u00e9nages jeunes et lles zones d\u2019emploi. La p\u00e9riurbanisation reste donc un moteur puissant de la croissance d\u00e9partementale. Rennes +14 075, Liffr\u00e9 +1 730, Noyal-Ch\u00e2tillon-sur-Seiche +1 440, \u00a0Chavagne +694 et Bourgbarr\u00e9 +672<\/p>\n<p><img loading=\"lazy\" decoding=\"async\" class=\"wp-image-109021 size-medium\" src=\"data:image\/svg+xml,%3Csvg%20xmlns=\" http:=\"\" alt=\"\" width=\"600\" height=\"448\" data-wp-pid=\"109021\" data-lazy- data-lazy- data-lazy-src=\"https:\/\/www.europesays.com\/fr\/wp-content\/uploads\/2025\/12\/c817ecc9-332d-4784-9ff0-b29fbeff058b-600x448.png\"\/>Rennes entra\u00eene sa p\u00e9riph\u00e9rie<\/p>\n<p>\u00a0<\/p>\n<p><b>Les communes en baisse : des fragilit\u00e9s bien identifi\u00e9es<\/b><\/p>\n<p>\u00c0 l\u2019inverse, certaines communes voient leur population reculer. Pont-P\u00e9an, Val-Couesnon, Beauc\u00e9 ou Balaz\u00e9 enregistrent les baisses les plus marqu\u00e9es en effectifs. Ces diminutions s\u2019expliquent souvent par un vieillissement de la population, un march\u00e9 du logement peu renouvel\u00e9 ou une attractivit\u00e9 \u00e9conomique plus faible. Elles posent la question du maintien des \u00e9coles, des commerces et des services de proximit\u00e9. Pont-P\u00e9an \u2013218, \u00a0Val-Couesnon \u2013119, Beauc\u00e9 \u2013109, Balaz\u00e9 \u201366, Arbrissel \u201340<\/p>\n<p><img loading=\"lazy\" decoding=\"async\" class=\"alignnone size-medium wp-image-109022\" src=\"data:image\/svg+xml,%3Csvg%20xmlns=\" http:=\"\" alt=\"\" width=\"600\" height=\"448\" data-wp-pid=\"109022\" data-lazy- data-lazy- data-lazy-src=\"https:\/\/www.europesays.com\/fr\/wp-content\/uploads\/2025\/12\/f8e1014d-b515-4df5-9dc2-ff1e50483bea-600x448.png\"\/><\/p>\n<p><b>Autour de Rennes : une couronne urbaine d\u00e9sormais structur\u00e9e<\/b><\/p>\n<p style=\"text-align: justify;\">Dans un rayon d\u2019environ 20 km autour de Rennes, plusieurs communes atteignent aujourd\u2019hui le statut de v\u00e9ritables villes. Bruz, Cesson-S\u00e9vign\u00e9, Saint-Jacques-de-la-Lande, Betton, Pac\u00e9, Chantepie, Saint-Gr\u00e9goire ou Le Rheu forment un ensemble urbain continu. Cette couronne rennaise concentre une grande partie de la croissance d\u00e9partementale et fonctionne de plus en plus comme une m\u00e9tropole \u00e9largie, avec ses propres centralit\u00e9s, zones d\u2019activit\u00e9s et ses transports. Voici le classement : Bruz 19 683, Cesson-S\u00e9vign\u00e9 18 761, Saint-Jacques-de-la-Lande 13 800, Betton 12 964, Pac\u00e9 11 703, Chantepie 10 670, Saint-Gr\u00e9goire 9 957, \u00a0Le Rheu 9 839 \u2013 Vern-sur-Seiche 8 207.\u00a0<\/p>\n","protected":false},"excerpt":{"rendered":"Avec 1 109 232 habitants au 1er janvier 2023 (source INSEE), l\u2019Ille-et-Vilaine confirme son expansion d\u00e9mographique. Le d\u00e9partement&hellip;\n","protected":false},"author":2,"featured_media":219119,"comment_status":"","ping_status":"","sticky":false,"template":"","format":"standard","meta":{"footnotes":""},"categories":[2821],"tags":[1111,11,829,1777,674,1011,27,12,584,25],"class_list":{"0":"post-616428","1":"post","2":"type-post","3":"status-publish","4":"format-standard","5":"has-post-thumbnail","7":"category-rennes","8":"tag-actu","9":"tag-actualites","10":"tag-bretagne","11":"tag-eu","12":"tag-europe","13":"tag-fr","14":"tag-france","15":"tag-news","16":"tag-rennes","17":"tag-republique-francaise"},"share_on_mastodon":{"url":"https:\/\/pubeurope.com\/@fr\/115764921943237714","error":""},"_links":{"self":[{"href":"https:\/\/www.europesays.com\/fr\/wp-json\/wp\/v2\/posts\/616428","targetHints":{"allow":["GET"]}}],"collection":[{"href":"https:\/\/www.europesays.com\/fr\/wp-json\/wp\/v2\/posts"}],"about":[{"href":"https:\/\/www.europesays.com\/fr\/wp-json\/wp\/v2\/types\/post"}],"author":[{"embeddable":true,"href":"https:\/\/www.europesays.com\/fr\/wp-json\/wp\/v2\/users\/2"}],"replies":[{"embeddable":true,"href":"https:\/\/www.europesays.com\/fr\/wp-json\/wp\/v2\/comments?post=616428"}],"version-history":[{"count":0,"href":"https:\/\/www.europesays.com\/fr\/wp-json\/wp\/v2\/posts\/616428\/revisions"}],"wp:featuredmedia":[{"embeddable":true,"href":"https:\/\/www.europesays.com\/fr\/wp-json\/wp\/v2\/media\/219119"}],"wp:attachment":[{"href":"https:\/\/www.europesays.com\/fr\/wp-json\/wp\/v2\/media?parent=616428"}],"wp:term":[{"taxonomy":"category","embeddable":true,"href":"https:\/\/www.europesays.com\/fr\/wp-json\/wp\/v2\/categories?post=616428"},{"taxonomy":"post_tag","embeddable":true,"href":"https:\/\/www.europesays.com\/fr\/wp-json\/wp\/v2\/tags?post=616428"}],"curies":[{"name":"wp","href":"https:\/\/api.w.org\/{rel}","templated":true}]}}