{"id":616431,"date":"2025-12-22T19:42:20","date_gmt":"2025-12-22T19:42:20","guid":{"rendered":"https:\/\/www.europesays.com\/fr\/616431\/"},"modified":"2025-12-22T19:42:20","modified_gmt":"2025-12-22T19:42:20","slug":"trams-et-bus-vont-circuler-differemment-pour-noel-et-nouvel-an","status":"publish","type":"post","link":"https:\/\/www.europesays.com\/fr\/616431\/","title":{"rendered":"trams et bus vont circuler diff\u00e9remment pour No\u00ebl et Nouvel An !"},"content":{"rendered":"<p>    <img loading=\"lazy\" width=\"1800\" height=\"900\" src=\"https:\/\/www.europesays.com\/fr\/wp-content\/uploads\/2025\/11\/jeanne-callthepolice.jpg\" class=\"attachment-full size-full\" alt=\"\" id=\"imageLove\" decoding=\"async\"  \/><\/p>\n<p id=\"breadcrumbs\"><a href=\"https:\/\/pokaa.fr\/\" target=\"_blank\" rel=\"noopener\">Accueil<\/a> \/ <a href=\"https:\/\/pokaa.fr\/categories\/actu\/\" target=\"_blank\" rel=\"noopener\">Info locale<\/a> \/ Strasbourg attention : trams et bus vont circuler diff\u00e9remment pour No\u00ebl et Nouvel An !<\/p>\n<p>                    Info locale<\/p>\n<p><b>Pour ces f\u00eates de fin d\u2019ann\u00e9e 2025, le trafic des bus et des trams CTS va \u00eatre quelque peu chamboul\u00e9 \u00e0 Strasbourg. Pour tout savoir et ne pas se retrouver sans solutions, particuli\u00e8rement pour les Strasbourgeois(es) qui arriveraient en ville apr\u00e8s 19h, voici un petit guide d\u2019usage.<\/b><\/p>\n<p class=\"p1\">Alors que le march\u00e9 de No\u00ebl s\u2019appr\u00eate \u00e0 fermer boutique pour l\u2019\u00e9dition 2025, <b>les f\u00eates de fin d\u2019ann\u00e9e arrivent et, avec elles, les quelques perturbations sur notre cher et tendre r\u00e9seau CTS<\/b>.<\/p>\n<p class=\"p1\">Les 24 et 31 d\u00e9cembre prochains, pour f\u00eater No\u00ebl et le Nouvel An, il ne sera en effet plus possible de monter dans un serpent de fer ou dans un bus couleur abeille \u00e0 partir d\u2019une certaine heure. Voici donc les infos \u00e0 conna\u00eetre pour pouvoir s\u2019organiser,\u00a0<b>notamment<\/b>\u00a0<b>pour les Strasbourgeois(es) de retour en ville pour No\u00ebl<\/b>.<\/p>\n<p>    <img width=\"800\" height=\"533\" src=\"https:\/\/www.europesays.com\/fr\/wp-content\/uploads\/2025\/12\/france-strasbourg-alsace-marche-de-noel-wr-80-800x533.jpg\" class=\"attachment-image-size-L size-image-size-L\" alt=\"March\u00e9 de Noel 2024 d\u00e9corations Place de l\u2019Homme de Fer tram nuit\" decoding=\"async\" loading=\"lazy\"  \/>         \u00a9 Wilfried Rion \/ Pokaa <\/p>\n<p>24 d\u00e9cembre : interruption du r\u00e9seau bus\/tram \u00e0 partir de 19h<\/p>\n<p class=\"p1\">Comme d\u2019habitude le 24 d\u00e9cembre, le r\u00e9seau bus\/tram prendra fin \u00e0 19h. <b>Les derniers d\u00e9parts de trams s\u2019effectueront vers 19h \u00e0 la station Homme de Fer pour les lignes A, B, C, D et F et \u00e0 la station R\u00e9publique pour la ligne E<\/b>. Pour la ligne G, le dernier d\u00e9part se fera \u00e0 la station Gare Centrale. \u00c0 noter : la station souterraine Gare Centrale sera ferm\u00e9e du 24 d\u00e8s 19h15 jusqu\u2019au 25 d\u00e9cembre \u00e0 5h.<\/p>\n<p class=\"p1\">Pour assurer la connexion avec le r\u00e9seau de bus, <strong>une derni\u00e8re correspondance sera \u00e9galement assur\u00e9e dans certaines stations de tram<\/strong>. Dans le d\u00e9tail :<\/p>\n<ul class=\"ul1\">\n<li class=\"li1\">Ligne A : Baggersee, Campus d\u2019Illkirch, \u00c9toile Bourse, Graffenstaden, Parc des Sports Z\u00e9nith et Rotonde<\/li>\n<li class=\"li1\">Ligne B : H\u0153nheim Gare, Lingolsheim Alouettes, Montagne Verte et R\u00e9publique<\/li>\n<li class=\"li1\">Ligne C : Gallia, Gare Centrale, Neuhof Rodolphe Reuss, Observatoire et R\u00e9publique<\/li>\n<li class=\"li1\">Ligne D : Aristide Briand, \u00c9toile Bourse, Rotonde et Poteries<\/li>\n<li class=\"li1\">Ligne E : R\u00e9publique<\/li>\n<li class=\"li1\">Ligne F : R\u00e9publique et Poteries<\/li>\n<\/ul>\n<p class=\"p1\">Derni\u00e8res petites informations utiles : <b>les bus de nuit ne circuleront pas ce 24 d\u00e9cembre, tandis que les parkings-relais resteront ouverts<\/b>. Enfin, la circulation reprendra le 25 d\u00e9cembre d\u00e8s 5h en horaires adapt\u00e9s pour les bus, et en offre r\u00e9duite pour les trams (toutes les 18 min le matin, 15 min l\u2019apr\u00e8s-midi). Pensez donc \u00e0 bien anticiper vos d\u00e9placements, ou \u00e0 avoir des proches qui peuvent vous chercher si vous arrivez apr\u00e8s 19h.<\/p>\n<p>    <img width=\"800\" height=\"457\" src=\"https:\/\/www.europesays.com\/fr\/wp-content\/uploads\/2025\/12\/d1-800x457.png\" class=\"attachment-image-size-L size-image-size-L\" alt=\"Hibus bus de nuit\" decoding=\"async\" loading=\"lazy\"  \/>         \u00a9\u00a0Kevin B. &#8211; Wikimedia Commons \/ Photo d&rsquo;illustration <\/p>\n<p>31 d\u00e9cembre : interruption du r\u00e9seau \u00e0 19h et dispositif adapt\u00e9 d\u00e8s 19h30<\/p>\n<p class=\"p1\">Comme tous les ans, <b>le r\u00e9seau bus et tram de la CTS s\u2019interrompra le 31 d\u00e9cembre \u00e0 19h avec les derniers d\u00e9parts du centre-ville, pour laisser place \u00e0 un r\u00e9seau adapt\u00e9 de 19h30 \u00e0 22h30, puis de 2h30 \u00e0 4h30 le 1er janvier<\/b>. La circulation est donc interrompue entre 22h30 et 2h30, pour des raisons de s\u00e9curit\u00e9 selon la CTS.<\/p>\n<p class=\"p1\"><b>Les trams circuleront toutes les 30 minutes entre 19h et 22h, puis toutes les heures apr\u00e8s 2h30 du matin le 1er janvier 2026<\/b>. La circulation adapt\u00e9e se fera par les lignes suivantes :<\/p>\n<ul class=\"ul1\">\n<li class=\"li2\">Ligne A : Parc des Sports Z\u00e9nith \u2013 Graffenstaden.<\/li>\n<li class=\"li2\">Ligne B: Lingolsheim Tiergaertel \u2013 H\u0153nheim Gare.<\/li>\n<li class=\"li2\">Ligne C : Neuhof Rodolphe Reuss \u2013 Gare Centrale.<\/li>\n<li class=\"li2\">Ligne D : Poteries \u2013 Kehl Rathaus.<\/li>\n<li class=\"li2\">Ligne E\/F : Robertsau L\u2019Escale \u2013 Wolfisheim Henri Rendu. Ici, entre Wolfisheim Henri Rendu et R\u00e9publique, la ligne E\/F suit le trac\u00e9 de la ligne F, ; entre R\u00e9publique et Robertsau L\u2019Escale, elle suit celui de la ligne E. Par ailleurs, la station Place d\u2019Islande ne sera plus desservie apr\u00e8s 19h.<\/li>\n<\/ul>\n<p>    <img width=\"480\" height=\"600\" src=\"https:\/\/www.europesays.com\/fr\/wp-content\/uploads\/2025\/12\/d49a0dd7-7eb0-47e8-b416-a87d1dbd186a-480x600.jpg\" class=\"attachment-image-size-M size-image-size-M\" alt=\"pluie tram\" decoding=\"async\" loading=\"lazy\"  \/>         \u00a9 Coraline Lafon \/ Pokaa <\/p>\n<p class=\"p2\">Au niveau des bus, un r\u00e9seau de bus sp\u00e9cifique desservira l\u2019Eurom\u00e9tropole avec 10 lignes diff\u00e9rentes entre 19h30 et 4h30, avec un bus chaque heure. Mais surtout, <b>certaines d\u00e9viations seront mises en place pour des raisons de s\u00e9curit\u00e9 et des arr\u00eats ne seront alors plus desservis, principalement dans les QPV<\/b>. Sur la C7, Neuhof Rodolphe Reuss, Kiefer, Ingold, Klebsau, Neuhof Lucie Aubrac, Neuhof Corps Europ\u00e9en dans les 2 sens et Lorient ne seront plus desservis d\u00e8s 15h. Compliqu\u00e9 d\u2019aller f\u00eater le Nouvel An dans ces conditions.<\/p>\n<p class=\"p2\">Ensuite, <b>\u00e0 partir de 17h, la ligne G ne s\u2019arr\u00eatera plus \u00e0 Hochfelden, Rieth, Lavoisier, Arago et Copenhague dans les 2 sens. <\/b>Tandis que la C5 ne s\u2019arr\u00eatera plus \u00e0 Coll\u00e8ge Leclerc, \u00c9crivains, Lamartine dans les 2 sens (Schiltigheim) et \u00e0 Arago, Haldenbourg, Champs de Man\u0153uvre dans les 2 sens (Cronenbourg). Enfin, la C7 ne desservira plus le secteur de la Meinau et les arr\u00eats Bourgogne, \u00cele-de-France, Schulmeister, Cit\u00e9 Meinau et Provence dans les 2 sens.<\/p>\n<p style=\"text-align: center;\"><b>Bonnes f\u00eates !<\/b><\/p>\n","protected":false},"excerpt":{"rendered":"Accueil \/ Info locale \/ Strasbourg attention : trams et bus vont circuler diff\u00e9remment pour No\u00ebl et Nouvel&hellip;\n","protected":false},"author":2,"featured_media":616432,"comment_status":"","ping_status":"","sticky":false,"template":"","format":"standard","meta":{"footnotes":""},"categories":[2820],"tags":[1111,11,7048,29220,1777,674,1011,27,775,12,15830,39117,25,640,58524,2221],"class_list":{"0":"post-616431","1":"post","2":"type-post","3":"status-publish","4":"format-standard","5":"has-post-thumbnail","7":"category-strasbourg","8":"tag-actu","9":"tag-actualites","10":"tag-bus","11":"tag-cts","12":"tag-eu","13":"tag-europe","14":"tag-fr","15":"tag-france","16":"tag-grand-est","17":"tag-news","18":"tag-noel","19":"tag-nouvel-an","20":"tag-republique-francaise","21":"tag-strasbourg","22":"tag-strasbourg-actualite","23":"tag-tram"},"share_on_mastodon":{"url":"https:\/\/pubeurope.com\/@fr\/115764931183617491","error":""},"_links":{"self":[{"href":"https:\/\/www.europesays.com\/fr\/wp-json\/wp\/v2\/posts\/616431","targetHints":{"allow":["GET"]}}],"collection":[{"href":"https:\/\/www.europesays.com\/fr\/wp-json\/wp\/v2\/posts"}],"about":[{"href":"https:\/\/www.europesays.com\/fr\/wp-json\/wp\/v2\/types\/post"}],"author":[{"embeddable":true,"href":"https:\/\/www.europesays.com\/fr\/wp-json\/wp\/v2\/users\/2"}],"replies":[{"embeddable":true,"href":"https:\/\/www.europesays.com\/fr\/wp-json\/wp\/v2\/comments?post=616431"}],"version-history":[{"count":0,"href":"https:\/\/www.europesays.com\/fr\/wp-json\/wp\/v2\/posts\/616431\/revisions"}],"wp:featuredmedia":[{"embeddable":true,"href":"https:\/\/www.europesays.com\/fr\/wp-json\/wp\/v2\/media\/616432"}],"wp:attachment":[{"href":"https:\/\/www.europesays.com\/fr\/wp-json\/wp\/v2\/media?parent=616431"}],"wp:term":[{"taxonomy":"category","embeddable":true,"href":"https:\/\/www.europesays.com\/fr\/wp-json\/wp\/v2\/categories?post=616431"},{"taxonomy":"post_tag","embeddable":true,"href":"https:\/\/www.europesays.com\/fr\/wp-json\/wp\/v2\/tags?post=616431"}],"curies":[{"name":"wp","href":"https:\/\/api.w.org\/{rel}","templated":true}]}}