{"id":616433,"date":"2025-12-22T19:43:09","date_gmt":"2025-12-22T19:43:09","guid":{"rendered":"https:\/\/www.europesays.com\/fr\/616433\/"},"modified":"2025-12-22T19:43:09","modified_gmt":"2025-12-22T19:43:09","slug":"football-ou-et-quand-avranches-va-affronter-strasbourg-en-coupe-de-france","status":"publish","type":"post","link":"https:\/\/www.europesays.com\/fr\/616433\/","title":{"rendered":"Football. O\u00f9 et quand Avranches va affronter Strasbourg en Coupe de France\u00a0?"},"content":{"rendered":"<p>                    Par<br \/>\n        <strong><br \/>\n            <a href=\"https:\/\/actu.fr\/auteur\/a-gotthold\" title=\"Consulter tous les articles de Alexis Gotthold\" target=\"_blank\" rel=\"noopener\">Alexis Gotthold<\/a><br \/>\n                    <\/strong><\/p>\n<p>        Publi\u00e9 le<\/p>\n<p>            22 d\u00e9c. 2025 \u00e0 20h40        <\/p>\n<p>Cette fois, Avranches totalement est fix\u00e9 ! Apr\u00e8s leur exploit vendredi 19 d\u00e9cembre 2025 contre Brest, pensionnaire de Ligue 1 (1-1, 5-4 tab), en 32e de finale de la Coupe de France, les Avranchinais (National 2) ont tous les \u00e9l\u00e9ments en main pour se pr\u00e9parer pour le tour suivant de la comp\u00e9tition.<\/p>\n<p class=\" wall-content\">Dimanche 21 d\u00e9cembre 2025, le sort leur a r\u00e9serv\u00e9 une autre \u00e9quipe de l\u2019\u00e9lite du football fran\u00e7ais, et pas des moindres : Strasbourg. Depuis lundi 22 d\u00e9cembre 2025, les hommes de C\u00e9dric Hengbart connaissent d\u00e9sormais la date, l\u2019heure et le lieu de cette rencontre au sommet : il s\u2019agit du samedi 10 janvier \u00e0 18 heures au stade Ren\u00e9-Fenouill\u00e8re.<\/p>\n<p>Match directeur du multiplex sur BeIN Sports<\/p>\n<p class=\" wall-content\">Une mani\u00e8re de mettre en avant cette affiche entre une formation qui a r\u00e9ussi l\u2019une des grosses surprises des 32e, et l\u2019un des gros morceaux de Ligue 1, vainqueur de la phase de poule de la Ligue Europa Conference, 7e la saison derni\u00e8re et actuellement 7e de L1. A 18 heures en effet, trois autres matches sont au programme : Hauts Lyonnais (N3) \u2013 Lorient (L1), Le Puy (N) \u2013 Reims (L2) et Istres (N2) \u2013 Laval (L2). Le match d\u2019Avranches sera donc le match directeur de ce mini-multiplex diffus\u00e9 en direct sur BeIN Sports.<\/p>\n<p class=\" wall-content\">En revanche, il planait une incertitude sur le stade retenu par l\u2019USA, qui a un temps envisag\u00e9 de jouer \u00e0 Caen, au stade Michel-d\u2019Ornano, voire \u00e0 Rennes, au Roazhon Park. Avec l\u2019avantage de pouvoir accueillir plus de monde, mais l\u2019inconv\u00e9nient de s\u2019\u00e9loigner de son territoire et de ses supporters. Le club a finalement opt\u00e9 pour son propre stade, Ren\u00e9-Fenouill\u00e8re, qui a pu accueillir plus de 4 200 spectateurs vendredi contre Brest. C\u2019est aussi dans son antre que les Avranchinais avaient sorti les Strasbourgeois, alors en Ligue\u00a02, de la Coupe de France 2017 (1-1 a.p., 6-5 t.a.b.)\u2026<\/p>\n<p class=\" wall-content\">Pour l\u2019heure, la billetterie n\u2019est pas encore ouverte, mais il est clair qu\u2019il faudra \u00eatre rapide pour obtenir un pr\u00e9cieux s\u00e9same et esp\u00e9rer assister, pourquoi pas, \u00e0 une nouvelle surprise.<\/p>\n<p class=\" wall-content\">Personnalisez votre actualit\u00e9 en ajoutant vos villes et m\u00e9dias en favori avec <a href=\"https:\/\/moncompte.actu.fr\" title=\"D\u00e9couvez Mon Actu\" rel=\"nofollow noopener\" data-trk=\"{&quot;cta&quot;:{&quot;action&quot;:&quot;https:\\\/\\\/moncompte.actu.fr&quot;,&quot;category&quot;:&quot;mon compte&quot;,&quot;from&quot;:&quot;article footer&quot;,&quot;name&quot;:&quot;Mon actu&quot;,&quot;type&quot;:&quot;cta&quot;}}\" target=\"_blank\">Mon Actu<\/a>.<\/p>\n","protected":false},"excerpt":{"rendered":"Par Alexis Gotthold Publi\u00e9 le 22 d\u00e9c. 2025 \u00e0 20h40 Cette fois, Avranches totalement est fix\u00e9 ! Apr\u00e8s&hellip;\n","protected":false},"author":2,"featured_media":616434,"comment_status":"","ping_status":"","sticky":false,"template":"","format":"standard","meta":{"footnotes":""},"categories":[2820],"tags":[1111,11,15922,1777,674,63,1011,27,775,12,25,60,640,40775],"class_list":{"0":"post-616433","1":"post","2":"type-post","3":"status-publish","4":"format-standard","5":"has-post-thumbnail","7":"category-strasbourg","8":"tag-actu","9":"tag-actualites","10":"tag-coupe-de-france-de-football","11":"tag-eu","12":"tag-europe","13":"tag-football","14":"tag-fr","15":"tag-france","16":"tag-grand-est","17":"tag-news","18":"tag-republique-francaise","19":"tag-sports","20":"tag-strasbourg","21":"tag-us-avranches"},"share_on_mastodon":{"url":"https:\/\/pubeurope.com\/@fr\/115764933814002362","error":""},"_links":{"self":[{"href":"https:\/\/www.europesays.com\/fr\/wp-json\/wp\/v2\/posts\/616433","targetHints":{"allow":["GET"]}}],"collection":[{"href":"https:\/\/www.europesays.com\/fr\/wp-json\/wp\/v2\/posts"}],"about":[{"href":"https:\/\/www.europesays.com\/fr\/wp-json\/wp\/v2\/types\/post"}],"author":[{"embeddable":true,"href":"https:\/\/www.europesays.com\/fr\/wp-json\/wp\/v2\/users\/2"}],"replies":[{"embeddable":true,"href":"https:\/\/www.europesays.com\/fr\/wp-json\/wp\/v2\/comments?post=616433"}],"version-history":[{"count":0,"href":"https:\/\/www.europesays.com\/fr\/wp-json\/wp\/v2\/posts\/616433\/revisions"}],"wp:featuredmedia":[{"embeddable":true,"href":"https:\/\/www.europesays.com\/fr\/wp-json\/wp\/v2\/media\/616434"}],"wp:attachment":[{"href":"https:\/\/www.europesays.com\/fr\/wp-json\/wp\/v2\/media?parent=616433"}],"wp:term":[{"taxonomy":"category","embeddable":true,"href":"https:\/\/www.europesays.com\/fr\/wp-json\/wp\/v2\/categories?post=616433"},{"taxonomy":"post_tag","embeddable":true,"href":"https:\/\/www.europesays.com\/fr\/wp-json\/wp\/v2\/tags?post=616433"}],"curies":[{"name":"wp","href":"https:\/\/api.w.org\/{rel}","templated":true}]}}