{"id":616435,"date":"2025-12-22T19:44:29","date_gmt":"2025-12-22T19:44:29","guid":{"rendered":"https:\/\/www.europesays.com\/fr\/616435\/"},"modified":"2025-12-22T19:44:29","modified_gmt":"2025-12-22T19:44:29","slug":"quelles-animations-et-sorties-jusquen-janvier-a-vence-saint-paul-et-la-colle-sur-loup","status":"publish","type":"post","link":"https:\/\/www.europesays.com\/fr\/616435\/","title":{"rendered":"quelles animations et sorties jusqu&rsquo;en janvier \u00e0 Vence, Saint-Paul et La Colle-sur-Loup ?"},"content":{"rendered":"<p><strong>Entre Vence, Saint-Paul-de-Vence et La-Colle-sur-Loup, vous avez droit \u00e0\u00a0un v\u00e9ritable floril\u00e8ge d\u2019animations pendant ces vacances de No\u00ebl. Ateliers, march\u00e9s, jeux, spectacles\u2026 Il y\u00a0en aura pour tout le\u00a0monde.<\/strong><\/p>\n<p>Nice se plie en quatre pour No\u00ebl. Entre son march\u00e9, qui attire <a href=\"https:\/\/nicepresse.com\/nice-classe-par-deux-palmares-comme-lun-des-plus-beaux-marches-de-toute-la-france-le-village-de-noel-2025-attire-deja-beaucoup-du-monde\/\" data-wpel-link=\"internal\" target=\"_blank\" rel=\"noopener\">un large public<\/a> depuis son inauguration, et les autres \u00e9v\u00e9nements partout <a href=\"https:\/\/nicepresse.com\/activites-gratuites-animations-dans-les-quartiers-creche-geante-en-dehors-du-traditionnel-marche-ou-feter-noel-2025-aux-quatre-coins-de-nice\/\" data-wpel-link=\"internal\" target=\"_blank\" rel=\"noopener\">en ville<\/a>, tout est fait pour c\u00e9l\u00e9brer cette fin d\u2019ann\u00e9e et nos traditions comme il se doit. Autour de la Baie des Anges aussi, les communes s\u2019animent. Nous vous proposions d\u2019ailleurs un descriptif du programme <a href=\"https:\/\/nicepresse.com\/feu-dartifice-parades-animations-gratuites-les-meilleures-idees-pour-feter-noel-2025-ces-prochains-jours-dans-les-communes-proches-de-nice\/\" data-wpel-link=\"internal\" target=\"_blank\" rel=\"noopener\">dans ce sujet<\/a>.<\/p>\n<p>Le village de No\u00ebl de Vence\u00a0: \u00e0\u00a0tester\u00a0!<\/p>\n<blockquote class=\"instagram-media\" data-instgrm-permalink=\"https:\/\/www.instagram.com\/p\/DR963oJjb4Q\/?utm_source=ig_embed&amp;utm_campaign=loading\" data-instgrm-version=\"14\" style=\" background:#FFF; border:0; border-radius:3px; box-shadow:0 0 1px 0 rgba(0,0,0,0.5),0 1px 10px 0 rgba(0,0,0,0.15); margin: 1px; max-width:540px; min-width:326px; padding:0; width:99.375%; width:-webkit-calc(100% - 2px); width:calc(100% - 2px);\"\/>\n<p>Attardons-nous par exemple sur trois localit\u00e9s du pays ni\u00e7ois (et ses environs pas si \u00e9loign\u00e9s), <strong>Vence, Saint-Paul-de-Vence <\/strong>et <strong>La-Colle-sur-Loup<\/strong>. <\/p>\n<p>Dans la premi\u00e8re cit\u00e9 nomm\u00e9e, les habitants et les touristes peuvent se rendre au village install\u00e9 jusqu\u2019au 27 d\u00e9cembre. Pour am\u00e9liorer l\u2019exp\u00e9rience, privil\u00e9giez \u00e9ventuellement d\u2019y aller samedi 27, puisque c\u2019est le jour du march\u00e9.<\/p>\n<p>Artisans et cr\u00e9ateurs viennent avec leurs articles, tandis que d\u2019autres stands proposent des gourmandises sucr\u00e9es. Sur la place du Grand Jardin, les enfants pourront grimper sur les man\u00e8ges, jeux g\u00e9ants et de l\u2019escape game mis \u00e0\u00a0leur disposition. Parmi les temps forts, le carrousel, le petit train, le trampoline (jusqu\u2019au 5\u00a0janvier) et un parcours d\u2019accrobranche (\u00e0 partir du 28 d\u00e9cembre).<\/p>\n<blockquote class=\"instagram-media\" data-instgrm-permalink=\"https:\/\/www.instagram.com\/p\/DRxVejwiBKy\/?utm_source=ig_embed&amp;utm_campaign=loading\" data-instgrm-version=\"14\" style=\" background:#FFF; border:0; border-radius:3px; box-shadow:0 0 1px 0 rgba(0,0,0,0.5),0 1px 10px 0 rgba(0,0,0,0.15); margin: 1px; max-width:540px; min-width:326px; padding:0; width:99.375%; width:-webkit-calc(100% - 2px); width:calc(100% - 2px);\"\/>\n<p>Petits et grands se r\u00e9jouiront par ailleurs des parades organis\u00e9es le samedi 20 et le mardi 23 \u00e0\u00a011h30, 15h30 et 17 heures sur des th\u00e8mes divers\u00a0: \u00ab\u00a0les Nymphes de l\u2019Hiver\u00a0\u00bb et \u00ab\u00a0Swing de No\u00ebl\u00a0\u00bb. En parall\u00e8le, Vence se drape de superbes d\u00e9cors avec des d\u00e9corations immersives et son concours de la plus belle vitrine commer\u00e7ante.<\/p>\n<p>Le moment phare de ces r\u00e9jouissances aura lieu le 23 d\u00e9cembre, avec l\u2019arriv\u00e9e spectaculaire du P\u00e8re No\u00ebl suivie d\u2019une s\u00e9ance de photos et de promenades \u00e0\u00a0poney. \u00c0\u00a017h30, assistez \u00e0\u00a0une projection \u00ab\u00a0fantastique\u00a0\u00bb sur la fa\u00e7ade de la mairie avec un DJ set et des espaces de restauration. Deux jours avant, le 21, une journ\u00e9e gospel se tiendra sur la place du Grand Jardin.<\/p>\n<p><a href=\"https:\/\/www.nice.fr\/noel-a-nice\/\" data-wpel-link=\"external\" target=\"_blank\" rel=\"external noopener noreferrer\"><img loading=\"lazy\" decoding=\"async\" width=\"300\" height=\"300\" src=\"https:\/\/www.europesays.com\/fr\/wp-content\/uploads\/2025\/11\/NoelNice_Coeur-Article-NicePresse-300x300-2.png\" alt=\"\" class=\"wp-image-260426\"\/><\/a><\/p>\n<p>Balade po\u00e9tique au c\u0153ur de Saint-Paul<\/p>\n<blockquote class=\"instagram-media\" data-instgrm-permalink=\"https:\/\/www.instagram.com\/reel\/DSFNwWxjdCf\/?utm_source=ig_embed&amp;utm_campaign=loading\" data-instgrm-version=\"14\" style=\" background:#FFF; border:0; border-radius:3px; box-shadow:0 0 1px 0 rgba(0,0,0,0.5),0 1px 10px 0 rgba(0,0,0,0.15); margin: 1px; max-width:540px; min-width:326px; padding:0; width:99.375%; width:-webkit-calc(100% - 2px); width:calc(100% - 2px);\"\/>\n<p>Du c\u00f4t\u00e9 de Saint-Paul-de-Vence, la municipalit\u00e9 entend \u00e9galement partager \u00ab\u00a0la magie\u00a0\u00bb des f\u00eates. Au menu, une d\u00e9ambulation somptueuse sur le sentier lumineux jusqu\u2019au 4\u00a0janvier 2026. Une balade color\u00e9e pour explorer six univers\u00a0: \u00ab\u00a0la For\u00eat des Merveilles, le Passage des Sapins en habit de lumi\u00e8re, le Pays des Jouets Magiques, le Royaume F\u00e9\u00e9rique de Casse-Noisette, la Clairi\u00e8re des R\u00eaves \u00e9tincelants et le Monde des D\u00e9lices\u00a0\u00bb.<\/p>\n<p>Un instant po\u00e9tique, particuli\u00e8rement \u00e0\u00a0la tomb\u00e9e de la nuit. C\u2019est l\u00e0 que l\u2019\u00e9glise est \u00e9clair\u00e9e par une projection. Autre ambiance, le dimanche 21 d\u00e9cembre, avec le march\u00e9 de la truffe. La mairie pr\u00e9voit d\u2019autres animations d\u2019ici \u00e0\u00a02026, dont l\u2019enqu\u00eate interactive et grandeur nature \u00ab\u00a0Menace sur No\u00ebl\u00a0\u00bb (28 d\u00e9cembre \u00e0\u00a014 heures) ou encore les visites guid\u00e9es du patrimoine en nocturne le 26 d\u00e9cembre \u00e0\u00a017 heures.<\/p>\n<p>Grand concert \u00e0\u00a0La-Colle-sur-Loup<\/p>\n<p>Chez le voisin La-Colle-sur-Loup, apr\u00e8s la soir\u00e9e festive du 5\u00a0d\u00e9cembre, puis le march\u00e9 de No\u00ebl du 14, place au grand concert qui a\u00a0lieu le 20 d\u00e9cembre \u00e0\u00a0l\u2019\u00e9glise Saint-Jacques-le-Majeur. Le Ch\u0153ur philharmonique de Nice et ses 50 artistes s\u2019y produiront.<\/p>\n<p>\t<script async src=\"\/\/www.instagram.com\/embed.js\"><\/script><\/p>\n","protected":false},"excerpt":{"rendered":"Entre Vence, Saint-Paul-de-Vence et La-Colle-sur-Loup, vous avez droit \u00e0\u00a0un v\u00e9ritable floril\u00e8ge d\u2019animations pendant ces vacances de No\u00ebl. Ateliers,&hellip;\n","protected":false},"author":2,"featured_media":616436,"comment_status":"","ping_status":"","sticky":false,"template":"","format":"standard","meta":{"footnotes":""},"categories":[2819],"tags":[1111,11,1777,674,1011,27,12,2401,882,25],"class_list":{"0":"post-616435","1":"post","2":"type-post","3":"status-publish","4":"format-standard","5":"has-post-thumbnail","7":"category-nice","8":"tag-actu","9":"tag-actualites","10":"tag-eu","11":"tag-europe","12":"tag-fr","13":"tag-france","14":"tag-news","15":"tag-nice","16":"tag-provence-alpes-cote-dazur","17":"tag-republique-francaise"},"share_on_mastodon":{"url":"https:\/\/pubeurope.com\/@fr\/115764938566824515","error":""},"_links":{"self":[{"href":"https:\/\/www.europesays.com\/fr\/wp-json\/wp\/v2\/posts\/616435","targetHints":{"allow":["GET"]}}],"collection":[{"href":"https:\/\/www.europesays.com\/fr\/wp-json\/wp\/v2\/posts"}],"about":[{"href":"https:\/\/www.europesays.com\/fr\/wp-json\/wp\/v2\/types\/post"}],"author":[{"embeddable":true,"href":"https:\/\/www.europesays.com\/fr\/wp-json\/wp\/v2\/users\/2"}],"replies":[{"embeddable":true,"href":"https:\/\/www.europesays.com\/fr\/wp-json\/wp\/v2\/comments?post=616435"}],"version-history":[{"count":0,"href":"https:\/\/www.europesays.com\/fr\/wp-json\/wp\/v2\/posts\/616435\/revisions"}],"wp:featuredmedia":[{"embeddable":true,"href":"https:\/\/www.europesays.com\/fr\/wp-json\/wp\/v2\/media\/616436"}],"wp:attachment":[{"href":"https:\/\/www.europesays.com\/fr\/wp-json\/wp\/v2\/media?parent=616435"}],"wp:term":[{"taxonomy":"category","embeddable":true,"href":"https:\/\/www.europesays.com\/fr\/wp-json\/wp\/v2\/categories?post=616435"},{"taxonomy":"post_tag","embeddable":true,"href":"https:\/\/www.europesays.com\/fr\/wp-json\/wp\/v2\/tags?post=616435"}],"curies":[{"name":"wp","href":"https:\/\/api.w.org\/{rel}","templated":true}]}}