{"id":616437,"date":"2025-12-22T19:45:25","date_gmt":"2025-12-22T19:45:25","guid":{"rendered":"https:\/\/www.europesays.com\/fr\/616437\/"},"modified":"2025-12-22T19:45:25","modified_gmt":"2025-12-22T19:45:25","slug":"nice-previsions-meteo-du-lundi-22-decembre-2025","status":"publish","type":"post","link":"https:\/\/www.europesays.com\/fr\/616437\/","title":{"rendered":"Nice : pr\u00e9visions m\u00e9t\u00e9o du lundi 22 d\u00e9cembre 2025"},"content":{"rendered":"<p>\u00c0 Nice, la journ\u00e9e du lundi 22 d\u00e9cembre 2025 sera marqu\u00e9e par un temps gris et pluvieux, avec des temp\u00e9ratures comprises entre 11 et 13 \u00b0C. Le vent d\u2019est-nord-est souffle mod\u00e9r\u00e9ment, et la pluie faible persiste jusqu\u2019en soir\u00e9e.<\/p>\n<p>    Alertes en cours<\/p>\n<p>Le d\u00e9partement des Alpes-Maritimes est plac\u00e9 en vigilance <b>Jaune<\/b> pour avalanches et neige \/ verglas depuis 00 h 00.<\/p>\n<ul>\n<li><b>Avalanche<\/b> : risques ponctuels sur les versants au-dessus de 1 800 m.<\/li>\n<li><b>Neige \/ Verglas<\/b> : chauss\u00e9es glissantes possibles, surtout dans l\u2019arri\u00e8re-pays.<\/li>\n<\/ul>\n<p>Si vous pr\u00e9voyez un trajet vers les stations, \u00e9quipez votre v\u00e9hicule et consultez l\u2019\u00e9tat des routes.<\/p>\n<p>Pour suivre l\u2019\u00e9volution de la vigilance, rendez-vous sur notre <a href=\"https:\/\/www.meteocity.com\/france\/alertes\" target=\"_blank\" rel=\"noopener\">page d\u00e9di\u00e9e aux alertes m\u00e9t\u00e9orologiques<\/a>.<\/p>\n<p>Matin : grisaille pluvieuse d\u00e8s le lever du soleil<\/p>\n<p>\u00c0 08 h 01, l\u2019astre du jour franchit l\u2019horizon, sans parvenir \u00e0 percer les nuages bas qui recouvrent Nice.<\/p>\n<p>\u00c0 09 h, on rel\u00e8ve une <b>pluie faible<\/b>, <b>12 \u00b0C<\/b> au thermom\u00e8tre, un ressenti de <b>9 \u00b0C<\/b> et un taux d\u2019humidit\u00e9 de 68 %. La pression atteint 1 009 hPa.<\/p>\n<p>Le vent de nord-est souffle \u00e0 13 km\/h, ses rafales restant mod\u00e9r\u00e9es, en-de\u00e7\u00e0 du seuil significatif.<\/p>\n<p>Avec une probabilit\u00e9 de pr\u00e9cipitation de <b>98 %<\/b> et d\u00e9j\u00e0 1,5 mm recueillis, il est conseill\u00e9 de pr\u00e9voir un imperm\u00e9able pour les d\u00e9placements matinaux.<\/p>\n<p>Apr\u00e8s-midi : pluie insistante et thermom\u00e8tre stable<\/p>\n<p>La perturbation se maintient \u00e0 15 h 00 : toujours une <b>pluie faible<\/b>, temp\u00e9rature en l\u00e9g\u00e8re hausse \u00e0 <b>13 \u00b0C<\/b>, ressentie <b>10 \u00b0C<\/b>.<\/p>\n<p>L\u2019air reste charg\u00e9 d\u2019humidit\u00e9 (68 %), tandis que la pression fl\u00e9chit \u00e0 1 008 hPa, signe d\u2019un syst\u00e8me d\u00e9pressionnaire toujours actif.<\/p>\n<p>Le vent de nord-est persiste \u00e0 14 km\/h. Les rafales, bien qu\u2019avoisinant 37 km\/h, demeurent sous le seuil de vigilance vent.<\/p>\n<p>La journ\u00e9e devrait cumuler jusqu\u2019\u00e0 <b>9,9 mm<\/b> de pr\u00e9cipitations, de quoi rendre les chauss\u00e9es glissantes et alimenter les nappes phr\u00e9atiques.<\/p>\n<p>Soir : couvert \u00e9pais avant un bref r\u00e9pit nocturne<\/p>\n<p>Le soleil se couche \u00e0 16 h 57 derri\u00e8re une couverture nuageuse compacte.<\/p>\n<p>\u00c0 21 h, le ciel reste <b>tr\u00e8s nuageux<\/b> mais les pluies s\u2019interrompent temporairement : 0 mm mesur\u00e9s, bien que le risque demeure \u00e0 98 %.<\/p>\n<p>Le mercure descend \u00e0 <b>11 \u00b0C<\/b>, ressenti <b>8 \u00b0C<\/b>, humidit\u00e9 \u00e0 72 %. Vent faible, 11 km\/h de nord-nord-est.<\/p>\n<p>La pression moyenne du jour, tomb\u00e9e jusqu\u2019\u00e0 <b>983 hPa<\/b> dans la synth\u00e8se, confirme l\u2019installation durable du mauvais temps sur la C\u00f4te d\u2019Azur.<\/p>\n<p>Tendance g\u00e9n\u00e9rale pour le lendemain<\/p>\n<p>Dans la nuit du 22 au 23 d\u00e9cembre, une nouvelle ond\u00e9e apporte 4,1 mm suppl\u00e9mentaires \u00e0 00 h. Temp\u00e9rature minimale : <b>10 \u00b0C<\/b>, ressentie <b>7 \u00b0C<\/b>.<\/p>\n<p>Le 23, les mod\u00e8les annoncent encore une <b>pluie faible<\/b> quasi continue, avec un cumul journalier estim\u00e9 \u00e0 6,15 mm.<\/p>\n<ul>\n<li><b>Temp\u00e9ratures<\/b> : de <b>9 \u00b0C<\/b> \u00e0 <b>14 \u00b0C<\/b>, ressenti maximal 11 \u00b0C.<\/li>\n<li><b>Vent<\/b> : nord-est 20 km\/h, rafales pouvant atteindre 42 km\/h, seuil notable pour le littoral.<\/li>\n<li><b>Humidit\u00e9<\/b> : moyenne 71 %.<\/li>\n<\/ul>\n<p>L\u2019influence d\u00e9pressionnaire persiste, avec une alternance d\u2019averses et d\u2019accalmies. Pour pr\u00e9parer vos activit\u00e9s, consultez nos pr\u00e9visions compl\u00e8tes <a href=\"https:\/\/www.meteocity.com\/france\/nice-v2990440\" target=\"_blank\" rel=\"noopener\">jour par jour<\/a>.<\/p>\n<p>En r\u00e9sum\u00e9 : temps maussade, sols d\u00e9tremp\u00e9s et vigilance jaune en montagne. Un contexte habituel en hiver m\u00e9diterran\u00e9en, qui rappelle l\u2019importance d\u2019adapter ses d\u00e9placements et loisirs \u00e0 la m\u00e9t\u00e9o.<\/p>\n","protected":false},"excerpt":{"rendered":"\u00c0 Nice, la journ\u00e9e du lundi 22 d\u00e9cembre 2025 sera marqu\u00e9e par un temps gris et pluvieux, avec&hellip;\n","protected":false},"author":2,"featured_media":616438,"comment_status":"","ping_status":"","sticky":false,"template":"","format":"standard","meta":{"footnotes":""},"categories":[2819],"tags":[1111,11,1777,674,1011,27,12,2401,882,25],"class_list":{"0":"post-616437","1":"post","2":"type-post","3":"status-publish","4":"format-standard","5":"has-post-thumbnail","7":"category-nice","8":"tag-actu","9":"tag-actualites","10":"tag-eu","11":"tag-europe","12":"tag-fr","13":"tag-france","14":"tag-news","15":"tag-nice","16":"tag-provence-alpes-cote-dazur","17":"tag-republique-francaise"},"share_on_mastodon":{"url":"https:\/\/pubeurope.com\/@fr\/115764941543599982","error":""},"_links":{"self":[{"href":"https:\/\/www.europesays.com\/fr\/wp-json\/wp\/v2\/posts\/616437","targetHints":{"allow":["GET"]}}],"collection":[{"href":"https:\/\/www.europesays.com\/fr\/wp-json\/wp\/v2\/posts"}],"about":[{"href":"https:\/\/www.europesays.com\/fr\/wp-json\/wp\/v2\/types\/post"}],"author":[{"embeddable":true,"href":"https:\/\/www.europesays.com\/fr\/wp-json\/wp\/v2\/users\/2"}],"replies":[{"embeddable":true,"href":"https:\/\/www.europesays.com\/fr\/wp-json\/wp\/v2\/comments?post=616437"}],"version-history":[{"count":0,"href":"https:\/\/www.europesays.com\/fr\/wp-json\/wp\/v2\/posts\/616437\/revisions"}],"wp:featuredmedia":[{"embeddable":true,"href":"https:\/\/www.europesays.com\/fr\/wp-json\/wp\/v2\/media\/616438"}],"wp:attachment":[{"href":"https:\/\/www.europesays.com\/fr\/wp-json\/wp\/v2\/media?parent=616437"}],"wp:term":[{"taxonomy":"category","embeddable":true,"href":"https:\/\/www.europesays.com\/fr\/wp-json\/wp\/v2\/categories?post=616437"},{"taxonomy":"post_tag","embeddable":true,"href":"https:\/\/www.europesays.com\/fr\/wp-json\/wp\/v2\/tags?post=616437"}],"curies":[{"name":"wp","href":"https:\/\/api.w.org\/{rel}","templated":true}]}}