{"id":616450,"date":"2025-12-22T19:54:19","date_gmt":"2025-12-22T19:54:19","guid":{"rendered":"https:\/\/www.europesays.com\/fr\/616450\/"},"modified":"2025-12-22T19:54:19","modified_gmt":"2025-12-22T19:54:19","slug":"participer-aux-prochaines-elections-actualites","status":"publish","type":"post","link":"https:\/\/www.europesays.com\/fr\/616450\/","title":{"rendered":"Participer aux prochaines \u00e9lections \/ Actualit\u00e9s"},"content":{"rendered":"<p>Le prochain rendez-vous \u00e9lectoral, ce sont les \u00e9lections municipales qui auront lieu les 15 et 22 mars 2026.<\/p>\n<p>            <img loading=\"lazy\" decoding=\"async\" src=\"\/var\/www\/storage\/images\/mediatheque\/mairie-de-lille\/hp-accueil\/slider-hp\/elections\/265677-1-fre-FR\/elections_news_image_top.jpg\" width=\"779\" height=\"441\" alt=\"\"\/><\/p>\n<p>En France, le vote est un droit fondamental. Mais pour\u00a0pouvoir voter, l\u2019inscription sur les listes \u00e9lectorales est obligatoire.<\/p>\n<p>S&rsquo;inscrire sur les listes \u00e9lectorales<\/p>\n<p>L&rsquo;inscription sur les listes \u00e9lectorales rel\u00e8ve d&rsquo;une d\u00e9marche volontaire de l&rsquo;\u00e9lecteur qui doit d\u00e9poser lui-m\u00eame sa demande d&rsquo;inscription ou de modification.<\/p>\n<p>Si vous souhaitez voter pour <a href=\"https:\/\/www.lille.fr\/Participer\/Participer-aux-elections\/Les-elections-municipales\" target=\"_self\" class=\"lien_interne\" rel=\"noopener\">les \u00e9lections municipales des 15 et 22 mars 2026<\/a> et que vous n&rsquo;\u00eates pas encore inscrit, vous devez effectuer les d\u00e9marches :<\/p>\n<ul class=\"listPuce\">\n<li>jusqu\u2019au mercredi 4 f\u00e9vrier 2026 inclus si vous vous inscrivez en ligne ;<\/li>\n<li>jusqu\u2019au <strong>vendredi 6 f\u00e9vrier 2026 inclus si vous vous inscrivez en mairie<\/strong> ou en consulat.<\/li>\n<\/ul>\n<p>&gt; <a href=\"https:\/\/www.lille.fr\/Participer\/Participer-aux-elections\/S-inscrire-sur-les-listes-electorales\" target=\"_self\" class=\"lien_interne\" rel=\"noopener\">Tout savoir sur la d\u00e9marche<\/a><\/p>\n<p>Pour faciliter l&rsquo;inscription des lillois sur les listes \u00e9lectorales avant la date limite du 6 f\u00e9vrier, <strong>des horaires \u00e9tendus seront propos\u00e9s par la Ville de Lille<\/strong> \u00e0 partir de mi-janvier :<\/p>\n<ul class=\"listPuce\">\n<li>Mardi 13 janvier de 17h \u00e0 19h<\/li>\n<li>Jeudi 15 janvier de 17h \u00e0 19h<\/li>\n<li>Samedi 17 janvier de 8h \u00e0 12h<\/li>\n<li>Mardi 20 janvier de 17h \u00e0 19h<\/li>\n<li>Jeudi 22\u00a0janvier\u00a0de 17h \u00e0 19h<\/li>\n<li>Samedi 24\u00a0janvier\u00a0de 17h \u00e0 19h<\/li>\n<li>Mardi 27\u00a0janvier\u00a0de 17h \u00e0 19h<\/li>\n<li>Jeudi 29\u00a0janvier\u00a0de 17h \u00e0 19h<\/li>\n<li>Samedi 31\u00a0janvier\u00a0de 8h \u00e0 12h<\/li>\n<li>Mardi 3\u00a0f\u00e9vrier\u00a0de 17h \u00e0 19h<\/li>\n<li>Jeudi 5\u00a0f\u00e9vrier\u00a0de 17h \u00e0 19h<\/li>\n<\/ul>\n<p>Le vote par procuration<\/p>\n<p>Si vous ne pouvez pas vous pr\u00e9senter personnellement au bureau de vote dont vous d\u00e9pendez le jour de l&rsquo;\u00e9lection, vous pouvez confier \u00e0 un autre \u00e9lecteur le soin de voter \u00e0 votre place. Cet \u00e9lecteur devra \u00eatre inscrit sur les listes \u00e9lectorales de Lille, Hellemmes ou Lomme, mais pas n\u00e9cessairement dans le m\u00eame bureau de vote.<\/p>\n<p>&gt; <a href=\"https:\/\/www.lille.fr\/Participer\/Participer-aux-elections\/Voter-par-procuration\" target=\"_self\" class=\"lien_interne\" rel=\"noopener\">Tout savoir sur le vote par procuration<\/a><\/p>\n<p>Devenir assesseur<\/p>\n<p><strong>Si vous souhaitez vous engager davantage, vous avez la possibilit\u00e9 de devenir assesseur pour participer de l\u2019int\u00e9rieur \u00e0 l\u2019organisation des \u00e9lections.<\/strong><\/p>\n<p>L&rsquo;assesseur est\u00a0un maillon\u00a0essentiel, le jour du vote, pour\u00a0accueillir les \u00e9lecteurs, v\u00e9rifier leur identit\u00e9, tenir les listes d\u2019\u00e9margement,\u00a0accompagner le d\u00e9pouillement\u2026<\/p>\n<p>Pourquoi vous engager ?<\/p>\n<ul class=\"listPuce\">\n<li>Pour agir concr\u00e8tement : votre pr\u00e9sence permet au bureau de vote de\u00a0fonctionner.<\/li>\n<li>Pour vivre la d\u00e9mocratie autrement : de l\u2019int\u00e9rieur, au plus pr\u00e8s de celles et\u00a0ceux qui votent.<\/li>\n<li>Parce que sans assesseurs\u2026 pas d\u2019\u00e9lection.<\/li>\n<\/ul>\n<p>Comment s\u2019inscrire ?<\/p>\n<p>Et ensuite ?<\/p>\n<p>Une formation vous sera propos\u00e9e : les missions sont rapides \u00e0 ma\u00eetriser\u00a0et vous serez accompagn\u00e9.<\/p>\n<p>Pour les \u00e9lections municipales des 15 et 22 mars\u00a02026, les formations auront lieu de fin f\u00e9vrier \u00e0 d\u00e9but mars.<\/p>\n<p>            Lire aussi<\/p>\n<p>            <img loading=\"lazy\" decoding=\"async\" src=\"\/var\/www\/storage\/images\/mediatheque\/mairie-de-lille\/actualites\/images\/novembre-2016\/election\/265025-1-fre-FR\/election_crossreading.jpg\" width=\"95\" height=\"95\" alt=\"\"\/>           <\/p>\n<p>        <a href=\"https:\/\/www.lille.fr\/Participer\/Participer-aux-elections\/Voter-par-procuration\" class=\"actuTitle\" title=\"Voter par procuration\" target=\"_blank\" rel=\"noopener\">Voter par procuration<\/a><\/p>\n<p>Si vous ne pouvez pas vous pr\u00e9senter personnellement au bureau de vote dont vous d\u00e9pendez, vous pouvez confier \u00e0 un autre \u00e9lecteur (votre mandatai&#8230;<\/p>\n<p>        <a href=\"https:\/\/www.lille.fr\/Participer\/Participer-aux-elections\/Voter-par-procuration\" class=\"voirActus\" target=\"_blank\" rel=\"noopener\">Voir<\/a><\/p>\n<p>            <img loading=\"lazy\" decoding=\"async\" src=\"\/var\/www\/storage\/images\/mediatheque\/mairie-de-lille\/actualites\/images\/2023\/juillet-2023\/calendrier_elections\/3316480-1-fre-FR\/calendrier_elections_crossreading.jpg\" width=\"95\" height=\"95\" alt=\"Cr\u00e9dit : Daniel Rapaich.\"\/>           <\/p>\n<p>            <img loading=\"lazy\" decoding=\"async\" src=\"\/var\/www\/storage\/images\/mediatheque\/mairie-de-lille\/n1\/participer\/assister-au-conseil-municipal\/s-inscrire-sur-les-listes-electorales\/37705-1-fre-FR\/S-inscrire-sur-les-listes-electorales_crossreading.jpg\" width=\"95\" height=\"95\" alt=\"\"\/>           <\/p>\n","protected":false},"excerpt":{"rendered":"Le prochain rendez-vous \u00e9lectoral, ce sont les \u00e9lections municipales qui auront lieu les 15 et 22 mars 2026.&hellip;\n","protected":false},"author":2,"featured_media":616451,"comment_status":"","ping_status":"","sticky":false,"template":"","format":"standard","meta":{"footnotes":""},"categories":[2815],"tags":[1111,11,4763,1777,674,1011,27,811,1307,5415,12,25],"class_list":{"0":"post-616450","1":"post","2":"type-post","3":"status-publish","4":"format-standard","5":"has-post-thumbnail","7":"category-lille","8":"tag-actu","9":"tag-actualites","10":"tag-agenda","11":"tag-eu","12":"tag-europe","13":"tag-fr","14":"tag-france","15":"tag-hauts-de-france","16":"tag-lille","17":"tag-mairie","18":"tag-news","19":"tag-republique-francaise"},"share_on_mastodon":{"url":"https:\/\/pubeurope.com\/@fr\/115764978090950389","error":""},"_links":{"self":[{"href":"https:\/\/www.europesays.com\/fr\/wp-json\/wp\/v2\/posts\/616450","targetHints":{"allow":["GET"]}}],"collection":[{"href":"https:\/\/www.europesays.com\/fr\/wp-json\/wp\/v2\/posts"}],"about":[{"href":"https:\/\/www.europesays.com\/fr\/wp-json\/wp\/v2\/types\/post"}],"author":[{"embeddable":true,"href":"https:\/\/www.europesays.com\/fr\/wp-json\/wp\/v2\/users\/2"}],"replies":[{"embeddable":true,"href":"https:\/\/www.europesays.com\/fr\/wp-json\/wp\/v2\/comments?post=616450"}],"version-history":[{"count":0,"href":"https:\/\/www.europesays.com\/fr\/wp-json\/wp\/v2\/posts\/616450\/revisions"}],"wp:featuredmedia":[{"embeddable":true,"href":"https:\/\/www.europesays.com\/fr\/wp-json\/wp\/v2\/media\/616451"}],"wp:attachment":[{"href":"https:\/\/www.europesays.com\/fr\/wp-json\/wp\/v2\/media?parent=616450"}],"wp:term":[{"taxonomy":"category","embeddable":true,"href":"https:\/\/www.europesays.com\/fr\/wp-json\/wp\/v2\/categories?post=616450"},{"taxonomy":"post_tag","embeddable":true,"href":"https:\/\/www.europesays.com\/fr\/wp-json\/wp\/v2\/tags?post=616450"}],"curies":[{"name":"wp","href":"https:\/\/api.w.org\/{rel}","templated":true}]}}