{"id":616466,"date":"2025-12-22T20:04:18","date_gmt":"2025-12-22T20:04:18","guid":{"rendered":"https:\/\/www.europesays.com\/fr\/616466\/"},"modified":"2025-12-22T20:04:18","modified_gmt":"2025-12-22T20:04:18","slug":"humility-petite-soeur-de-la-fee-maraboutee-soffre-une-premiere-boutique-parisienne-dans-le-marais","status":"publish","type":"post","link":"https:\/\/www.europesays.com\/fr\/616466\/","title":{"rendered":"Humility, petite soeur de La F\u00e9e Marabout\u00e9e, s&rsquo;offre une premi\u00e8re boutique parisienne dans le Marais"},"content":{"rendered":"<p>\n                                    <b>Publi\u00e9 le<\/b><br \/>\n                                    <\/p>\n<p>                                        22 d\u00e9cembre 2025<\/p>\n<p class=\"article-content col-md-8 offset-md-1\">\n                                Dix ans apr\u00e8s sa cr\u00e9ation, Humility s&rsquo;offre une premi\u00e8re boutique parisienne. Petite s\u0153ur de La F\u00e9e marabout\u00e9e, la marque de pr\u00eat-\u00e0-porter f\u00e9minin au chic discret prend le temps de grandir. Elle vient d&rsquo;ouvrir les portes de sa premi\u00e8re boutique parisienne dans le Marais au 11, rue Malher, \u00e0 l&rsquo;angle avec la rue des Rosiers.<\/p>\n<p><img decoding=\"async\" class=\"news-image\" style=\"width:100%;max-width:784px;\" src=\"https:\/\/www.europesays.com\/fr\/wp-content\/uploads\/2025\/12\/af4b.jpg\" alt=\"La nouvelle boutique du Marais d'Humility\" loading=\"lazy\"\/>La nouvelle boutique du Marais d&rsquo;Humility &#8211; Humility<\/p>\n<p class=\"col-md-8 offset-md-1 article-content--texte\">La marque a pris le relais du multimarque Cam\u00e9lia et s&rsquo;offre une belle visibilit\u00e9 dans le quartier tr\u00e8s concurrentiel du centre de Paris, attirant une client\u00e8le fran\u00e7aise et internationale. Elle s&rsquo;ins\u00e8re dans une offre comprenant \u00e0 proximit\u00e9 <a class=\"fnwAddLinks\" href=\"https:\/\/fr.fashionnetwork.com\/tags-free-people\" title=\"Free People\" target=\"_blank\" rel=\"noopener\">Free People<\/a>, Cot\u00e9lac, Balzac, <a class=\"fnwAddLinks\" href=\"https:\/\/fr.fashionnetwork.com\/tags-desigual\" title=\"Desigual\" target=\"_blank\" rel=\"noopener\">Desigual<\/a> et Cos.<\/p>\n<p>Lanc\u00e9e par les fondateurs de La F\u00e9e marabout\u00e9e, Jean-Pierre Braillard et Virginie Mangano, Humility distille un pr\u00eat-\u00e0-porter f\u00e9minin \u00e9pur\u00e9, une \u00e9l\u00e9gance discr\u00e8te.\u00a0N\u00e9e en 2016 avec une proposition radicalement diff\u00e9rente de celle de la marque phare du groupe roannais, le label d\u00e9laisse les imprim\u00e9s boh\u00e8mes pour une partition plus architecturale, presque monacale.<\/p>\n<p class=\"col-md-8 offset-md-1 article-content--texte\">Le vestiaire actuel joue la carte de l&rsquo;\u00e9l\u00e9gance \u00ab\u00a0effortless\u00a0\u00bb: des coupes oversize, des lignes structur\u00e9es et une palette chromatique discr\u00e8te (noir, anthracite, craie, kaki). Parmi les pi\u00e8ces ma\u00eetresses, on retrouve le pantalon Riu \u00e0 la coupe pr\u00e9cise, les robes tabliers aux accents workwear et, ADN du groupe oblige, une maille travaill\u00e9e en bouclette ou en m\u00e9langes de laines textur\u00e9es. Le positionnement prix, l\u00e9g\u00e8rement sup\u00e9rieur \u00e0 celui de La F\u00e9e marabout\u00e9e, oscille entre 140 et 270 euros, avec une fabrication majoritairement europ\u00e9enne et italienne.<\/p>\n<p>C\u00f4t\u00e9 distribution, Humility cultive une certaine s\u00e9lectivit\u00e9, s&rsquo;appuyant sur un r\u00e9seau d&rsquo;environ 110 d\u00e9taillants multimarques pointus, \u00e0 l&rsquo;image des boutiques Solana \u00e0 Paris ou Lilyak\u00e9 \u00e0 Bordeaux.\u00a0La marque est pr\u00e9sente via ce canal dans les march\u00e9s europ\u00e9ens cl\u00e9s, en Grande-Bretagne, en Allemagne, en Italie, en Espagne et au Benelux.<\/p>\n<p><img decoding=\"async\" class=\"news-image\" style=\"width:100%;max-width:789px;\" src=\"https:\/\/www.europesays.com\/fr\/wp-content\/uploads\/2025\/12\/f9da.jpg\" alt=\"Int\u00e9rieur de la boutique Humility\" loading=\"lazy\"\/>Int\u00e9rieur de la boutique Humility &#8211; Humility<\/p>\n<p>Mais le groupe d\u00e9veloppe aussi depuis quelques ann\u00e9es sa vente en direct, en ligne comme en physique.\u00a0Elle teste son concept monomarque avec une adresse pilote ouverte d\u00e8s 2023 dans sa r\u00e9gion d&rsquo;origine, \u00e0 Lyon, au 24, Grande-rue de la Croix-Rousse, un laboratoire qui a permis d&rsquo;affiner l&rsquo;exp\u00e9rience client en proposant une approche concept-store avec l&rsquo;apport de marques de bijoux et de d\u00e9coration. Aujourd&rsquo;hui, la marque renforce sa visibilit\u00e9 en grand magasin avec une douzaine de corners strat\u00e9giques, notamment au <a class=\"fnwAddLinks\" href=\"https:\/\/fr.fashionnetwork.com\/tags-printemps\" title=\"Printemps\" target=\"_blank\" rel=\"noopener\">Printemps<\/a> Nation \u00e0 Paris ainsi qu&rsquo;aux <a class=\"fnwAddLinks\" href=\"https:\/\/fr.fashionnetwork.com\/tags-galeries-lafayette\" title=\"Galeries Lafayette\" target=\"_blank\" rel=\"noopener\">Galeries Lafayette<\/a> de Reims ou de Tours.<\/p>\n<p>La marque est aussi entreprenante \u00e0 l&rsquo;export, ayant pr\u00e9sent\u00e9 cet \u00e9t\u00e9 \u00e0 Ta\u00efwan, lors de l&rsquo;op\u00e9ration Mode in France, sa collection printemps-\u00e9t\u00e9 2026 inspir\u00e9e des travaux de l&rsquo;architecte japonais Tadao Ando. Une collection qui sera bien entendu mise en exergue dans sa nouvelle boutique parisienne.<\/p>\n<p>Le groupe fran\u00e7ais pilot\u00e9 par Ga\u00eblle Lelong ne d\u00e9taille pas les performances \u00e9conomiques de sa marque. En 2024, malgr\u00e9 un repli d&rsquo;activit\u00e9, la soci\u00e9t\u00e9-m\u00e8re, La F\u00e9e, affichait un chiffre d&rsquo;affaires de plus de 37 millions d&rsquo;euros et \u00e9tait b\u00e9n\u00e9ficiaire.\n                            <\/p>\n<p>\n                                Tous droits de reproduction et de repr\u00e9sentation r\u00e9serv\u00e9s.<br \/>\u00a9 2025 FashionNetwork.com\n                            <\/p>\n","protected":false},"excerpt":{"rendered":"Publi\u00e9 le 22 d\u00e9cembre 2025 Dix ans apr\u00e8s sa cr\u00e9ation, Humility s&rsquo;offre une premi\u00e8re boutique parisienne. Petite s\u0153ur&hellip;\n","protected":false},"author":2,"featured_media":616467,"comment_status":"","ping_status":"","sticky":false,"template":"","format":"standard","meta":{"footnotes":""},"categories":[1888],"tags":[11,2424,537,49950,2423,72712,1777,674,1011,27,32588,4238,2425,985,12,2298,626,4767,2426,2427,25,2421,2422],"class_list":{"0":"post-616466","1":"post","2":"type-post","3":"status-publish","4":"format-standard","5":"has-post-thumbnail","7":"category-paris","8":"tag-actualites","9":"tag-beaute","10":"tag-contact","11":"tag-cos","12":"tag-cosmetiques","13":"tag-desigual","14":"tag-eu","15":"tag-europe","16":"tag-fr","17":"tag-france","18":"tag-free-people","19":"tag-galeries-lafayette","20":"tag-luxe","21":"tag-mode","22":"tag-news","23":"tag-parfum","24":"tag-paris","25":"tag-printemps","26":"tag-professionnel","27":"tag-professionnels","28":"tag-republique-francaise","29":"tag-reseau","30":"tag-textile"},"share_on_mastodon":{"url":"https:\/\/pubeurope.com\/@fr\/115765017856623858","error":""},"_links":{"self":[{"href":"https:\/\/www.europesays.com\/fr\/wp-json\/wp\/v2\/posts\/616466","targetHints":{"allow":["GET"]}}],"collection":[{"href":"https:\/\/www.europesays.com\/fr\/wp-json\/wp\/v2\/posts"}],"about":[{"href":"https:\/\/www.europesays.com\/fr\/wp-json\/wp\/v2\/types\/post"}],"author":[{"embeddable":true,"href":"https:\/\/www.europesays.com\/fr\/wp-json\/wp\/v2\/users\/2"}],"replies":[{"embeddable":true,"href":"https:\/\/www.europesays.com\/fr\/wp-json\/wp\/v2\/comments?post=616466"}],"version-history":[{"count":0,"href":"https:\/\/www.europesays.com\/fr\/wp-json\/wp\/v2\/posts\/616466\/revisions"}],"wp:featuredmedia":[{"embeddable":true,"href":"https:\/\/www.europesays.com\/fr\/wp-json\/wp\/v2\/media\/616467"}],"wp:attachment":[{"href":"https:\/\/www.europesays.com\/fr\/wp-json\/wp\/v2\/media?parent=616466"}],"wp:term":[{"taxonomy":"category","embeddable":true,"href":"https:\/\/www.europesays.com\/fr\/wp-json\/wp\/v2\/categories?post=616466"},{"taxonomy":"post_tag","embeddable":true,"href":"https:\/\/www.europesays.com\/fr\/wp-json\/wp\/v2\/tags?post=616466"}],"curies":[{"name":"wp","href":"https:\/\/api.w.org\/{rel}","templated":true}]}}