{"id":616470,"date":"2025-12-22T20:06:15","date_gmt":"2025-12-22T20:06:15","guid":{"rendered":"https:\/\/www.europesays.com\/fr\/616470\/"},"modified":"2025-12-22T20:06:15","modified_gmt":"2025-12-22T20:06:15","slug":"le-venezuela-se-targue-du-plein-soutien-de-la-russie-face-au-blocus-des-etats-unis","status":"publish","type":"post","link":"https:\/\/www.europesays.com\/fr\/616470\/","title":{"rendered":"Le Venezuela se targue du \u00ab\u00a0plein soutien\u00a0\u00bb de la Russie face au blocus des Etats-Unis"},"content":{"rendered":"<p>La tension entre les <a href=\"https:\/\/www.20minutes.fr\/monde\/etats-unis\/\" target=\"_blank\" class=\"c-link c-link--is-underlined\" rel=\"noopener\">Etats-Unis<\/a> et le <a href=\"https:\/\/www.20minutes.fr\/monde\/venezuela\/\" target=\"_blank\" class=\"c-link c-link--is-underlined\" rel=\"noopener\">Venezuela<\/a> s\u2019est encore accrue apr\u00e8s un \u00e9change t\u00e9l\u00e9phonique entre les ministres des Affaires \u00e9trang\u00e8res v\u00e9n\u00e9zu\u00e9lien et russe. Yvan Gil a indiqu\u00e9 que son homologue <a href=\"https:\/\/www.20minutes.fr\/monde\/serguei-lavrov\/\" target=\"_blank\" class=\"c-link c-link--is-underlined\" rel=\"noopener\">Sergue\u00ef Lavrov<\/a> lui avait exprim\u00e9 le \u00ab\u00a0plein soutien\u00a0\u00bb de Moscou face \u00e0 la situation actuelle dans les <a href=\"https:\/\/www.20minutes.fr\/monde\/caraibes\/\" target=\"_blank\" class=\"c-link c-link--is-underlined\" rel=\"noopener\">Cara\u00efbes<\/a>, sur fond de mesures am\u00e9ricaines visant le secteur p\u00e9trolier v\u00e9n\u00e9zu\u00e9lien.<\/p>\n<p>Selon le chef de la diplomatie v\u00e9n\u00e9zu\u00e9lienne, les discussions ont port\u00e9 sur des \u00ab\u00a0agressions et violations flagrantes du droit international\u00a0\u00bb, incluant des \u00ab\u00a0attaques contre des embarcations, ex\u00e9cutions extrajudiciaires et actes illicites de piraterie\u00a0\u00bb imput\u00e9es aux Etats-Unis. Sergue\u00ef Lavrov aurait, dans ce contexte, \u00ab\u00a0r\u00e9affirm\u00e9 son plein soutien face aux hostilit\u00e9s contre notre pays\u00a0\u00bb et d\u00e9nonc\u00e9 des actions qui \u00ab\u00a0ne pouvaient \u00eatre tol\u00e9r\u00e9es\u00a0\u00bb.<\/p>\n<\/p>\n<p>\u00ab\u00a0De graves cons\u00e9quences pour la r\u00e9gion\u00a0\u00bb<\/p>\n<p><a href=\"https:\/\/www.20minutes.fr\/monde\/moscou\/\" target=\"_blank\" class=\"c-link c-link--is-underlined\" rel=\"noopener\">Moscou<\/a> a confirm\u00e9 cette lecture dans un communiqu\u00e9 distinct, faisant \u00e9tat d\u2019une \u00ab\u00a0profonde pr\u00e9occupation face \u00e0 l\u2019escalade des actions de <a href=\"https:\/\/www.20minutes.fr\/dossier\/washington\" target=\"_blank\" class=\"c-link c-link--is-underlined\" rel=\"noopener\">Washington<\/a> dans la mer des Cara\u00efbes\u00a0\u00bb. La diplomatie russe estime que ces initiatives pourraient \u00ab\u00a0avoir de graves cons\u00e9quences pour la r\u00e9gion et menacer la navigation internationale\u00a0\u00bb, tout en assurant de son \u00ab\u00a0soutien total et [de sa] solidarit\u00e9 avec les dirigeants et le peuple v\u00e9n\u00e9zu\u00e9liens\u00a0\u00bb. La <a href=\"https:\/\/www.20minutes.fr\/monde\/russie\/\" target=\"_blank\" class=\"c-link c-link--is-underlined\" rel=\"noopener\">Russie<\/a> dit \u00e9galement appuyer les d\u00e9marches de Caracas au Conseil de s\u00e9curit\u00e9 de l\u2019<a href=\"https:\/\/www.20minutes.fr\/monde\/onu\/\" target=\"_blank\" class=\"c-link c-link--is-underlined\" rel=\"noopener\">ONU<\/a> contre ce qu\u2019elle qualifie de blocus.<\/p>\n<p><a href=\"https:\/\/www.20minutes.fr\/monde\/venezuela\/\" target=\"_blank\" class=\"c-link c-btn c-btn--primary\" rel=\"noopener\">Notre dossier sur le Venezuela<\/a><\/p>\n<p>Les Etats-Unis ont r\u00e9cemment renforc\u00e9 leur dispositif naval autour du Venezuela, ciblant des p\u00e9troliers qu\u2019ils consid\u00e8rent comme soumis \u00e0 sanctions. <a href=\"https:\/\/www.20minutes.fr\/monde\/4192582-20251220-etats-unis-saisi-nouveau-petrolier-large-venezuela\" target=\"_blank\" class=\"c-link c-link--is-underlined\" rel=\"noopener\">Deux navires ont \u00e9t\u00e9 saisis et un troisi\u00e8me, le Bella 1, sanctionn\u00e9 depuis\u00a02024<\/a> pour ses liens pr\u00e9sum\u00e9s avec l\u2019Iran et le Hezbollah, a \u00e9t\u00e9 poursuivi sans interception. Washington accuse Caracas d\u2019utiliser le p\u00e9trole pour financer \u00ab\u00a0le <a href=\"https:\/\/www.20minutes.fr\/dossier\/narcotrafiquants\" target=\"_blank\" class=\"c-link c-link--is-underlined\" rel=\"noopener\">narcoterrorisme<\/a>, la traite d\u2019\u00eatres humains, les meurtres et les enl\u00e8vements\u00a0\u00bb, des accusations rejet\u00e9es par le gouvernement de Nicol\u00e1s Maduro, qui d\u00e9nonce une tentative am\u00e9ricaine de d\u00e9stabilisation visant les r\u00e9serves p\u00e9troli\u00e8res du pays.<\/p>\n","protected":false},"excerpt":{"rendered":"La tension entre les Etats-Unis et le Venezuela s\u2019est encore accrue apr\u00e8s un \u00e9change t\u00e9l\u00e9phonique entre les ministres&hellip;\n","protected":false},"author":2,"featured_media":616471,"comment_status":"","ping_status":"","sticky":false,"template":"","format":"standard","meta":{"footnotes":""},"categories":[1591],"tags":[47,11,47979,73,1887,74,12,338,1885,1886,132,1135,337],"class_list":{"0":"post-616470","1":"post","2":"type-post","3":"status-publish","4":"format-standard","5":"has-post-thumbnail","7":"category-russie","8":"tag-actualite","9":"tag-actualites","10":"tag-caraibes","11":"tag-etats-unis","12":"tag-federation-de-russie","13":"tag-monde","14":"tag-news","15":"tag-nicolas-maduro","16":"tag-russia","17":"tag-russian-federation","18":"tag-russie","19":"tag-serguei-lavrov","20":"tag-venezuela"},"share_on_mastodon":{"url":"https:\/\/pubeurope.com\/@fr\/115765024217643295","error":""},"_links":{"self":[{"href":"https:\/\/www.europesays.com\/fr\/wp-json\/wp\/v2\/posts\/616470","targetHints":{"allow":["GET"]}}],"collection":[{"href":"https:\/\/www.europesays.com\/fr\/wp-json\/wp\/v2\/posts"}],"about":[{"href":"https:\/\/www.europesays.com\/fr\/wp-json\/wp\/v2\/types\/post"}],"author":[{"embeddable":true,"href":"https:\/\/www.europesays.com\/fr\/wp-json\/wp\/v2\/users\/2"}],"replies":[{"embeddable":true,"href":"https:\/\/www.europesays.com\/fr\/wp-json\/wp\/v2\/comments?post=616470"}],"version-history":[{"count":0,"href":"https:\/\/www.europesays.com\/fr\/wp-json\/wp\/v2\/posts\/616470\/revisions"}],"wp:featuredmedia":[{"embeddable":true,"href":"https:\/\/www.europesays.com\/fr\/wp-json\/wp\/v2\/media\/616471"}],"wp:attachment":[{"href":"https:\/\/www.europesays.com\/fr\/wp-json\/wp\/v2\/media?parent=616470"}],"wp:term":[{"taxonomy":"category","embeddable":true,"href":"https:\/\/www.europesays.com\/fr\/wp-json\/wp\/v2\/categories?post=616470"},{"taxonomy":"post_tag","embeddable":true,"href":"https:\/\/www.europesays.com\/fr\/wp-json\/wp\/v2\/tags?post=616470"}],"curies":[{"name":"wp","href":"https:\/\/api.w.org\/{rel}","templated":true}]}}