{"id":616476,"date":"2025-12-22T20:10:20","date_gmt":"2025-12-22T20:10:20","guid":{"rendered":"https:\/\/www.europesays.com\/fr\/616476\/"},"modified":"2025-12-22T20:10:20","modified_gmt":"2025-12-22T20:10:20","slug":"au-royaume-uni-un-homme-accuse-davoir-drogue-et-viole-son-ex-femme-pendant-treize-ans-cinq-autres-hommes-inculpes-pour-viols-sur-cette-meme-femme","status":"publish","type":"post","link":"https:\/\/www.europesays.com\/fr\/616476\/","title":{"rendered":"Au Royaume-Uni, un homme accus\u00e9 d\u2019avoir drogu\u00e9 et viol\u00e9 son ex-femme pendant treize ans, cinq autres hommes inculp\u00e9s pour viols sur cette m\u00eame femme"},"content":{"rendered":"<p>                      <img loading=\"lazy\" decoding=\"async\" src=\"https:\/\/www.europesays.com\/fr\/wp-content\/uploads\/2025\/12\/4651f01_ftp-1-85r9j6vsgvrt-2025-12-04t193101z-62810411-rc2v9iaaxlxy-rtrmadp-3-britain-crime.JPG\" alt=\"Des policiers britanniques \u00e0 Derby, au Royaume-Uni, le 4\u00a0d\u00e9cembre 2025. \"   width=\"664\" height=\"443\"\/>    Des policiers britanniques \u00e0 Derby, au Royaume-Uni, le 4\u00a0d\u00e9cembre 2025.  TEMILADE ADELAJA \/ REUTERS                          <\/p>\n<p class=\"article__paragraph  \">Un Britannique de 49\u00a0ans a \u00e9t\u00e9 inculp\u00e9 au Royaume-Uni, accus\u00e9 d\u2019avoir drogu\u00e9 et viol\u00e9 sa d\u00e9sormais ex-femme \u00e0 de nombreuses reprises pendant des ann\u00e9es, tandis que cinq autres hommes ont \u00e9t\u00e9 inculp\u00e9s pour viols sur cette m\u00eame femme, a annonc\u00e9 la police lundi 22\u00a0d\u00e9cembre. La victime pr\u00e9sum\u00e9e, Joanne Young, \u00e2g\u00e9e de 48\u00a0ans, a renonc\u00e9 \u00e0 son droit \u00e0 l\u2019anonymat, a pr\u00e9cis\u00e9 la police du Wiltshire dans un <a href=\"https:\/\/www.wiltshire.police.uk\/news\/wiltshire\/news\/2025\/december-2025\/six-men-charged-with-more-than-60-sexual-offences-against-woman-over-a-13-year-period\/\" target=\"_blank\" rel=\"noopener\" title=\"Nouvelle fen\u00eatre\">communiqu\u00e9<\/a>. La police accuse son ex-\u00e9poux, Philip Young, arr\u00eat\u00e9 et plac\u00e9 en d\u00e9tention, de lui avoir \u00ab\u00a0administr\u00e9 une substance avec l\u2019intention de [l\u2019]\u00e9tourdir ou de [la] ma\u00eetriser afin d\u2019avoir un rapport sexuel\u00a0\u00bb.<\/p>\n<p class=\"article__paragraph  \">Au total, il a \u00e9t\u00e9 inculp\u00e9 de 56 infractions sexuelles, dont de multiples viols, de voyeurisme, de possession d\u2019images ind\u00e9centes d\u2019enfants et de possession d\u2019images extr\u00eames. Les faits se seraient produits sur une p\u00e9riode de treize\u00a0ans, de 2010 \u00e0 2023.<\/p>\n<p class=\"article__paragraph  \">Philip Young doit compara\u00eetre mardi devant un tribunal de Swindon, ville \u00e0 l\u2019ouest de Londres. A ses c\u00f4t\u00e9s se tiendront cinq hommes, \u00e9galement accus\u00e9s d\u2019avoir viol\u00e9 Joanne Young. Ag\u00e9s de 31 \u00e0 61\u00a0ans, au moins trois d\u2019entre eux vivent \u00e0 Swindon, o\u00f9 a \u00e9galement v\u00e9cu Philip Young.<\/p>\n<p>                    Une enqu\u00eate longue et complexe                    <\/p>\n<p class=\"article__paragraph  \">L\u2019enqu\u00eate ayant men\u00e9 \u00e0 ces inculpations a \u00e9t\u00e9 \u00ab\u00a0complexe\u00a0\u00bb, a soulign\u00e9 Geoff Smith, responsable de la police du Wiltshire, cit\u00e9 dans le communiqu\u00e9. Il a pr\u00e9cis\u00e9 que Joanne Young a pris la d\u00e9cision de renoncer \u00e0 son droit \u00e0 l\u2019anonymat \u00ab\u00a0apr\u00e8s de nombreux \u00e9changes avec les enqu\u00eateurs et les services de soutien\u00a0\u00bb dont elle a b\u00e9n\u00e9fici\u00e9 depuis le d\u00e9but de l\u2019enqu\u00eate.<\/p>\n<p class=\"article__paragraph  \">Cette affaire fait \u00e9cho \u00e0 celle de la Fran\u00e7aise Gis\u00e8le Pelicot, viol\u00e9e pendant une d\u00e9cennie \u00e0 <a href=\"https:\/\/www.lemonde.fr\/proces-des-viols-de-mazan\/\" target=\"_blank\" rel=\"noopener\">son domicile de Mazan<\/a> (sud de la France) par des dizaines d\u2019inconnus recrut\u00e9s sur Internet par son mari, Dominique Pelicot, qui la droguait pr\u00e9alablement.<\/p>\n<p class=\"article__paragraph  \">Elle est devenue un symbole mondial de la lutte contre les violences sexuelles, la soumission chimique et le non-consentement, pour avoir refus\u00e9 que le proc\u00e8s de son \u00e9poux se tienne \u00e0 huis clos, afin que \u00ab\u00a0la honte change de camp\u00a0\u00bb.<\/p>\n<p>                                             <img loading=\"lazy\" decoding=\"async\" src=\"https:\/\/www.europesays.com\/fr\/wp-content\/uploads\/2025\/12\/8ede3d8_upload-1-byv1fzgrbq7n-268-250920-auditorium-festival-le-monde-2025-2p8a3561-marwen-farhat.jp.jpeg\" width=\"86\" height=\"86\"\/>      \u00c9couter aussi   <a href=\"https:\/\/www.lemonde.fr\/podcasts\/article\/2025\/11\/01\/comment-le-proces-des-viols-de-mazan-est-devenu-historique_6650787_5463015.html\" target=\"_blank\" rel=\"noopener\"> Comment le proc\u00e8s des viols de Mazan est devenu historique <\/a>                              <\/p>\n<p class=\"author__detail\">  Le Monde avec AFP  <\/p>\n<p>                <a href=\"https:\/\/www.lemonde.fr\/syndication\/\" class=\"reuse__content\" title=\"R\u00e9utiliser ce contenu\" target=\"_blank\" rel=\"noopener\">R\u00e9utiliser ce contenu<\/a>      <\/p>\n","protected":false},"excerpt":{"rendered":"Des policiers britanniques \u00e0 Derby, au Royaume-Uni, le 4\u00a0d\u00e9cembre 2025. TEMILADE ADELAJA \/ REUTERS Un Britannique de 49\u00a0ans&hellip;\n","protected":false},"author":2,"featured_media":616477,"comment_status":"","ping_status":"","sticky":false,"template":"","format":"standard","meta":{"footnotes":""},"categories":[1588],"tags":[11,1777,674,12,473,1853,1851,1850,1852],"class_list":{"0":"post-616476","1":"post","2":"type-post","3":"status-publish","4":"format-standard","5":"has-post-thumbnail","7":"category-royaume-uni","8":"tag-actualites","9":"tag-eu","10":"tag-europe","11":"tag-news","12":"tag-royaume-uni","13":"tag-royaume-uni-de-grande-bretagne-et-dirlande-du-nord","14":"tag-uk","15":"tag-united-kingdom","16":"tag-united-kingdom-of-great-britain-and-northern-ireland"},"share_on_mastodon":{"url":"https:\/\/pubeurope.com\/@fr\/115765040126364384","error":""},"_links":{"self":[{"href":"https:\/\/www.europesays.com\/fr\/wp-json\/wp\/v2\/posts\/616476","targetHints":{"allow":["GET"]}}],"collection":[{"href":"https:\/\/www.europesays.com\/fr\/wp-json\/wp\/v2\/posts"}],"about":[{"href":"https:\/\/www.europesays.com\/fr\/wp-json\/wp\/v2\/types\/post"}],"author":[{"embeddable":true,"href":"https:\/\/www.europesays.com\/fr\/wp-json\/wp\/v2\/users\/2"}],"replies":[{"embeddable":true,"href":"https:\/\/www.europesays.com\/fr\/wp-json\/wp\/v2\/comments?post=616476"}],"version-history":[{"count":0,"href":"https:\/\/www.europesays.com\/fr\/wp-json\/wp\/v2\/posts\/616476\/revisions"}],"wp:featuredmedia":[{"embeddable":true,"href":"https:\/\/www.europesays.com\/fr\/wp-json\/wp\/v2\/media\/616477"}],"wp:attachment":[{"href":"https:\/\/www.europesays.com\/fr\/wp-json\/wp\/v2\/media?parent=616476"}],"wp:term":[{"taxonomy":"category","embeddable":true,"href":"https:\/\/www.europesays.com\/fr\/wp-json\/wp\/v2\/categories?post=616476"},{"taxonomy":"post_tag","embeddable":true,"href":"https:\/\/www.europesays.com\/fr\/wp-json\/wp\/v2\/tags?post=616476"}],"curies":[{"name":"wp","href":"https:\/\/api.w.org\/{rel}","templated":true}]}}