{"id":616493,"date":"2025-12-22T20:24:18","date_gmt":"2025-12-22T20:24:18","guid":{"rendered":"https:\/\/www.europesays.com\/fr\/616493\/"},"modified":"2025-12-22T20:24:18","modified_gmt":"2025-12-22T20:24:18","slug":"tour-de-france-le-grand-depart-2028-a-reims-sports","status":"publish","type":"post","link":"https:\/\/www.europesays.com\/fr\/616493\/","title":{"rendered":"Tour de France : Le Grand D\u00e9part 2028 \u00e0 Reims ? : Sports"},"content":{"rendered":"<p class=\"date\">\n                                                            Mathieu Warnier, Media365, publi\u00e9 le lundi 22 d\u00e9cembre 2025 \u00e0 19h35\n                                                    <\/p>\n<p>Reims et la r\u00e9gion Grand Est ont annonc\u00e9 ce lundi leur candidature \u00e0 l&rsquo;organisation du Grand D\u00e9part de l&rsquo;\u00e9dition 2028 du Tour de France, avec un projet qui parle d\u00e9j\u00e0 \u00e0 Christian Prudhomme.<\/p>\n<p>Les Grands D\u00e9parts du Tour de France \u00e0 l&rsquo;\u00e9tranger ne sont pas une fatalit\u00e9. Alors que Barcelone accueillera l&rsquo;\u00e9v\u00e9nement en 2026 avec notamment un contre-la-montre par \u00e9quipes, Edimbourg et la Grande-Bretagne prendront le relais d\u00e8s 2027. Si les prochains h\u00f4tes des premi\u00e8res \u00e9tapes de la Grande Boucle ne sont pas connus, de nombreux pays ont d\u00e9j\u00e0 fait part de leur envie d&rsquo;organiser un tel \u00e9v\u00e9nement sur leur sol. Ainsi, Prague et la R\u00e9publique tch\u00e8que sont d\u00e9j\u00e0 sur les rangs pour 2029 tout comme la Slov\u00e9nie, dont le projet pourrait \u00eatre repouss\u00e9 \u00e0 2031. En ce qui concerne l&rsquo;\u00e9dition 2028 du Tour de France, dont les dates seront chamboul\u00e9es par la tenue des Jeux d&rsquo;\u00e9t\u00e9 de Los Angeles \u00e0 partir du 14 juillet, une d\u00e9cision est attendue d\u00e8s l&rsquo;\u00e9t\u00e9 prochain avec le Luxembourg qui a lanc\u00e9 sa campagne d\u00e8s le mois d&rsquo;octobre dernier.<\/p>\n<p>Reims, \u00ab un terrain d&rsquo;expression favorable aux champions \u00bb<\/p>\n<p>Toutefois, le Grand Duch\u00e9 n&rsquo;est plus le seul dans la course. Lors d&rsquo;un \u00e9v\u00e9nement organis\u00e9 au pied de la Cath\u00e9drale de Reims, la sous-pr\u00e9fecture de la Marne et la r\u00e9gion Grand Est, repr\u00e9sent\u00e9es par le maire Arnaud Robinet et le pr\u00e9sident de r\u00e9gion Franck Leroy, ont officialis\u00e9 leur candidature en pr\u00e9sence du directeur du Tour de France Christian Prudhomme. Un tel \u00e9v\u00e9nement est vu par les autorit\u00e9s locales comme une opportunit\u00e9 de \u00ab\u00a0renforcer l&rsquo;attractivit\u00e9 du territoire, d&rsquo;en souligner tous les attraits patrimoniaux et de rappeler sa dimension europ\u00e9enne et internationale\u00a0\u00bb. Interrog\u00e9 par le quotidien r\u00e9gional L&rsquo;Union, le patron de la Grande Boucle a conc\u00e9d\u00e9 avoir \u00ab\u00a0plusieurs candidatures pour 2028 et les ann\u00e9es qui suivent\u00a0\u00bb mais assure que Reims et sa r\u00e9gion repr\u00e9sentent \u00ab\u00a0le terrain d&rsquo;expression favorable aux champions\u00a0\u00bb. Christian Prudhomme se rem\u00e9more ainsi la victoire de Julian Alaphilippe \u00e0 Epernay lors de la 3eme \u00e9tape du Tour 2019.<\/p>\n<p>Prudhomme : \u00ab\u00a0Une tr\u00e8s belle candidature\u00a0\u00bb<\/p>\n<p>Elle avait permis au coureur fran\u00e7ais de de prendre le maillot jaune. Le directeur du Tour de France a \u00e9galement mis en avant \u00ab\u00a0la beaut\u00e9 des paysages\u00a0\u00bb de la Champagne comme point fort de cette candidature. \u00ab\u00a0\u00c7a a vraiment beaucoup d&rsquo;allure vu d&rsquo;h\u00e9licopt\u00e8re, avec la Champagne et avec le champagne, a-t-il ajout\u00e9. On sait qu&rsquo;on aura de la ferveur. J&rsquo;ai m\u00eame envie de vous dire qu&rsquo;on aura de l&rsquo;effervescence.\u00a0\u00bb Pr\u00e9sent\u00e9e comme \u00ab\u00a0une tr\u00e8s belle candidature\u00a0\u00bb, le dossier pr\u00e9sent\u00e9 par Reims et la r\u00e9gion Grand Est sera \u00e9tudi\u00e9\u00a0\u00bb avec attention\u00a0\u00bb. Mais le patron de l&rsquo;\u00e9preuve assure qu&rsquo;annoncer cette candidature au pied de la Cath\u00e9drale \u00ab\u00a0donne une id\u00e9e de ce que pourrait \u00eatre un Grand D\u00e9part potentiel de Reims et de la r\u00e9gion Grand Est\u00a0\u00bb. Il reste maintenant \u00e0 voir s&rsquo;il sera suffisamment convaincant pour obtenir le feu vert dans les mois \u00e0 venir.<\/p>\n","protected":false},"excerpt":{"rendered":"Mathieu Warnier, Media365, publi\u00e9 le lundi 22 d\u00e9cembre 2025 \u00e0 19h35 Reims et la r\u00e9gion Grand Est ont&hellip;\n","protected":false},"author":2,"featured_media":616494,"comment_status":"","ping_status":"","sticky":false,"template":"","format":"standard","meta":{"footnotes":""},"categories":[1411],"tags":[1154,207,1011,27,60],"class_list":{"0":"post-616493","1":"post","2":"type-post","3":"status-publish","4":"format-standard","5":"has-post-thumbnail","7":"category-cyclisme","8":"tag-cycling","9":"tag-cyclisme","10":"tag-fr","11":"tag-france","12":"tag-sports"},"share_on_mastodon":{"url":"https:\/\/pubeurope.com\/@fr\/115765095379931238","error":""},"_links":{"self":[{"href":"https:\/\/www.europesays.com\/fr\/wp-json\/wp\/v2\/posts\/616493","targetHints":{"allow":["GET"]}}],"collection":[{"href":"https:\/\/www.europesays.com\/fr\/wp-json\/wp\/v2\/posts"}],"about":[{"href":"https:\/\/www.europesays.com\/fr\/wp-json\/wp\/v2\/types\/post"}],"author":[{"embeddable":true,"href":"https:\/\/www.europesays.com\/fr\/wp-json\/wp\/v2\/users\/2"}],"replies":[{"embeddable":true,"href":"https:\/\/www.europesays.com\/fr\/wp-json\/wp\/v2\/comments?post=616493"}],"version-history":[{"count":0,"href":"https:\/\/www.europesays.com\/fr\/wp-json\/wp\/v2\/posts\/616493\/revisions"}],"wp:featuredmedia":[{"embeddable":true,"href":"https:\/\/www.europesays.com\/fr\/wp-json\/wp\/v2\/media\/616494"}],"wp:attachment":[{"href":"https:\/\/www.europesays.com\/fr\/wp-json\/wp\/v2\/media?parent=616493"}],"wp:term":[{"taxonomy":"category","embeddable":true,"href":"https:\/\/www.europesays.com\/fr\/wp-json\/wp\/v2\/categories?post=616493"},{"taxonomy":"post_tag","embeddable":true,"href":"https:\/\/www.europesays.com\/fr\/wp-json\/wp\/v2\/tags?post=616493"}],"curies":[{"name":"wp","href":"https:\/\/api.w.org\/{rel}","templated":true}]}}