{"id":616497,"date":"2025-12-22T20:26:14","date_gmt":"2025-12-22T20:26:14","guid":{"rendered":"https:\/\/www.europesays.com\/fr\/616497\/"},"modified":"2025-12-22T20:26:14","modified_gmt":"2025-12-22T20:26:14","slug":"deces-de-la-comedienne-monique-tarbes-figure-du-theatre-et-du-cinema-des-annees-1970-actualites","status":"publish","type":"post","link":"https:\/\/www.europesays.com\/fr\/616497\/","title":{"rendered":"D\u00e9c\u00e8s de la com\u00e9dienne Monique Tarb\u00e8s, figure du th\u00e9\u00e2tre et du cin\u00e9ma des ann\u00e9es 1970 : Actualit\u00e9s"},"content":{"rendered":"<p class=\"lead \">La com\u00e9dienne et chanteuse Monique Tarb\u00e8s, figure populaire du th\u00e9\u00e2tre et du cin\u00e9ma des ann\u00e9es 1960 \u00e0 1980, est d\u00e9c\u00e9d\u00e9e le 8 d\u00e9cembre \u00e0 l&rsquo;\u00e2ge de 91 ans, \u00e0 Villeveyrac (H\u00e9rault), a annonc\u00e9 lundi \u00e0 l&rsquo;AFP son fils Baptiste Chapuisat.<\/p>\n<p class=\"lead \">\u00ab\u00a0Joyeuse et authentique\u00a0\u00bb, elle \u00ab\u00a0laisse le souvenir d&rsquo;une artiste attachante et spontan\u00e9e, dont la gouaille et la voix unique ont marqu\u00e9 plusieurs g\u00e9n\u00e9rations de spectateurs\u00a0\u00bb, a comment\u00e9 la ministre de la Culture Rachida Dati dans un communiqu\u00e9 lui rendant hommage.<\/p>\n<p class=\"lead \">Actrice populaire sur le petit et le grand \u00e9cran, elle avait d\u00e9but\u00e9 sa carri\u00e8re \u00e0 la fin des ann\u00e9es 1950 en encha\u00eenant les seconds r\u00f4les au cin\u00e9ma, notamment dans \u00ab\u00a0La Bonne occase\u00a0\u00bb de Michel Drach, \u00ab\u00a0Le Magnifique\u00a0\u00bb de Philippe de Broca au c\u00f4t\u00e9 de Jean-Paul Belmondo, \u00ab\u00a0Tendre poulet\u00a0\u00bb du m\u00eame r\u00e9alisateur, \u00ab\u00a0L&rsquo;Ann\u00e9e sainte\u00a0\u00bb de Jean Girault ou encore \u00ab\u00a0Le T\u00e9l\u00e9phone sonne toujours deux fois\u00a0\u00bb de Jean-Pierre Vergne.<\/p>\n<p class=\"lead \">Pour la t\u00e9l\u00e9vision, Monique Tarb\u00e8s a jou\u00e9 dans les s\u00e9ries \u00ab\u00a0Rocambole\u00a0\u00bb, \u00ab\u00a0Ars\u00e8ne Lupin\u00a0\u00bb, \u00ab\u00a0Messieurs les jur\u00e9s\u00a0\u00bb, \u00ab\u00a0Les Brigades du Tigre\u00a0\u00bb, \u00ab\u00a01 rue S\u00e9same\u00a0\u00bb, \u00ab\u00a0Marc et Sophie\u00a0\u00bb et \u00ab\u00a0Une Femme d&rsquo;honneur\u00a0\u00bb.<\/p>\n<p class=\"lead \">\u00ab\u00a0Elle avait \u00e9galement pr\u00eat\u00e9 sa voix espi\u00e8gle aux +Rebuts de presse+ de l&rsquo;\u00e9mission Droit de r\u00e9ponse de Michel Polac, s\u00e9quence satirique qui avait conquis le public\u00a0\u00bb, a indiqu\u00e9 la ministre dans son communiqu\u00e9.<\/p>\n<p class=\"lead \">La com\u00e9dienne a \u00e9t\u00e9 aussi \u00e0 l&rsquo;affiche de nombreuses pi\u00e8ces, dont certaines ont \u00e9t\u00e9 diffus\u00e9es lors de l&rsquo;\u00e9mission \u00ab\u00a0Au Th\u00e9\u00e2tre ce soir\u00a0\u00bb, comme \u00ab\u00a0Le Don d&rsquo;Ad\u00e8le\u00a0\u00bb avec Maria Pac\u00f4me. <\/p>\n<p class=\"lead \">Parmi les \u00e9l\u00e8ves de l&rsquo;\u00e9mission musicale du Petit conservatoire de la chanson de Mireille, Monique Tarb\u00e8s \u00e9tait \u00e9galement chanteuse et a enregistr\u00e9 plusieurs disques.<\/p>\n<p class=\"small font-weight-bold text-gray3 \"> publi\u00e9 le 22 d\u00e9cembre \u00e0 19h09, AFP<\/p>\n<p>                             Partager<\/p>\n","protected":false},"excerpt":{"rendered":"La com\u00e9dienne et chanteuse Monique Tarb\u00e8s, figure populaire du th\u00e9\u00e2tre et du cin\u00e9ma des ann\u00e9es 1960 \u00e0 1980,&hellip;\n","protected":false},"author":2,"featured_media":616498,"comment_status":"","ping_status":"","sticky":false,"template":"","format":"standard","meta":{"footnotes":""},"categories":[1359],"tags":[1971,1972,58,59,1011,27,973,20762],"class_list":{"0":"post-616497","1":"post","2":"type-post","3":"status-publish","4":"format-standard","5":"has-post-thumbnail","7":"category-people","8":"tag-clbrits","9":"tag-cinma","10":"tag-divertissement","11":"tag-entertainment","12":"tag-fr","13":"tag-france","14":"tag-people","15":"tag-thtre"},"share_on_mastodon":{"url":"https:\/\/pubeurope.com\/@fr\/115765103166885860","error":""},"_links":{"self":[{"href":"https:\/\/www.europesays.com\/fr\/wp-json\/wp\/v2\/posts\/616497","targetHints":{"allow":["GET"]}}],"collection":[{"href":"https:\/\/www.europesays.com\/fr\/wp-json\/wp\/v2\/posts"}],"about":[{"href":"https:\/\/www.europesays.com\/fr\/wp-json\/wp\/v2\/types\/post"}],"author":[{"embeddable":true,"href":"https:\/\/www.europesays.com\/fr\/wp-json\/wp\/v2\/users\/2"}],"replies":[{"embeddable":true,"href":"https:\/\/www.europesays.com\/fr\/wp-json\/wp\/v2\/comments?post=616497"}],"version-history":[{"count":0,"href":"https:\/\/www.europesays.com\/fr\/wp-json\/wp\/v2\/posts\/616497\/revisions"}],"wp:featuredmedia":[{"embeddable":true,"href":"https:\/\/www.europesays.com\/fr\/wp-json\/wp\/v2\/media\/616498"}],"wp:attachment":[{"href":"https:\/\/www.europesays.com\/fr\/wp-json\/wp\/v2\/media?parent=616497"}],"wp:term":[{"taxonomy":"category","embeddable":true,"href":"https:\/\/www.europesays.com\/fr\/wp-json\/wp\/v2\/categories?post=616497"},{"taxonomy":"post_tag","embeddable":true,"href":"https:\/\/www.europesays.com\/fr\/wp-json\/wp\/v2\/tags?post=616497"}],"curies":[{"name":"wp","href":"https:\/\/api.w.org\/{rel}","templated":true}]}}