{"id":616499,"date":"2025-12-22T20:27:17","date_gmt":"2025-12-22T20:27:17","guid":{"rendered":"https:\/\/www.europesays.com\/fr\/616499\/"},"modified":"2025-12-22T20:27:17","modified_gmt":"2025-12-22T20:27:17","slug":"eric-lartiste-sdf-de-la-foret-de-fontainebleau-a-vendu-ses-premiers-tableaux","status":"publish","type":"post","link":"https:\/\/www.europesays.com\/fr\/616499\/","title":{"rendered":"\u00c9ric, l&rsquo;artiste SDF de la for\u00eat de Fontainebleau a vendu ses premiers tableaux"},"content":{"rendered":"<p>                    Par<br \/>\n        <strong><br \/>\n            <a href=\"https:\/\/actu.fr\/auteur\/julien-vancaeyseele\" title=\"Consulter tous les articles de Julien Van Caeyseele\" target=\"_blank\" rel=\"noopener\">Julien Van Caeyseele<\/a><br \/>\n                    <\/strong><\/p>\n<p>        Publi\u00e9 le<\/p>\n<p>            22 d\u00e9c. 2025 \u00e0 17h56        <\/p>\n<p>\u00ab Je ne vais quand m\u00eame pas vendre des peintures\u2026 \u00bb, assurait-il modestement, lors de notre premi\u00e8re rencontre, pr\u00e8s de sa tente. Force est de constater qu\u2019il s\u2019\u00e9tait tromp\u00e9. <a href=\"https:\/\/actu.fr\/ile-de-france\/fontainebleau_77186\/je-ne-me-plains-pas-apres-10-ans-de-vie-en-foret-de-fontainebleau-eric-reve-dun-vrai-logement_63544421.html\" target=\"_blank\" rel=\"noopener\">\u00c9ric, un sans-abri de 58 ans<\/a>, qui vit en <a href=\"https:\/\/actu.fr\/tag\/foret-de-fontainebleau\" target=\"_blank\" rel=\"noopener\">for\u00eat de Fontainebleau<\/a> (<b>Seine-et-Marne<\/b>) depuis 10 ans, a r\u00e9alis\u00e9 sa premi\u00e8re exposition artistique, samedi 6 d\u00e9cembre 2025, \u00e0 l\u2019invitation de l\u2019antenne de la<a href=\"https:\/\/www.croix-rouge.fr\/unite-locale-de-moret-loing-et-orvanne\" target=\"_blank\" rel=\"noopener\"> Croix-Rouge de Moret<\/a> et de celle <a href=\"https:\/\/www.croix-rouge.fr\/unite-locale-de-fontainebleau\" target=\"_blank\" rel=\"noopener\">de Fontainebleau.<\/a> Et gr\u00e2ce \u00e0 ce coup de projecteur : il a vendu pas moins de <b>huit tableaux<\/b> !<\/p>\n<p>\u00ab\u00a0\u00c7a donne un peu d\u2019espoir\u00a0\u00bb<\/p>\n<p class=\" wall-content\">\u00abC\u2019est plut\u00f4t bien, \u00e7a montre que ce que je fais est aussi appr\u00e9ci\u00e9 par d\u2019autres, sourit-il. \u00c7a met en valeur mon travail et vu ma situation, c\u2019est s\u00fbr que \u00e7a me donne un peu d\u2019espoir. \u00bb Car cet ancien peintre en b\u00e2timent, d\u00e9sormais artiste peintre autodidacte, passe de nombreuses heures par jour \u00e0 peindre dans sa tente. Des corps de femmes en mouvement, toujours tr\u00e8s color\u00e9s.<\/p>\n<p class=\" wall-content\">\u00ab Si \u00e7a fait plaisir \u00e0 des gens d\u2019avoir mes tableaux, c\u2019est tout ce qui compte, <a href=\"https:\/\/actu.fr\/ile-de-france\/fontainebleau_77186\/quand-on-veut-faire-peur-aux-gens-la-peinture-de-rubens-vendue-a-versailles-va-quitter-la-france_63510794.html\" target=\"_blank\" rel=\"noopener\">mais je ne suis pas van Gogh<\/a> et je ne vais pas dans l\u2019id\u00e9e de r\u00e9ussir \u00e0 en vivre\u2026 \u00bb, poursuit-il. Le peintre n\u00e9erlandais est d\u2019ailleurs l\u2019un des artistes pr\u00e9f\u00e9r\u00e9s d\u2019Eric : \u00ab C\u2019est en hommage \u00e0 lui que je mets autant de couleurs dans mes tableaux. Je l\u2019admire beaucoup, comme<b> Gustav Klimt<\/b>. \u00bb<\/p>\n<p>    <img   decoding=\"async\" loading=\"lazy\" class=\"size-large\" src=\"https:\/\/www.europesays.com\/fr\/wp-content\/uploads\/2025\/12\/9c8d5a5bb2496f09d5a5bb249d49d5v-960x640.jpg\" alt=\"L'antenne de Moret de La Croix-Rouge a organis\u00e9 la premi\u00e8re Expo d'Eric, samedi 6 d\u00e9cembre, au centre d'activit\u00e9 culturel de Moret-Loing-et-Orvanne\" width=\"960\" height=\"640\"\/><br \/>\n    En janvier, il devrait encore exposer ses peintures lors d\u2019un d\u00e9fil\u00e9 solidaire \u00a9Photo transmise \u00e0 La RSM77<\/p>\n<p class=\" wall-content\">Dans sa tente, il peint quasiment tous les jours et peut passer jusqu\u2019\u00e0 trois jours cons\u00e9cutifs sur un m\u00eame tableau. Discr\u00e9tion de l\u2019artiste oblige pour ses acheteurs, le montant des transactions restera confidentiel. Mais l\u2019essentiel est ailleurs. \u00ab Ce genre d\u2019\u00e9v\u00e9nement permet aussi de relever ces personnes, de leur redonner confiance, de les sortir du quotidien et de montrer que son travail int\u00e9resse \u00bb, explique <b>C\u00e9line Sulon<\/b>, vice-pr\u00e9sidente de l\u2019unit\u00e9 locale de la Croix-Rouge de Moret et <b>cheffe d\u2019\u00e9quipage maraude<\/b>, pour le secteur de Fontainebleau.<\/p>\n<p>Votre r\u00e9gion, votre actu !<\/p>\n<p>Recevez chaque jour les infos qui comptent pour vous.<\/p>\n<p>\t<a href=\"https:\/\/actu.fr\/newsletter\" class=\"ac-btn ac-btn--corner ac-btn--medium ac-btn--blue800\" target=\"_blank\" rel=\"noopener\">S&rsquo;incrire<\/a><br \/>\n\u00ab Les pieds au sec \u00bb<\/p>\n<p class=\" wall-content\">\u00ab \u00c0 chaque fois que je le rencontrais, je le voyais toujours dessiner et un jour j\u2019ai commenc\u00e9 \u00e0 lui en parler, se souvient-elle. Il a un vrai potentiel artistique, une approche tr\u00e8s int\u00e9ressante. Bien s\u00fbr que l\u2019argent est important, mais cet \u00e9v\u00e9nement a surtout permis de valoriser son travail, d\u2019ouvrir des perspectives. \u00bb Il a d\u00e9j\u00e0 une id\u00e9e des d\u00e9penses qu\u2019il va r\u00e9aliser gr\u00e2ce \u00e0 l\u2019argent qu\u2019il a gagn\u00e9 gr\u00e2ce \u00e0 la vente de ses toiles : \u00a0\u00bb Je vais pouvoir manger correctement, des v\u00eatements plus chauds pour l\u2019hiver et surtout des nouvelles chaussures : c\u2019est important d\u2019avoir les pieds au sec. \u00ab\u00a0<\/p>\n<p>    <img   decoding=\"async\" loading=\"lazy\" class=\"size-large\" src=\"https:\/\/www.europesays.com\/fr\/wp-content\/uploads\/2025\/12\/1d921ce02549601a21ce02549d4a21v-960x640.jpg\" alt=\"Dans sa tente, Eric passe plusieurs heures par jour \u00e0 peindre\" width=\"960\" height=\"640\"\/><br \/>\n    Dans sa tente, Eric passe plusieurs heures par jour \u00e0 peindre \u00a9JVC\/RSM77<\/p>\n<p class=\" wall-content\">\u00a0Il devrait participer \u00e0 une nouvelle exposition, samedi 17 janvier, \u00e0 la salle des associations de Veneux-les-Sablons, en marge d\u2019un d\u00e9fil\u00e9 solidaire, organis\u00e9 par la Croix-Rouge de Moret, qui multiplie les initiatives caritatives, en plus de sa boutique de seconde main, ouverte \u00e0 tous et dont les recettes b\u00e9n\u00e9ficient aux personnes les plus d\u00e9munies. En attendant, \u00c9ric esp\u00e8re toujours pouvoir acc\u00e9der \u00e0 un v\u00e9ritable logement, pour lui et Casper, son chat, mais sans quitter les environs de Fontainebleau.<\/p>\n<p>Renseignements : <a href=\"https:\/\/www.instagram.com\/croixrougemoret\/\" target=\"_blank\" rel=\"noopener\">croixrougemoret sur Instagram<\/a> et<a href=\"https:\/\/www.facebook.com\/profile.php?id=100089651799600\" target=\"_blank\" rel=\"noopener\"> Croix-Rouge Moret Sur Loing sur Facebook.<\/a><\/p>\n<p class=\" wall-content\">Personnalisez votre actualit\u00e9 en ajoutant vos villes et m\u00e9dias en favori avec <a href=\"https:\/\/moncompte.actu.fr\" title=\"D\u00e9couvez Mon Actu\" rel=\"nofollow noopener\" data-trk=\"{&quot;cta&quot;:{&quot;action&quot;:&quot;https:\\\/\\\/moncompte.actu.fr&quot;,&quot;category&quot;:&quot;mon compte&quot;,&quot;from&quot;:&quot;article footer&quot;,&quot;name&quot;:&quot;Mon actu&quot;,&quot;type&quot;:&quot;cta&quot;}}\" target=\"_blank\">Mon Actu<\/a>.<\/p>\n<p>                    <script async src=\"\/\/www.instagram.com\/embed.js\"><\/script><\/p>\n","protected":false},"excerpt":{"rendered":"Par Julien Van Caeyseele Publi\u00e9 le 22 d\u00e9c. 2025 \u00e0 17h56 \u00ab Je ne vais quand m\u00eame pas&hellip;\n","protected":false},"author":2,"featured_media":616500,"comment_status":"","ping_status":"","sticky":false,"template":"","format":"standard","meta":{"footnotes":""},"categories":[1358],"tags":[1348,1384,1385,1386,58,59,71803,1011,27,104,3400],"class_list":{"0":"post-616499","1":"post","2":"type-post","3":"status-publish","4":"format-standard","5":"has-post-thumbnail","7":"category-arts-et-design","8":"tag-arts","9":"tag-arts-and-design","10":"tag-arts-et-design","11":"tag-design","12":"tag-divertissement","13":"tag-entertainment","14":"tag-foret-de-fontainebleau","15":"tag-fr","16":"tag-france","17":"tag-societe","18":"tag-solidarite"},"share_on_mastodon":{"url":"https:\/\/pubeurope.com\/@fr\/115765107454190802","error":""},"_links":{"self":[{"href":"https:\/\/www.europesays.com\/fr\/wp-json\/wp\/v2\/posts\/616499","targetHints":{"allow":["GET"]}}],"collection":[{"href":"https:\/\/www.europesays.com\/fr\/wp-json\/wp\/v2\/posts"}],"about":[{"href":"https:\/\/www.europesays.com\/fr\/wp-json\/wp\/v2\/types\/post"}],"author":[{"embeddable":true,"href":"https:\/\/www.europesays.com\/fr\/wp-json\/wp\/v2\/users\/2"}],"replies":[{"embeddable":true,"href":"https:\/\/www.europesays.com\/fr\/wp-json\/wp\/v2\/comments?post=616499"}],"version-history":[{"count":0,"href":"https:\/\/www.europesays.com\/fr\/wp-json\/wp\/v2\/posts\/616499\/revisions"}],"wp:featuredmedia":[{"embeddable":true,"href":"https:\/\/www.europesays.com\/fr\/wp-json\/wp\/v2\/media\/616500"}],"wp:attachment":[{"href":"https:\/\/www.europesays.com\/fr\/wp-json\/wp\/v2\/media?parent=616499"}],"wp:term":[{"taxonomy":"category","embeddable":true,"href":"https:\/\/www.europesays.com\/fr\/wp-json\/wp\/v2\/categories?post=616499"},{"taxonomy":"post_tag","embeddable":true,"href":"https:\/\/www.europesays.com\/fr\/wp-json\/wp\/v2\/tags?post=616499"}],"curies":[{"name":"wp","href":"https:\/\/api.w.org\/{rel}","templated":true}]}}