{"id":616501,"date":"2025-12-22T20:29:15","date_gmt":"2025-12-22T20:29:15","guid":{"rendered":"https:\/\/www.europesays.com\/fr\/616501\/"},"modified":"2025-12-22T20:29:15","modified_gmt":"2025-12-22T20:29:15","slug":"le-casting-sagrandit-avec-deux-nouveaux-noms-pour-la-saison-francaise","status":"publish","type":"post","link":"https:\/\/www.europesays.com\/fr\/616501\/","title":{"rendered":"le casting s&rsquo;agrandit avec deux nouveaux noms pour la saison fran\u00e7aise"},"content":{"rendered":"<p><strong>Apr\u00e8s <a href=\"https:\/\/www.ecranlarge.com\/personnalite\/652720-helena-bonham-carter\" target=\"_blank\" rel=\"noopener\">Helena Bonham Carter<\/a>, de nouveaux com\u00e9diens rejoignent officiellement le casting de la tant attendue saison 4 de <a href=\"https:\/\/www.ecranlarge.com\/series\/1380906-white-lotus\" data-type=\"series\" data-id=\"696145\" target=\"_blank\" rel=\"noopener\">The White Lotus<\/a>. <\/strong><\/p>\n<p>Vu le succ\u00e8s raz-de-mar\u00e9e de <strong>The White Lotus<\/strong>, on se demande si les gouvernements du monde entier n\u2019envoient pas des bouquets de roses et des chocolats \u00e0 <a href=\"https:\/\/www.ecranlarge.com\/personnalite\/653889-mike-white-i\" target=\"_blank\" rel=\"noopener\">Mike White<\/a>\u00a0dans l\u2019espoir d\u2019\u00eatre le prochain \u00e0 accueillir les nouvelles m\u00e9saventures des touristes de sa s\u00e9rie. La France a visiblement \u00e9t\u00e9 la plus g\u00e9n\u00e9reuse en fleurs et sucreries en tout genre, puisque <strong>c\u2019est dans l\u2019Hexagone que se d\u00e9roulera la saison 4.<\/strong> O\u00f9 exactement ? Le myst\u00e8re reste entier, m\u00eame si les rumeurs \u00e9voquent une double intrigue entre Paris et Saint-Jean-Cap-Ferrat sur la C\u00f4te d\u2019Azur.<\/p>\n<p>                    <img decoding=\"async\" alt=\"\" class=\"wp-image-518375\" style=\"object-fit:cover;width:25px;height:25px\" src=\"https:\/\/www.ecranlarge.com\/content\/uploads\/2023\/09\/arrow-right-circle.svg\"\/><\/p>\n<p>Avant son arriv\u00e9e sur HBO, la grande question est bien s\u00fbr de savoir qui participera au casting. Chaque saison mettant en sc\u00e8ne, dans des p\u00e9rip\u00e9ties chorales, une g\u00e9n\u00e9reuse brochette de personnages interpr\u00e9t\u00e9s p\u00eale-m\u00eale par des inconnus et des stars de moyenne envergure. La premi\u00e8re actrice \u00e0 avoir \u00e9t\u00e9 annonc\u00e9e comme \u00e9tant en pourparlers pour un r\u00f4le majeur fut <strong inert=\"true\"><a href=\"https:\/\/www.ecranlarge.com\/personnalite\/652720-helena-bonham-carter\" target=\"_blank\" rel=\"noopener\">Helena Bonham Carter<\/a><\/strong> (<strong inert=\"true\">The Crown, Herry Potter<\/strong>). <strong inert=\"true\">On vient d\u2019apprendre deux nouveaux noms qui int\u00e8grent la famille The White Lotus. <\/strong><\/p>\n<p><a href=\"https:\/\/www.ecranlarge.com\/content\/uploads\/2022\/10\/the-white-lotus-photo-1454181.jpg\" target=\"_blank\" rel=\"noopener\"><img loading=\"lazy\" decoding=\"async\" alt=\"The White Lotus : photo\" class=\"wp-image-270797\" src=\"https:\/\/www.europesays.com\/fr\/wp-content\/uploads\/2025\/12\/the-white-lotus-photo-1454181-630x331.jpg\" width=\"630\" height=\"331\"  \/><\/a>Souleiado, collection printemps-\u00e9t\u00e9 2022LE LOTUS BLANC<\/p>\n<p>Annonc\u00e9s sur les r\u00e9seaux sociaux par la cha\u00eene HBO, <strong inert=\"true\">les deux nouveaux com\u00e9diens \u00e0 rejoindre la saison 4 sont <a href=\"https:\/\/www.ecranlarge.com\/personnalite\/708524-amanda-michalka\" data-type=\"people\" data-id=\"355309\" target=\"_blank\" rel=\"noopener\">Amanda \u00ab\u00a0AJ \u00bb Michalka<\/a>\u00a0et <a href=\"https:\/\/www.ecranlarge.com\/personnalite\/713493-alexander-ludwig\" data-type=\"people\" data-id=\"485\" target=\"_blank\" rel=\"noopener\">Alexander Ludwig<\/a><\/strong>. La premi\u00e8re est une chanteuse am\u00e9ricaine, membre du groupe Aly &amp; AJ, d\u00e9j\u00e0 apparue \u00e0 l\u2019\u00e9cran \u00e0 quelques reprises, dans <strong>Grace Unplugged<\/strong>, <strong inert=\"true\">Schooled <\/strong>ou <strong>Good Doctor<\/strong> notamment. <strong inert=\"true\">Alexander Ludwig<\/strong> est un acteur canadien d\u00e9j\u00e0 apparu dans <strong inert=\"true\">Hunger Games<\/strong> ou <strong inert=\"true\">Bad Boys Ride or Die<\/strong>, mais son r\u00f4le le plus identifi\u00e9 est sans doute celui de Bj\u00f6rn Ironside, le fils de Ragnar dans <strong inert=\"true\">Vikings<\/strong>.<\/p>\n<blockquote class=\"instagram-media\" data-instgrm-captioned=\"\" data-instgrm-permalink=\"https:\/\/www.instagram.com\/p\/DSdqqOZjeo-\/?utm_source=ig_embed&amp;utm_campaign=loading\" data-instgrm-version=\"14\" style=\" background:#FFF; border:0; border-radius:3px; box-shadow:0 0 1px 0 rgba(0,0,0,0.5),0 1px 10px 0 rgba(0,0,0,0.15); margin: 1px; max-width:540px; min-width:326px; padding:0; width:99.375%; width:-webkit-calc(100% - 2px); width:calc(100% - 2px);\"\/>\n<p>Des noms peu identifi\u00e9s donc, mais comme ce fut le cas pour Natasha Rothwell ou Haley Lu Richardson, <strong>la s\u00e9rie devrait offrir un coup de boost non n\u00e9gligeable \u00e0 leur carri\u00e8re.<\/strong> D\u2019autant qu\u2019ils donneront peut-\u00eatre la r\u00e9plique \u00e0 des stars bien plus c\u00e9l\u00e8bres. Certes, les vedettes des saisons pr\u00e9c\u00e9dentes n\u2019\u00e9taient pas d\u2019immenses c\u00e9l\u00e9brit\u00e9s (si connus soient-ils, Theo James et Aubrey Plaza ne sont pas Brad Pitt ou Scarlett Johansson). Mais une d\u00e9claration de Nicole Kidman faisant part de son int\u00e9r\u00eat pour un r\u00f4le dans le succ\u00e8s de HBO confirme que m\u00eame les poids lourds de l\u2019industrie observent d\u00e9sormais <strong>The White Lotus<\/strong> avec envie.<\/p>\n<p><a href=\"https:\/\/www.ecranlarge.com\/content\/uploads\/2022\/01\/the-white-lotus-photo-sydney-sweeney-brittany-ogrady-1415359.jpg\" target=\"_blank\" rel=\"noopener\"><img loading=\"lazy\" decoding=\"async\" alt=\"The White Lotus : Photo Sydney Sweeney, Brittany O'Grady\" class=\"wp-image-251864\" src=\"https:\/\/www.europesays.com\/fr\/wp-content\/uploads\/2025\/12\/the-white-lotus-photo-sydney-sweeney-brittany-ogrady-1415359-630x473.jpg\" width=\"630\" height=\"473\"  \/><\/a>La d\u00e9sormais star Sydney Sweeney \u00e9tait, \u00e0 l\u2019\u00e9poque de la s\u00e9rie, presque uniquement connue pour Euphoria<\/p>\n<p>D\u2019autres noms ne devraient pas tarder \u00e0 tomber et on attend surtout avec une grande curiosit\u00e9 ceux des com\u00e9diens fran\u00e7ais qui pourraient sans doute faire partie de l\u2019aventure (ne serait-ce que parmi les membres du personnel du Grand H\u00f4tel o\u00f9 se d\u00e9roulera l\u2019intrigue). On mettrait bien une petite pi\u00e8ce sur Camille Cottin de notre c\u00f4t\u00e9 (d\u2019autant plus qu\u2019elle a d\u00e9j\u00e0 une belle petite carri\u00e8re hollywoodienne sur son CV). <strong>Aucune date de sortie n\u2019est pour l\u2019instant annonc\u00e9e pour The White Lotus saison 4.<\/strong><\/p>\n<p>    <script async src=\"\/\/www.instagram.com\/embed.js\"><\/script><\/p>\n","protected":false},"excerpt":{"rendered":"Apr\u00e8s Helena Bonham Carter, de nouveaux com\u00e9diens rejoignent officiellement le casting de la tant attendue saison 4 de&hellip;\n","protected":false},"author":2,"featured_media":616502,"comment_status":"","ping_status":"","sticky":false,"template":"","format":"standard","meta":{"footnotes":""},"categories":[1356],"tags":[58,59,1011,27,252,1364],"class_list":{"0":"post-616501","1":"post","2":"type-post","3":"status-publish","4":"format-standard","5":"has-post-thumbnail","7":"category-television","8":"tag-divertissement","9":"tag-entertainment","10":"tag-fr","11":"tag-france","12":"tag-television","13":"tag-tv"},"share_on_mastodon":{"url":"https:\/\/pubeurope.com\/@fr\/115765116216056675","error":""},"_links":{"self":[{"href":"https:\/\/www.europesays.com\/fr\/wp-json\/wp\/v2\/posts\/616501","targetHints":{"allow":["GET"]}}],"collection":[{"href":"https:\/\/www.europesays.com\/fr\/wp-json\/wp\/v2\/posts"}],"about":[{"href":"https:\/\/www.europesays.com\/fr\/wp-json\/wp\/v2\/types\/post"}],"author":[{"embeddable":true,"href":"https:\/\/www.europesays.com\/fr\/wp-json\/wp\/v2\/users\/2"}],"replies":[{"embeddable":true,"href":"https:\/\/www.europesays.com\/fr\/wp-json\/wp\/v2\/comments?post=616501"}],"version-history":[{"count":0,"href":"https:\/\/www.europesays.com\/fr\/wp-json\/wp\/v2\/posts\/616501\/revisions"}],"wp:featuredmedia":[{"embeddable":true,"href":"https:\/\/www.europesays.com\/fr\/wp-json\/wp\/v2\/media\/616502"}],"wp:attachment":[{"href":"https:\/\/www.europesays.com\/fr\/wp-json\/wp\/v2\/media?parent=616501"}],"wp:term":[{"taxonomy":"category","embeddable":true,"href":"https:\/\/www.europesays.com\/fr\/wp-json\/wp\/v2\/categories?post=616501"},{"taxonomy":"post_tag","embeddable":true,"href":"https:\/\/www.europesays.com\/fr\/wp-json\/wp\/v2\/tags?post=616501"}],"curies":[{"name":"wp","href":"https:\/\/api.w.org\/{rel}","templated":true}]}}