{"id":616517,"date":"2025-12-22T20:37:14","date_gmt":"2025-12-22T20:37:14","guid":{"rendered":"https:\/\/www.europesays.com\/fr\/616517\/"},"modified":"2025-12-22T20:37:14","modified_gmt":"2025-12-22T20:37:14","slug":"une-voiture-fonce-dans-la-foule-aux-pays-bas-plusieurs-blesses-graves","status":"publish","type":"post","link":"https:\/\/www.europesays.com\/fr\/616517\/","title":{"rendered":"Une voiture fonce dans la foule aux Pays-Bas\u00a0: plusieurs bless\u00e9s graves"},"content":{"rendered":"<p class=\"ap-StoryElement ap-StoryElement--mb ap-StoryText\">Neuf personnes ont \u00e9t\u00e9 bless\u00e9es lundi soir \u00e0 Nunspeet, aux Pays-Bas, apr\u00e8s avoir \u00e9t\u00e9 percut\u00e9es par une voiture, a annonc\u00e9 la police. Trois d&rsquo;entre elles sont dans un \u00e9tat grave.<\/p>\n<p class=\"ap-StoryElement ap-StoryElement--mb ap-StoryText\">Les faits n&rsquo;ont pas \u00e9t\u00e9 commis de fa\u00e7on intentionnelle, selon les premiers \u00e9l\u00e9ments de l&rsquo;enqu\u00eate.<\/p>\n<p class=\"ap-StoryElement ap-StoryElement--mb ap-StoryText\">D&rsquo;apr\u00e8s la cha\u00eene publique n\u00e9erlandaise NOS, l&rsquo;incident s&rsquo;est produit sur l&rsquo;Elburgerweg o\u00f9 des spectateurs assistaient \u00e0 un d\u00e9fil\u00e9 annuel de lumi\u00e8res, avec des v\u00e9hicules d\u00e9cor\u00e9s.<\/p>\n","protected":false},"excerpt":{"rendered":"Neuf personnes ont \u00e9t\u00e9 bless\u00e9es lundi soir \u00e0 Nunspeet, aux Pays-Bas, apr\u00e8s avoir \u00e9t\u00e9 percut\u00e9es par une voiture,&hellip;\n","protected":false},"author":2,"featured_media":616518,"comment_status":"","ping_status":"","sticky":false,"template":"","format":"standard","meta":{"footnotes":""},"categories":[5],"tags":[11,1011,27,14,72718,12,72719,72720,28],"class_list":{"0":"post-616517","1":"post","2":"type-post","3":"status-publish","4":"format-standard","5":"has-post-thumbnail","7":"category-international","8":"tag-actualites","9":"tag-fr","10":"tag-france","11":"tag-international","12":"tag-nederland","13":"tag-news","14":"tag-ongevallen","15":"tag-politie","16":"tag-world"},"share_on_mastodon":{"url":"https:\/\/pubeurope.com\/@fr\/115765146072347589","error":""},"_links":{"self":[{"href":"https:\/\/www.europesays.com\/fr\/wp-json\/wp\/v2\/posts\/616517","targetHints":{"allow":["GET"]}}],"collection":[{"href":"https:\/\/www.europesays.com\/fr\/wp-json\/wp\/v2\/posts"}],"about":[{"href":"https:\/\/www.europesays.com\/fr\/wp-json\/wp\/v2\/types\/post"}],"author":[{"embeddable":true,"href":"https:\/\/www.europesays.com\/fr\/wp-json\/wp\/v2\/users\/2"}],"replies":[{"embeddable":true,"href":"https:\/\/www.europesays.com\/fr\/wp-json\/wp\/v2\/comments?post=616517"}],"version-history":[{"count":0,"href":"https:\/\/www.europesays.com\/fr\/wp-json\/wp\/v2\/posts\/616517\/revisions"}],"wp:featuredmedia":[{"embeddable":true,"href":"https:\/\/www.europesays.com\/fr\/wp-json\/wp\/v2\/media\/616518"}],"wp:attachment":[{"href":"https:\/\/www.europesays.com\/fr\/wp-json\/wp\/v2\/media?parent=616517"}],"wp:term":[{"taxonomy":"category","embeddable":true,"href":"https:\/\/www.europesays.com\/fr\/wp-json\/wp\/v2\/categories?post=616517"},{"taxonomy":"post_tag","embeddable":true,"href":"https:\/\/www.europesays.com\/fr\/wp-json\/wp\/v2\/tags?post=616517"}],"curies":[{"name":"wp","href":"https:\/\/api.w.org\/{rel}","templated":true}]}}