{"id":616526,"date":"2025-12-22T20:43:27","date_gmt":"2025-12-22T20:43:27","guid":{"rendered":"https:\/\/www.europesays.com\/fr\/616526\/"},"modified":"2025-12-22T20:43:27","modified_gmt":"2025-12-22T20:43:27","slug":"le-soir-ou-maxime-zianveni-a-colle-son-nombril-sur-le-nez-de-johan-petro","status":"publish","type":"post","link":"https:\/\/www.europesays.com\/fr\/616526\/","title":{"rendered":"le soir o\u00f9 Maxime Zianveni a coll\u00e9 son nombril sur le nez de Johan Petro"},"content":{"rendered":"<p>En soi, le SLUC Nancy &#8211; Pau-Orthez du 6 novembre 2004 \u00e9tait un match comme les autres. Une rencontre de championnat remport\u00e9e par le SLUC, 85 \u00e0 74. C\u2019est une action de jeu qui, en quelques secondes, a fait basculer ce match de Pro A dans la cat\u00e9gorie des moments m\u00e9morables, dont on parle encore au coin du parquet. Pour les amoureux du SLUC, en tout cas.<\/p>\n<p>Ce soir-l\u00e0, au beau milieu du corps \u00e0 corps entre les co\u00e9quipiers de l\u2019actuel s\u00e9lectionneur de l\u2019\u00e9quipe de France Fr\u00e9d\u00e9ric Fauthoux et la formation nanc\u00e9ienne dirig\u00e9e par Jean-Luc Monschau, un OVNI est pass\u00e9 dans le ciel de Gentilly. Sous les yeux des fans du SLUC et des t\u00e9l\u00e9spectateurs de feu TPS Star. Ce soir-l\u00e0, on a vu voler Maxime Zianveni\u00a0!<\/p>\n<p>  Le nombril sur le nez<\/p>\n<p>Ce n\u2019\u00e9tait \u00e9videmment pas la premi\u00e8re fois que celui que l\u2019on surnommait d\u00e9j\u00e0 \u00ab\u00a0Air Max\u00a0\u00bb (alors \u00e2g\u00e9 de 25 ans) prenait de l\u2019altitude pour \u00e9craser le ballon dans le cercle orange. Ces envol\u00e9es &#8211; tout sauf lyriques, pour le coup &#8211; sont m\u00eame rapidement devenues la marque de fabrique de cet athl\u00e8te hors-norme, qui avait d\u2019abord tap\u00e9 du pied avant de jouer avec les mains (il a commenc\u00e9 par le football, \u00e0 Richardm\u00e9nil et Jarville). D\u2019ailleurs, si on fait appel \u00e0 la m\u00e9moire de l\u2019int\u00e9ress\u00e9, le dunk en question n\u2019est pas celui qu\u2019il place sur la plus haute marche du podium de ses exploits a\u00e9riens. Mais rappelons les faits.<\/p>\n<p>Ce contenu est bloqu\u00e9 car vous n&rsquo;avez pas accept\u00e9 les cookies et autres traceurs.<\/p>\n<p>En cliquant sur \u00ab J\u2019accepte \u00bb, les cookies et autres traceurs seront d\u00e9pos\u00e9s et vous pourrez visualiser les contenus  (<a href=\"\" class=\"consentModule_policy\" target=\"_blank\" title=\"Consulter la politique de protection des donn\u00e9es du fournisseur\">plus d&rsquo;informations<\/a>).<\/p>\n<p>En cliquant sur \u00ab J\u2019accepte tous les cookies \u00bb, vous autorisez des d\u00e9p\u00f4ts de cookies et autres traceurs pour le stockage de vos donn\u00e9es sur nos sites et applications \u00e0 des fins de personnalisation et de ciblage publicitaire.<\/p>\n<p class=\"consentModule_secondaryText\">Vous gardez la possibilit\u00e9 de retirer votre consentement \u00e0 tout moment en consultant notre <a href=\"https:\/\/www.estrepublicain.fr\/protection-des-donnees\" target=\"_blank\" title=\"Consulter notre politique de protection des donn\u00e9es\" rel=\"noopener\">politique de protection des donn\u00e9es<\/a>. <br \/>&#13;<br \/>\n            <a href=\"https:\/\/www.estrepublicain.fr\/sport\/2025\/12\/22\/javascript:Didomi.notice.show()\" class=\"consentModule_cmp\" target=\"_blank\" rel=\"noopener\">G\u00e9rer mes choix<\/a>&#13;\n        <\/p>\n<p>&#13;<br \/>\n                        J&rsquo;accepte&#13;<br \/>\n            J&rsquo;accepte tous les cookies&#13;\n        <\/p>\n<p>Donc ce soir-l\u00e0, envoy\u00e9 au dunk par une passe du meneur am\u00e9ricain Maurice Bailey, Maxime Zianveni a pos\u00e9 son\u2026 nombril contre le nez d\u2019un certain Johan Petro, dont les 2,13m ont sembl\u00e9 bien ch\u00e9tifs face \u00e0 la d\u00e9tente de l\u2019int\u00e9rieur nanc\u00e9ien. \u00ab\u00a0Max\u00a0\u00bb aurait pu se contenter de cette forme d\u2019humiliation. Mais pour sc\u00e9nariser un peu plus le moment et mettre Gentilly en \u00e9bullition, il est all\u00e9 chambrer sa \u00ab\u00a0victime\u00a0\u00bb. T\u00eate contre t\u00eate, \u00e9change de coups d\u2019\u00e9paule\u2026 Les arbitres ont d\u00fb intervenir pour faire redescendre la temp\u00e9rature. \u00ab\u00a0Sinc\u00e8rement, je ne me souviens pas de ce que je lui ai dit\u00a0\u00bb, r\u00e9p\u00e8te Maxime Zianveni vingt ans plus tard. Dommage\u00a0!<\/p>\n<p>  \u00ab\u00a0Je pr\u00e9f\u00e8re celui face \u00e0 Campbell\u00a0\u00bb<\/p>\n<p>Les images de TPS Star ont fait le tour des plateformes vid\u00e9os (les r\u00e9seaux sociaux n\u2019en \u00e9taient qu\u2019aux balbutiements), o\u00f9 elles sont encore visibles, bien que particuli\u00e8rement d\u00e9grad\u00e9es. Un moment \u00e0 part dans la petite histoire du SLUC. \u00ab\u00a0Encore aujourd\u2019hui, les gens me parlent souvent de cette action\u00a0\u00bb, confirme l\u2019ancien adepte de la l\u00e9vitation, \u00ab\u00a0sans doute parce que c\u2019est l\u2019un de mes plus beaux dunks. Voir le plus beau. Peut-\u00eatre que je n\u2019\u00e9tais jamais mont\u00e9 aussi haut que ce soir-l\u00e0\u2026 Mais je pense aussi que ce dunk a marqu\u00e9 les gens parce que c\u2019\u00e9tait Johan Petro en face (Ndlr\u00a0: alors grand espoir du basket fran\u00e7ais, le pivot avait rejoint la NBA la saison suivante). Personnellement, je pr\u00e9f\u00e8re celui face \u00e0 Campbell, contre Le\u00a0Mans, en finale du championnat de France \u00e0 Bercy (Ndlr\u00a0: en 2006). Plus que le dunk en lui-m\u00eame, c\u2019est une question de contexte\u00a0: un gros dunk dans un match \u00e0 enjeu, devant 15.000 personnes\u2026\u00a0\u00bb. Chacun retiendra le dunk de son choix. Avec Maxime Zianveni, ce n\u2019est pas le choix qui manque.<\/p>\n<p>  La fiche technique<\/p>\n<p><strong>SLUC bat Pau-Orthez : 85-74.<\/strong><br \/>Palais des sports Jean-Weille. 5.700 spectateurs.<br \/><strong>Les marqueurs<\/strong><br \/><strong>SLUC :<\/strong> Bailey 17, McClintock 27, Zianveni 8, Videnov 12, Tapiro 4, Masingue 0, Hayes 7\u00a0; Kirksay 10.<br \/><strong>Pau-Orthez :<\/strong> Fauthoux 0, Chatman 17, D&rsquo;Almeida 0, Foirest 23, Drozdov 7, Marcelic 5, Rupert 0, Rahimic 9, Petro 0, Lux 11, Gadou 2.\u00a0 \u00a0<\/p>\n","protected":false},"excerpt":{"rendered":"En soi, le SLUC Nancy &#8211; Pau-Orthez du 6 novembre 2004 \u00e9tait un match comme les autres. Une&hellip;\n","protected":false},"author":2,"featured_media":616527,"comment_status":"","ping_status":"","sticky":false,"template":"","format":"standard","meta":{"footnotes":""},"categories":[9635],"tags":[1111,11,1791,1707,1704,1705,1777,674,107,1701,1011,27,775,1702,1703,12,25,11567,517,1700],"class_list":{"0":"post-616526","1":"post","2":"type-post","3":"status-publish","4":"format-standard","5":"has-post-thumbnail","7":"category-nancy","8":"tag-actu","9":"tag-actualites","10":"tag-basket-ball","11":"tag-edition-luneville","12":"tag-edition-nancy-et-agglomeration","13":"tag-edition-toul","14":"tag-eu","15":"tag-europe","16":"tag-fil-info","17":"tag-fil-info-sport","18":"tag-fr","19":"tag-france","20":"tag-grand-est","21":"tag-nancy","22":"tag-nancy-ville-54b","23":"tag-news","24":"tag-republique-francaise","25":"tag-sluc","26":"tag-sport","27":"tag-sport-lorrain"},"share_on_mastodon":{"url":"https:\/\/pubeurope.com\/@fr\/115765169509291099","error":""},"_links":{"self":[{"href":"https:\/\/www.europesays.com\/fr\/wp-json\/wp\/v2\/posts\/616526","targetHints":{"allow":["GET"]}}],"collection":[{"href":"https:\/\/www.europesays.com\/fr\/wp-json\/wp\/v2\/posts"}],"about":[{"href":"https:\/\/www.europesays.com\/fr\/wp-json\/wp\/v2\/types\/post"}],"author":[{"embeddable":true,"href":"https:\/\/www.europesays.com\/fr\/wp-json\/wp\/v2\/users\/2"}],"replies":[{"embeddable":true,"href":"https:\/\/www.europesays.com\/fr\/wp-json\/wp\/v2\/comments?post=616526"}],"version-history":[{"count":0,"href":"https:\/\/www.europesays.com\/fr\/wp-json\/wp\/v2\/posts\/616526\/revisions"}],"wp:featuredmedia":[{"embeddable":true,"href":"https:\/\/www.europesays.com\/fr\/wp-json\/wp\/v2\/media\/616527"}],"wp:attachment":[{"href":"https:\/\/www.europesays.com\/fr\/wp-json\/wp\/v2\/media?parent=616526"}],"wp:term":[{"taxonomy":"category","embeddable":true,"href":"https:\/\/www.europesays.com\/fr\/wp-json\/wp\/v2\/categories?post=616526"},{"taxonomy":"post_tag","embeddable":true,"href":"https:\/\/www.europesays.com\/fr\/wp-json\/wp\/v2\/tags?post=616526"}],"curies":[{"name":"wp","href":"https:\/\/api.w.org\/{rel}","templated":true}]}}