{"id":616529,"date":"2025-12-22T20:46:14","date_gmt":"2025-12-22T20:46:14","guid":{"rendered":"https:\/\/www.europesays.com\/fr\/616529\/"},"modified":"2025-12-22T20:46:14","modified_gmt":"2025-12-22T20:46:14","slug":"famille-albanaise-a-la-rue-avec-un-bebe-de-20-mois-a-montpellier-ni-viable-ni-decent-mais-nous-navons-aucune-solution-durgence","status":"publish","type":"post","link":"https:\/\/www.europesays.com\/fr\/616529\/","title":{"rendered":"Famille albanaise \u00e0 la rue avec un b\u00e9b\u00e9 de 20 mois\u00a0\u00e0 Montpellier\u00a0: \u00ab\u00a0ni viable, ni d\u00e9cent, mais nous n\u2019avons aucune solution d\u2019urgence\u00a0\u00bb"},"content":{"rendered":"<p>\n                                                                \u00c0 Montpellier, l\u2019inqui\u00e9tude persiste pour une famille albanaise avec quatre enfants, dont un b\u00e9b\u00e9, sans solution de logement un mois apr\u00e8s son arriv\u00e9e en France. Faute de place au 115, associations et b\u00e9n\u00e9voles se mobilisent pour pallier l\u2019urgence.\n                            <\/p>\n<p>\u00ab\u00a0La mobilisation continue, mais l\u2019incertitude demeure pour cette famille et pour beaucoup d\u2019autres \u00e0 Montpellier.\u00a0\u00bb L\u2019inqui\u00e9tude restait de mise, ce lundi 22\u00a0d\u00e9cembre, pour les associations qui se sont port\u00e9es au chevet d\u2019une famille albanaise, \u00e0 la rue depuis leur arriv\u00e9e en France il y a un mois. Le couple et leurs quatre enfants, dont un b\u00e9b\u00e9 de 20 mois, ont\u00a0d\u2019abord dormi sous une tente avant d\u2019\u00eatre h\u00e9berg\u00e9s dans des locaux associatifs, sur des matelas gonflables.<\/p>\n<p>Pas de place au 115<\/p>\n<p>\u00ab\u00a0Ce n\u2019est ni viable, ni d\u00e9cent, mais nous n\u2019avions aucune solution d\u2019urgence propos\u00e9e par les pouvoirs publics, que ce soit la Pr\u00e9fecture, le D\u00e9partement ou la Ville, explique Murielle Kosman, porte-parole de l\u2019association Un Toit Un Avenir. Le 115 nous r\u00e9pond qu\u2019il n\u2019y a pas de place, d\u2019autres structures indiquent qu\u2019ils ne sont pas prioritaires\u2026 Nous sommes tr\u00e8s inquiets pour leur sant\u00e9, et les enfants ne peuvent pas \u00eatre scolaris\u00e9s tant qu\u2019ils n\u2019ont pas un logement stable.\u00a0\u00bb<\/p>\n<p>La famille, qui a d\u00e9pos\u00e9 un dossier de demande d\u2019asile, a \u00e9t\u00e9 h\u00e9berg\u00e9e par un b\u00e9n\u00e9vole dans la nuit de dimanche \u00e0 lundi. Et ensuite\u00a0? \u00ab\u00a0La situation n\u2019est pas nouvelle (<a href=\"https:\/\/www.midilibre.fr\/2025\/10\/31\/cest-dur-de-dormir-a-la-rue-je-suis-seule-avec-mes-enfants-les-familles-expulsees-esperent-un-abri-au-chaud-a-montpellier-13025318.php\" target=\"_blank\" rel=\"noopener\">fin octobre, une dizaine de familles expuls\u00e9es d\u2019un squat avait camp\u00e9 devant l\u2019H\u00f4tel de ville pour alerter sur leur situation. Ils ont depuis \u00e9t\u00e9 relog\u00e9s par la Ville<\/a>.) Nous, associations, demandons que des b\u00e2timents vacants soient r\u00e9quisitionn\u00e9s pour cr\u00e9er de l\u2019habitat intercalaire. \u00c7a fonctionne ailleurs, pourquoi pas \u00e0 Montpellier\u00a0?\u00a0\u00bb<\/p>\n<p>Ce dimanche 21\u00a0d\u00e9cembre, Un Toit Un Avenir et\u00a0Solidarit\u00e9 partag\u00e9e se sont une nouvelle fois mobilis\u00e9s pour alerter les pouvoirs publics sur la situation de cette famille. Une solution, temporaire, s\u2019est dessin\u00e9e ce lundi dans la journ\u00e9e. Face aux intemp\u00e9ries et au placement du d\u00e9partement de l\u2019H\u00e9rault en vigilance orange, la municipalit\u00e9 a d\u00e9cid\u00e9 d\u2019ouvrir le gymnase Gambardella, dans le quartier Clemenceau, pour accueillir les personnes sans domicile fixe.<\/p>\n","protected":false},"excerpt":{"rendered":"\u00c0 Montpellier, l\u2019inqui\u00e9tude persiste pour une famille albanaise avec quatre enfants, dont un b\u00e9b\u00e9, sans solution de logement&hellip;\n","protected":false},"author":2,"featured_media":616530,"comment_status":"","ping_status":"","sticky":false,"template":"","format":"standard","meta":{"footnotes":""},"categories":[9599],"tags":[1111,11,1777,674,1011,27,7089,2208,12,2680,25,1857,1932],"class_list":{"0":"post-616529","1":"post","2":"type-post","3":"status-publish","4":"format-standard","5":"has-post-thumbnail","7":"category-montpellier","8":"tag-actu","9":"tag-actualites","10":"tag-eu","11":"tag-europe","12":"tag-fr","13":"tag-france","14":"tag-herault","15":"tag-montpellier","16":"tag-news","17":"tag-occitanie","18":"tag-republique-francaise","19":"tag-sociu00e9tu00e9","20":"tag-solidaritu00e9"},"share_on_mastodon":{"url":"https:\/\/pubeurope.com\/@fr\/115765181512418145","error":""},"_links":{"self":[{"href":"https:\/\/www.europesays.com\/fr\/wp-json\/wp\/v2\/posts\/616529","targetHints":{"allow":["GET"]}}],"collection":[{"href":"https:\/\/www.europesays.com\/fr\/wp-json\/wp\/v2\/posts"}],"about":[{"href":"https:\/\/www.europesays.com\/fr\/wp-json\/wp\/v2\/types\/post"}],"author":[{"embeddable":true,"href":"https:\/\/www.europesays.com\/fr\/wp-json\/wp\/v2\/users\/2"}],"replies":[{"embeddable":true,"href":"https:\/\/www.europesays.com\/fr\/wp-json\/wp\/v2\/comments?post=616529"}],"version-history":[{"count":0,"href":"https:\/\/www.europesays.com\/fr\/wp-json\/wp\/v2\/posts\/616529\/revisions"}],"wp:featuredmedia":[{"embeddable":true,"href":"https:\/\/www.europesays.com\/fr\/wp-json\/wp\/v2\/media\/616530"}],"wp:attachment":[{"href":"https:\/\/www.europesays.com\/fr\/wp-json\/wp\/v2\/media?parent=616529"}],"wp:term":[{"taxonomy":"category","embeddable":true,"href":"https:\/\/www.europesays.com\/fr\/wp-json\/wp\/v2\/categories?post=616529"},{"taxonomy":"post_tag","embeddable":true,"href":"https:\/\/www.europesays.com\/fr\/wp-json\/wp\/v2\/tags?post=616529"}],"curies":[{"name":"wp","href":"https:\/\/api.w.org\/{rel}","templated":true}]}}