{"id":616533,"date":"2025-12-22T20:49:18","date_gmt":"2025-12-22T20:49:18","guid":{"rendered":"https:\/\/www.europesays.com\/fr\/616533\/"},"modified":"2025-12-22T20:49:18","modified_gmt":"2025-12-22T20:49:18","slug":"un-gros-narcotrafiquant-normand-planque-au-maroc-a-ete-extrade-au-havre","status":"publish","type":"post","link":"https:\/\/www.europesays.com\/fr\/616533\/","title":{"rendered":"Un (gros) narcotrafiquant normand planqu\u00e9 au Maroc a \u00e9t\u00e9 extrad\u00e9 au Havre"},"content":{"rendered":"<p class=\"mb-4 text-lg md:leading-8 break-words\"><strong>fin de Partie &#8211; Pr\u00e8s de quatre ans apr\u00e8s l\u2019ouverture d\u2019une enqu\u00eate sur un r\u00e9seau d\u2019importation et vente de drogues dans l\u2019agglom\u00e9ration de Rouen, le chef pr\u00e9sum\u00e9 de l\u2019organisation criminelle, install\u00e9 au Maroc, a \u00e9t\u00e9 incarc\u00e9r\u00e9<\/strong><\/p>\n<p class=\"mb-4 text-lg md:leading-8 break-words\">L\u2019affaire n\u2019est pas toute jeune, l\u2019ouverture de l\u2019enqu\u00eate pr\u00e9liminaire remontant au mois de mars\u00a02022. Mais l\u2019instruction \u00e9tant toujours en cours, conduite par deux magistrats instructeurs de la JIRS de <a href=\"https:\/\/www.20minutes.fr\/lille\/?at_medium=RSS%20feed&amp;at_campaign=ynews&amp;utm_source=yahoo&amp;utm_medium=rss&amp;utm_campaign=news_feed&amp;utm_content=in_article_link\" rel=\"nofollow noopener\" target=\"_blank\" data-ylk=\"slk:Lille;elm:context_link;itc:0;sec:content-canvas\" class=\"link \">Lille<\/a>, le parquet n\u2019a pu communiquer que ce lundi sur les derni\u00e8res \u00e9volutions du dossier, \u00e0 savoir l\u2019interpellation et le placement en d\u00e9tention provisoire du chef pr\u00e9sum\u00e9 d\u2019un important r\u00e9seau de <a href=\"https:\/\/www.20minutes.fr\/dossier\/narcotrafiquants?at_medium=RSS%20feed&amp;at_campaign=ynews&amp;utm_source=yahoo&amp;utm_medium=rss&amp;utm_campaign=news_feed&amp;utm_content=in_article_link\" rel=\"nofollow noopener\" target=\"_blank\" data-ylk=\"slk:narcotrafic;elm:context_link;itc:0;sec:content-canvas\" class=\"link \">narcotrafic<\/a> normand.<\/p>\n<p class=\"mb-4 text-lg md:leading-8 break-words\">De l\u2019enqu\u00eate pr\u00e9liminaire conduite par le parquet de Rouen depuis mars\u00a02022, le dossier est devenu beaucoup plus cons\u00e9quent \u00e0 mesure que les investigations r\u00e9v\u00e9laient l\u2019ampleur du trafic. On parlait d\u00e9j\u00e0 de \u00ab\u00a0faits d\u2019importation et de revente de <a href=\"https:\/\/www.20minutes.fr\/dossier\/cannabis?at_medium=RSS%20feed&amp;at_campaign=ynews&amp;utm_source=yahoo&amp;utm_medium=rss&amp;utm_campaign=news_feed&amp;utm_content=in_article_link\" rel=\"nofollow noopener\" target=\"_blank\" data-ylk=\"slk:cannabis;elm:context_link;itc:0;sec:content-canvas\" class=\"link \">cannabis <\/a>et de coca\u00efne dans la r\u00e9gion rouennaise\u00a0\u00bb, mais la structure criminelle d\u00e9couverte ainsi que sa \u00ab\u00a0dimension internationale\u00a0\u00bb a n\u00e9cessit\u00e9 la saisie de la JIRS de Lille.<\/p>\n<p>Aid\u00e9s par des dockers corrompus<\/p>\n<p class=\"mb-4 text-lg md:leading-8 break-words\">Ce r\u00e9seau de narcotrafic rouennais avait mis en place un syst\u00e8me qui s\u2019appuyait \u00ab\u00a0notamment sur les informations et <a href=\"https:\/\/www.20minutes.fr\/justice\/3177987-20211121-dockers-port-havre-juges-trafic-drogues?at_medium=RSS%20feed&amp;at_campaign=ynews&amp;utm_source=yahoo&amp;utm_medium=rss&amp;utm_campaign=news_feed&amp;utm_content=in_article_link\" rel=\"nofollow noopener\" target=\"_blank\" data-ylk=\"slk:services de dockers;elm:context_link;itc:0;sec:content-canvas\" class=\"link \">services de dockers<\/a> pour les sorties de conteneurs des ports du\u00a0<a href=\"https:\/\/www.20minutes.fr\/dossier\/le_havre?at_medium=RSS%20feed&amp;at_campaign=ynews&amp;utm_source=yahoo&amp;utm_medium=rss&amp;utm_campaign=news_feed&amp;utm_content=in_article_link\" rel=\"nofollow noopener\" target=\"_blank\" data-ylk=\"slk:Havre\u00a0;elm:context_link;itc:0;sec:content-canvas\" class=\"link \">Havre\u00a0<\/a>\u00bb et de celui de \u00ab\u00a0Moulineaux\u00a0\u00bb, une commune proche de <a href=\"https:\/\/www.20minutes.fr\/dossier\/rouen?at_medium=RSS%20feed&amp;at_campaign=ynews&amp;utm_source=yahoo&amp;utm_medium=rss&amp;utm_campaign=news_feed&amp;utm_content=in_article_link\" rel=\"nofollow noopener\" target=\"_blank\" data-ylk=\"slk:Rouen;elm:context_link;itc:0;sec:content-canvas\" class=\"link \">Rouen<\/a>. Selon le parquet de Lille, le cannabis arrivait directement du Maroc et la coca\u00efne de Colombie.<\/p>\n<p class=\"mb-4 text-lg md:leading-8 break-words\">En juin\u00a02023, l\u2019enqu\u00eate a permis de \u00ab\u00a0saisir 183 kilogrammes de coca\u00efne dans un conteneur arriv\u00e9 sur le port du\u00a0Havre\u00a0\u00bb. Puis, en septembre de ma m\u00eame ann\u00e9e, \u00ab\u00a0plusieurs importations de coca\u00efne, selon le mode op\u00e9ratoire du drop off, \u00e9taient d\u00e9tect\u00e9es pour des quantit\u00e9s de 400 (&#8230;)<\/p>\n<p class=\"mb-4 text-lg md:leading-8 break-words\"><a href=\"https:\/\/www.20minutes.fr\/faits_divers\/faits-divers-lille\/4192835-20251222-gros-narcotrafiquant-normand-planque-maroc-extrade-havre?at_medium=RSS%20feed&amp;at_campaign=ynews&amp;utm_source=yahoo&amp;utm_medium=rss&amp;utm_campaign=news_feed&amp;utm_content=read_more_link&quot;\" rel=\"nofollow noopener\" target=\"_blank\" data-ylk=\"slk:Lire la suite sur 20minutes;elm:context_link;itc:0;sec:content-canvas\" class=\"link \">Lire la suite sur 20minutes<\/a><\/p>\n<p>\u00c0 lire aussi :<br \/><a href=\"https:\/\/www.20minutes.fr\/societe\/4190472-20251209-lutter-contre-narcotrafic-inspirant-antiterrorisme-edouard-philippe-veut-etat-urgence-narco?at_medium=RSS%20feed&amp;at_campaign=ynews&amp;utm_source=yahoo&amp;utm_medium=rss&amp;utm_campaign=news_feed&amp;utm_content=related_content_link\" rel=\"nofollow noopener\" target=\"_blank\" data-ylk=\"slk:Lutter contre le narcotrafic\u00a0: S\u2019inspirant de l\u2019antiterrorisme, \u00c9douard Philippe veut un \u00ab\u00a0\u00e9tat d\u2019urgence narco\u00a0\u00bb;elm:context_link;itc:0;sec:content-canvas\" class=\"link \">Lutter contre le narcotrafic\u00a0: S\u2019inspirant de l\u2019antiterrorisme, \u00c9douard Philippe veut un \u00ab\u00a0\u00e9tat d\u2019urgence narco\u00a0\u00bb<\/a><br \/><a href=\"https:\/\/www.20minutes.fr\/societe\/4186942-20251120-demande-quand-ca-va-arriver-magistrats-policiers-journalistes-inquietude-monte-face-narcotrafiquants?at_medium=RSS%20feed&amp;at_campaign=ynews&amp;utm_source=yahoo&amp;utm_medium=rss&amp;utm_campaign=news_feed&amp;utm_content=related_content_link\" rel=\"nofollow noopener\" target=\"_blank\" data-ylk=\"slk:\u00ab\u00a0On se demande quand \u00e7a va arriver\u00a0\u00bb\u2026 Magistrats, policiers, journalistes, l\u2019inqui\u00e9tude monte face aux narcotrafiquants;elm:context_link;itc:0;sec:content-canvas\" class=\"link \">\u00ab\u00a0On se demande quand \u00e7a va arriver\u00a0\u00bb\u2026 Magistrats, policiers, journalistes, l\u2019inqui\u00e9tude monte face aux narcotrafiquants<\/a><\/p>\n","protected":false},"excerpt":{"rendered":"fin de Partie &#8211; Pr\u00e8s de quatre ans apr\u00e8s l\u2019ouverture d\u2019une enqu\u00eate sur un r\u00e9seau d\u2019importation et vente&hellip;\n","protected":false},"author":2,"featured_media":616534,"comment_status":"","ping_status":"","sticky":false,"template":"","format":"standard","meta":{"footnotes":""},"categories":[9587],"tags":[1111,11,1777,674,4669,1011,27,51574,5741,2223,12,5161,25,9590],"class_list":{"0":"post-616533","1":"post","2":"type-post","3":"status-publish","4":"format-standard","5":"has-post-thumbnail","7":"category-rouen","8":"tag-actu","9":"tag-actualites","10":"tag-eu","11":"tag-europe","12":"tag-fin-de-partie","13":"tag-fr","14":"tag-france","15":"tag-lenquete","16":"tag-louverture","17":"tag-maroc","18":"tag-news","19":"tag-normandie","20":"tag-republique-francaise","21":"tag-rouen"},"share_on_mastodon":{"url":"https:\/\/pubeurope.com\/@fr\/115765193295727028","error":""},"_links":{"self":[{"href":"https:\/\/www.europesays.com\/fr\/wp-json\/wp\/v2\/posts\/616533","targetHints":{"allow":["GET"]}}],"collection":[{"href":"https:\/\/www.europesays.com\/fr\/wp-json\/wp\/v2\/posts"}],"about":[{"href":"https:\/\/www.europesays.com\/fr\/wp-json\/wp\/v2\/types\/post"}],"author":[{"embeddable":true,"href":"https:\/\/www.europesays.com\/fr\/wp-json\/wp\/v2\/users\/2"}],"replies":[{"embeddable":true,"href":"https:\/\/www.europesays.com\/fr\/wp-json\/wp\/v2\/comments?post=616533"}],"version-history":[{"count":0,"href":"https:\/\/www.europesays.com\/fr\/wp-json\/wp\/v2\/posts\/616533\/revisions"}],"wp:featuredmedia":[{"embeddable":true,"href":"https:\/\/www.europesays.com\/fr\/wp-json\/wp\/v2\/media\/616534"}],"wp:attachment":[{"href":"https:\/\/www.europesays.com\/fr\/wp-json\/wp\/v2\/media?parent=616533"}],"wp:term":[{"taxonomy":"category","embeddable":true,"href":"https:\/\/www.europesays.com\/fr\/wp-json\/wp\/v2\/categories?post=616533"},{"taxonomy":"post_tag","embeddable":true,"href":"https:\/\/www.europesays.com\/fr\/wp-json\/wp\/v2\/tags?post=616533"}],"curies":[{"name":"wp","href":"https:\/\/api.w.org\/{rel}","templated":true}]}}