{"id":616535,"date":"2025-12-22T20:50:32","date_gmt":"2025-12-22T20:50:32","guid":{"rendered":"https:\/\/www.europesays.com\/fr\/616535\/"},"modified":"2025-12-22T20:50:32","modified_gmt":"2025-12-22T20:50:32","slug":"les-agglos-les-plus-et-les-moins-dynamiques-en-isere","status":"publish","type":"post","link":"https:\/\/www.europesays.com\/fr\/616535\/","title":{"rendered":"les agglos les plus et les moins dynamiques en Is\u00e8re"},"content":{"rendered":"<p>Jeudi 18 d\u00e9cembre, l&rsquo;annonce de <a href=\"https:\/\/www.ledauphine.com\/societe\/2025\/12\/18\/grenoble-degringole-de-trois-places-au-classement-des-grandes-villes-de-france\" target=\"_blank\" rel=\"noopener\">la d\u00e9gringolade de la commune de Grenoble<\/a> dans le classement des plus grandes villes\u00a0au dernier recensement a beaucoup fait r\u00e9agir dans les commentaires et sur les r\u00e9seaux sociaux.\u00a0Une critique est particuli\u00e8rement revenue : comparer les agglom\u00e9rations enti\u00e8res plut\u00f4t que les villes serait tout de m\u00eame moins sensationnel.<\/p>\n<p>La hausse de la population de la M\u00e9tro\u00a0acc\u00e9l\u00e8re tr\u00e8s l\u00e9g\u00e8rement<\/p>\n<p>Et pour cause, sur la m\u00eame p\u00e9riode, la M\u00e9tro de Grenoble prise dans son ensemble a bien gagn\u00e9 des habitants\u00a0: de 444 533 en 2017 jusqu&rsquo;\u00e0 450 608 en 2023. Une hausse moyenne de la population de 0,23 % par an qui constitue m\u00eame une tr\u00e8s l\u00e9g\u00e8re acc\u00e9l\u00e9ration par rapport \u00e0 la p\u00e9riode 2012-2017 (0,21 % par an). La 13e agglom\u00e9ration de France conserve donc sa place dans le classement des intercommunalit\u00e9s fran\u00e7aises, m\u00eame si elle \u00e9tait onzi\u00e8me en 2012 (d\u00e9pass\u00e9e depuis par les dynamiques agglom\u00e9rations de Rennes et Montpellier).<\/p>\n<p>Quid des autres agglos ? Soixante-deuxi\u00e8me plus forte croissance des intercommunalit\u00e9s fran\u00e7aises, la tr\u00e8s dynamique Communaut\u00e9 de communes de Lyon Saint-Exup\u00e9ry en Dauphin\u00e9, au Nord du d\u00e9partement, est au sommet du podium d\u00e9partemental.\u00a0La zone de Charvieu-Chavagneux est ainsi pass\u00e9e de 27944 \u00e0 30293 habitants entre 2017 et 2023. Une hausse de 1,35 % par an en moyenne.<\/p>\n<p>Elle est suivie de pr\u00e8s par deux autres agglos tourn\u00e9es vers Lyon\u00a0: Vienne-Condrieu, 1,15 % de croissance moyenne par an, pass\u00e9e de 89522 habitants \u00e0 95866, et Bourgoin-Jallieu (Portes de l&rsquo;Is\u00e8re), +0,94 % par an.<\/p>\n<p>L&rsquo;Oisans dans le top 5 France des territoires perdant des habitants<\/p>\n<p>A l&rsquo;autre bout du spectre, la communaut\u00e9 de communes de l&rsquo;Oisans, qui inclut des communes comme Huez, le Bourg-d&rsquo;Oisans ou Les Deux Alpes, a perdu en moyenne 1,23 % de sa population chaque ann\u00e9e. C&rsquo;est la cinqui\u00e8me intercommunalit\u00e9 la plus en baisse de France, pass\u00e9e sous la barre des 10 000 habitants (de 10 701 en 2017 \u00e0 9938 en 2023). C&rsquo;est la seule intercommunalit\u00e9 du d\u00e9partement \u00e0 perdre des habitants.\u00a0<\/p>\n<p class=\"componentDescription\">Et dans votre intercommunalit\u00e9 ?<\/p>\n<p>Cependant, si on se fie au classement ci-dessus, malgr\u00e9 cette hausse de la population en tr\u00e8s l\u00e9g\u00e8re acc\u00e9l\u00e9ration depuis 2012, Grenoble-Alpes-M\u00e9tropole reste la troisi\u00e8me intercommunalit\u00e9 la moins dynamique du d\u00e9partement si l&rsquo;on prend la hausse de la population comme crit\u00e8re.<\/p>\n","protected":false},"excerpt":{"rendered":"Jeudi 18 d\u00e9cembre, l&rsquo;annonce de la d\u00e9gringolade de la commune de Grenoble dans le classement des plus grandes&hellip;\n","protected":false},"author":2,"featured_media":616536,"comment_status":"","ping_status":"","sticky":false,"template":"","format":"standard","meta":{"footnotes":""},"categories":[9566],"tags":[1111,11,2430,12163,115,112,113,116,111,114,1777,674,107,1011,27,329,2731,108,12,25,104],"class_list":{"0":"post-616535","1":"post","2":"type-post","3":"status-publish","4":"format-standard","5":"has-post-thumbnail","7":"category-grenoble","8":"tag-actu","9":"tag-actualites","10":"tag-auvergne-rhone-alpes","11":"tag-data","12":"tag-edition-bourgoin-jallieu-nord-dauphine","13":"tag-edition-grenoble-agglomeration","14":"tag-edition-gresivaudan-oisans","15":"tag-edition-la-tour-du-pin-nord-dauphine","16":"tag-edition-vienne-roussillon","17":"tag-edition-voiron-saint-marcellin","18":"tag-eu","19":"tag-europe","20":"tag-fil-info","21":"tag-fr","22":"tag-france","23":"tag-france-monde","24":"tag-grenoble","25":"tag-isere","26":"tag-news","27":"tag-republique-francaise","28":"tag-societe"},"share_on_mastodon":{"url":"https:\/\/pubeurope.com\/@fr\/115765197212485529","error":""},"_links":{"self":[{"href":"https:\/\/www.europesays.com\/fr\/wp-json\/wp\/v2\/posts\/616535","targetHints":{"allow":["GET"]}}],"collection":[{"href":"https:\/\/www.europesays.com\/fr\/wp-json\/wp\/v2\/posts"}],"about":[{"href":"https:\/\/www.europesays.com\/fr\/wp-json\/wp\/v2\/types\/post"}],"author":[{"embeddable":true,"href":"https:\/\/www.europesays.com\/fr\/wp-json\/wp\/v2\/users\/2"}],"replies":[{"embeddable":true,"href":"https:\/\/www.europesays.com\/fr\/wp-json\/wp\/v2\/comments?post=616535"}],"version-history":[{"count":0,"href":"https:\/\/www.europesays.com\/fr\/wp-json\/wp\/v2\/posts\/616535\/revisions"}],"wp:featuredmedia":[{"embeddable":true,"href":"https:\/\/www.europesays.com\/fr\/wp-json\/wp\/v2\/media\/616536"}],"wp:attachment":[{"href":"https:\/\/www.europesays.com\/fr\/wp-json\/wp\/v2\/media?parent=616535"}],"wp:term":[{"taxonomy":"category","embeddable":true,"href":"https:\/\/www.europesays.com\/fr\/wp-json\/wp\/v2\/categories?post=616535"},{"taxonomy":"post_tag","embeddable":true,"href":"https:\/\/www.europesays.com\/fr\/wp-json\/wp\/v2\/tags?post=616535"}],"curies":[{"name":"wp","href":"https:\/\/api.w.org\/{rel}","templated":true}]}}