{"id":616538,"date":"2025-12-22T20:52:20","date_gmt":"2025-12-22T20:52:20","guid":{"rendered":"https:\/\/www.europesays.com\/fr\/616538\/"},"modified":"2025-12-22T20:52:20","modified_gmt":"2025-12-22T20:52:20","slug":"voici-ce-qui-est-interdit-dans-ces-communes-dille-et-vilaine-jusquen-janvier","status":"publish","type":"post","link":"https:\/\/www.europesays.com\/fr\/616538\/","title":{"rendered":"voici ce qui est interdit dans ces communes d&rsquo;Ille-et-Vilaine jusqu&rsquo;en janvier"},"content":{"rendered":"<p>                    Par<br \/>\n        <strong><br \/>\n            <a href=\"https:\/\/actu.fr\/auteur\/clemence-pays02-actu-fr\" title=\"Consulter tous les articles de Cl\u00e9mence Pays\" target=\"_blank\" rel=\"noopener\">Cl\u00e9mence Pays<\/a><br \/>\n                    <\/strong><\/p>\n<p>        Publi\u00e9 le<\/p>\n<p>            22 d\u00e9c. 2025 \u00e0 16h03        <\/p>\n<p>Comme chaque ann\u00e9e, \u00e0 l\u2019approche des f\u00eates de fin d\u2019ann\u00e9e, la pr\u00e9fecture d\u2019<a href=\"https:\/\/actu.fr\/bretagne\/ille-et-vilaine_35\" target=\"_blank\" rel=\"noopener\">Ille-et-Vilaine<\/a> prend un arr\u00eat\u00e9 afin de \u00ab\u2009pr\u00e9venir tout incident ou trouble \u00e0 l\u2019ordre public\u2009\u00bb.\u00a0Des <strong>mesures de restrictions<\/strong> sont effectives <strong>d\u00e8s ce lundi 22\u00a0d\u00e9cembre 2025 et jusqu\u2019au vendredi 2\u00a0janvier 2026,<\/strong> dans certaines communes de <a href=\"https:\/\/actu.fr\/rennes\/\" target=\"_blank\" rel=\"noopener\">Rennes M\u00e9tropole<\/a>, \u00e0 <a href=\"https:\/\/actu.fr\/bretagne\/dinard_35093\" target=\"_blank\" rel=\"noopener\">Dinard<\/a>, <a href=\"https:\/\/actu.fr\/la-chronique-republicaine\/\" target=\"_blank\" rel=\"noopener\">Foug\u00e8res<\/a>, <a href=\"https:\/\/actu.fr\/le-pays-malouin\/\" target=\"_blank\" rel=\"noopener\">Saint-Malo<\/a> et <a href=\"https:\/\/actu.fr\/le-journal-de-vitre\/\" target=\"_blank\" rel=\"noopener\">Vitr\u00e9<\/a>. Le point.<\/p>\n<p>Fus\u00e9e, p\u00e9tard, batterie\u2026<\/p>\n<p class=\" wall-content\"><strong>\u00ab\u2009L\u2019achat, la vente et la cession d\u2019artifices de divertissement<\/strong> et d\u2019<strong>articles pyrotechniques<\/strong> sont interdits aux particuliers\u2009\u00bb, dans les communes de Rennes M\u00e9tropole, Dinard, Foug\u00e8res, Saint-Malo et Vitr\u00e9.<\/p>\n<p class=\" wall-content\">Leur <strong>utilisation sur l\u2019espace public<\/strong> \u00ab\u2009ou en direction de celui-ci\u2009\u00bb est strictement interdite, \u00ab\u2009sauf motif l\u00e9gitime ou usage professionnel\u2009\u00bb, \u00e0 Bruz, Dinard, Foug\u00e8res, Rennes, Saint-Malo et Vitr\u00e9.<\/p>\n<blockquote class=\"ac-article-quote wall-content\">\n<p>Il est rappel\u00e9 que, conform\u00e9ment \u00e0 la r\u00e9glementation en vigueur, la vente au d\u00e9ballage d\u2019artifices de divertissement et d\u2019articles pyrotechniques est interdite. Par ailleurs, l\u2019importation de ces produits est soumise \u00e0 autorisation douani\u00e8re.<\/p>\n<p>    <strong>Pr\u00e9fecture d&rsquo;Ille-et-Vilaine<\/strong>\n            <\/p><\/blockquote>\n<p>Produits inflammables, corrosifs, explosifs<\/p>\n<p class=\" wall-content\">L\u2019achat, en commerce ou en station-service, de bouteilles ou de bidons contenant des <strong>produits chimiques, des substances ou des m\u00e9langes dangereux<\/strong> (inflammables, corrosifs ou explosifs), sous forme liquide, solide ou gazeuse, est soumis \u00e0 la pr\u00e9sentation d\u2019une <strong>pi\u00e8ce d\u2019identit\u00e9<\/strong> sur les communes de Rennes M\u00e9tropole, Dinard, Foug\u00e8res, Saint-Malo et Vitr\u00e9.<\/p>\n<p class=\" wall-content\"><strong>\u00ab\u2009L\u2019identit\u00e9 des acheteurs est inscrite sur un registre.<\/strong> La vente aux mineurs est strictement interdite.\u2009\u00bb<\/p>\n<p>Votre r\u00e9gion, votre actu !<\/p>\n<p>Recevez chaque jour les infos qui comptent pour vous.<\/p>\n<p>\t<a href=\"https:\/\/actu.fr\/newsletter\" class=\"ac-btn ac-btn--corner ac-btn--medium ac-btn--blue800\" target=\"_blank\" rel=\"noopener\">S&rsquo;incrire<\/a><\/p>\n<p class=\" wall-content\">\u00ab\u2009Le port et le transport de ces produits dangereux sont interdits, sans motif l\u00e9gitime\u2009\u00bb \u00e0 Bruz, Dinard, Foug\u00e8res, Rennes, Saint-Malo et Vitr\u00e9, poursuit la pr\u00e9fecture.<\/p>\n<p class=\" wall-content\">Personnalisez votre actualit\u00e9 en ajoutant vos villes et m\u00e9dias en favori avec <a href=\"https:\/\/moncompte.actu.fr\" title=\"D\u00e9couvez Mon Actu\" rel=\"nofollow noopener\" data-trk=\"{&quot;cta&quot;:{&quot;action&quot;:&quot;https:\\\/\\\/moncompte.actu.fr&quot;,&quot;category&quot;:&quot;mon compte&quot;,&quot;from&quot;:&quot;article footer&quot;,&quot;name&quot;:&quot;Mon actu&quot;,&quot;type&quot;:&quot;cta&quot;}}\" target=\"_blank\">Mon Actu<\/a>.<\/p>\n","protected":false},"excerpt":{"rendered":"Par Cl\u00e9mence Pays Publi\u00e9 le 22 d\u00e9c. 2025 \u00e0 16h03 Comme chaque ann\u00e9e, \u00e0 l\u2019approche des f\u00eates de&hellip;\n","protected":false},"author":2,"featured_media":616539,"comment_status":"","ping_status":"","sticky":false,"template":"","format":"standard","meta":{"footnotes":""},"categories":[2821],"tags":[1111,11,829,1777,674,1011,27,12,57084,57085,584,25,104],"class_list":{"0":"post-616538","1":"post","2":"type-post","3":"status-publish","4":"format-standard","5":"has-post-thumbnail","7":"category-rennes","8":"tag-actu","9":"tag-actualites","10":"tag-bretagne","11":"tag-eu","12":"tag-europe","13":"tag-fr","14":"tag-france","15":"tag-news","16":"tag-noel-a-rennes","17":"tag-nouvel-an-a-rennes","18":"tag-rennes","19":"tag-republique-francaise","20":"tag-societe"},"share_on_mastodon":{"url":"https:\/\/pubeurope.com\/@fr\/115765205083260598","error":""},"_links":{"self":[{"href":"https:\/\/www.europesays.com\/fr\/wp-json\/wp\/v2\/posts\/616538","targetHints":{"allow":["GET"]}}],"collection":[{"href":"https:\/\/www.europesays.com\/fr\/wp-json\/wp\/v2\/posts"}],"about":[{"href":"https:\/\/www.europesays.com\/fr\/wp-json\/wp\/v2\/types\/post"}],"author":[{"embeddable":true,"href":"https:\/\/www.europesays.com\/fr\/wp-json\/wp\/v2\/users\/2"}],"replies":[{"embeddable":true,"href":"https:\/\/www.europesays.com\/fr\/wp-json\/wp\/v2\/comments?post=616538"}],"version-history":[{"count":0,"href":"https:\/\/www.europesays.com\/fr\/wp-json\/wp\/v2\/posts\/616538\/revisions"}],"wp:featuredmedia":[{"embeddable":true,"href":"https:\/\/www.europesays.com\/fr\/wp-json\/wp\/v2\/media\/616539"}],"wp:attachment":[{"href":"https:\/\/www.europesays.com\/fr\/wp-json\/wp\/v2\/media?parent=616538"}],"wp:term":[{"taxonomy":"category","embeddable":true,"href":"https:\/\/www.europesays.com\/fr\/wp-json\/wp\/v2\/categories?post=616538"},{"taxonomy":"post_tag","embeddable":true,"href":"https:\/\/www.europesays.com\/fr\/wp-json\/wp\/v2\/tags?post=616538"}],"curies":[{"name":"wp","href":"https:\/\/api.w.org\/{rel}","templated":true}]}}