{"id":616540,"date":"2025-12-22T20:53:27","date_gmt":"2025-12-22T20:53:27","guid":{"rendered":"https:\/\/www.europesays.com\/fr\/616540\/"},"modified":"2025-12-22T20:53:27","modified_gmt":"2025-12-22T20:53:27","slug":"a-rennes-cette-association-propose-de-faire-danser-les-personnes-agees-isolees-pour-les-fetes-de-noel","status":"publish","type":"post","link":"https:\/\/www.europesays.com\/fr\/616540\/","title":{"rendered":"\u00c0 Rennes, cette association propose de faire danser les personnes \u00e2g\u00e9es isol\u00e9es pour les f\u00eates de No\u00ebl"},"content":{"rendered":"<p>                    Par<br \/>\n        <strong><br \/>\n            <a href=\"https:\/\/actu.fr\/auteur\/laurene-fertin\" title=\"Consulter tous les articles de Laur\u00e8ne Fertin\" target=\"_blank\" rel=\"noopener\">Laur\u00e8ne Fertin<\/a><br \/>\n                    <\/strong><\/p>\n<p>        Publi\u00e9 le<\/p>\n<p>            22 d\u00e9c. 2025 \u00e0 10h38        <\/p>\n<p>Aller <strong>\u00e0 la rencontre des autres<\/strong>\u00a0et passer <strong>un moment joyeux<\/strong>. C\u2019est sur cette note positive que l\u2019association Art\u00e9mon aborde les f\u00eates de No\u00ebl.<\/p>\n<p class=\" wall-content\">Mardi 23\u00a0d\u00e9cembre, <strong>d\u00e8s 14h<\/strong>, les b\u00e9n\u00e9voles proposent en effet de r\u00e9unir deux populations qui n\u2019ont pas l\u2019habitude de se c\u00f4toyer.<\/p>\n<p class=\" wall-content\">D\u2019une part, <strong>les personnes \u00e2g\u00e9es isol\u00e9es de Rennes<\/strong> et ses environs, mais \u00e9galement <strong>des familles et personnes exil\u00e9es<\/strong>.<\/p>\n<blockquote class=\"ac-article-quote wall-content\">\n<p>Ce No\u00ebl interculturel et interg\u00e9n\u00e9rationnel contribue \u2013 modestement \u2013 tant \u00e0 lutter contre les discriminations dont sont malheureusement souvent victimes les personnes exil\u00e9es qu\u2019\u00e0 inclure les personnes \u00e2g\u00e9es isol\u00e9es dans la cit\u00e9 pluraliste d\u2019aujourd\u2019hui.<\/p>\n<p>    <strong>Association Art\u00e9mon<\/strong>\n            <\/p><\/blockquote>\n<p class=\" wall-content\">L\u2019apr\u00e8s-midi sera ainsi consacr\u00e9e aux <strong>\u00e9changes<\/strong> mais \u00e9galement \u00e0 la f\u00eate pour <strong>danser, chanter<\/strong> et <strong>partager<\/strong> en pr\u00e9sence des b\u00e9n\u00e9voles et professionnels de l\u2019action sociale.<\/p>\n<p class=\" wall-content\">Ce \u00ab\u2009moment interg\u00e9n\u00e9rationnel et interculturel\u2009\u00bb est r\u00e9alis\u00e9 en partenariat avec <strong>le<\/strong> <strong>Secours catholique<\/strong>.<\/p>\n<p>Mardi 23\u00a0d\u00e9cembre, \u00e0 partir de 14h, dans les locaux de la D\u00e9l\u00e9gation d\u2019Ille-et-Vilaine du Secours catholique au 10, rue Louis-Guilloux \u00e0 Rennes.<\/p>\n<p class=\" wall-content\">Personnalisez votre actualit\u00e9 en ajoutant vos villes et m\u00e9dias en favori avec <a href=\"https:\/\/moncompte.actu.fr\" title=\"D\u00e9couvez Mon Actu\" rel=\"nofollow noopener\" data-trk=\"{&quot;cta&quot;:{&quot;action&quot;:&quot;https:\\\/\\\/moncompte.actu.fr&quot;,&quot;category&quot;:&quot;mon compte&quot;,&quot;from&quot;:&quot;article footer&quot;,&quot;name&quot;:&quot;Mon actu&quot;,&quot;type&quot;:&quot;cta&quot;}}\" target=\"_blank\">Mon Actu<\/a>.<\/p>\n","protected":false},"excerpt":{"rendered":"Par Laur\u00e8ne Fertin Publi\u00e9 le 22 d\u00e9c. 2025 \u00e0 10h38 Aller \u00e0 la rencontre des autres\u00a0et passer un&hellip;\n","protected":false},"author":2,"featured_media":616541,"comment_status":"","ping_status":"","sticky":false,"template":"","format":"standard","meta":{"footnotes":""},"categories":[2821],"tags":[1111,11,829,1777,674,1011,27,12,57084,584,25,104],"class_list":{"0":"post-616540","1":"post","2":"type-post","3":"status-publish","4":"format-standard","5":"has-post-thumbnail","7":"category-rennes","8":"tag-actu","9":"tag-actualites","10":"tag-bretagne","11":"tag-eu","12":"tag-europe","13":"tag-fr","14":"tag-france","15":"tag-news","16":"tag-noel-a-rennes","17":"tag-rennes","18":"tag-republique-francaise","19":"tag-societe"},"share_on_mastodon":{"url":"https:\/\/pubeurope.com\/@fr\/115765208887029665","error":""},"_links":{"self":[{"href":"https:\/\/www.europesays.com\/fr\/wp-json\/wp\/v2\/posts\/616540","targetHints":{"allow":["GET"]}}],"collection":[{"href":"https:\/\/www.europesays.com\/fr\/wp-json\/wp\/v2\/posts"}],"about":[{"href":"https:\/\/www.europesays.com\/fr\/wp-json\/wp\/v2\/types\/post"}],"author":[{"embeddable":true,"href":"https:\/\/www.europesays.com\/fr\/wp-json\/wp\/v2\/users\/2"}],"replies":[{"embeddable":true,"href":"https:\/\/www.europesays.com\/fr\/wp-json\/wp\/v2\/comments?post=616540"}],"version-history":[{"count":0,"href":"https:\/\/www.europesays.com\/fr\/wp-json\/wp\/v2\/posts\/616540\/revisions"}],"wp:featuredmedia":[{"embeddable":true,"href":"https:\/\/www.europesays.com\/fr\/wp-json\/wp\/v2\/media\/616541"}],"wp:attachment":[{"href":"https:\/\/www.europesays.com\/fr\/wp-json\/wp\/v2\/media?parent=616540"}],"wp:term":[{"taxonomy":"category","embeddable":true,"href":"https:\/\/www.europesays.com\/fr\/wp-json\/wp\/v2\/categories?post=616540"},{"taxonomy":"post_tag","embeddable":true,"href":"https:\/\/www.europesays.com\/fr\/wp-json\/wp\/v2\/tags?post=616540"}],"curies":[{"name":"wp","href":"https:\/\/api.w.org\/{rel}","templated":true}]}}